{"id":278350,"date":"2025-07-27T23:07:16","date_gmt":"2025-07-27T23:07:16","guid":{"rendered":"https:\/\/www.europesays.com\/fr\/278350\/"},"modified":"2025-07-27T23:07:16","modified_gmt":"2025-07-27T23:07:16","slug":"crash-dun-avion-de-ligne-russe-le-president-tebboune-presente-ses-condoleances-a-son-homologue-russe","status":"publish","type":"post","link":"https:\/\/www.europesays.com\/fr\/278350\/","title":{"rendered":"Crash d&rsquo;un avion de ligne russe : le pr\u00e9sident Tebboune pr\u00e9sente ses condol\u00e9ances \u00e0 son homologue russe"},"content":{"rendered":"<p>Le pr\u00e9sident de la R\u00e9publique, M. Abdelmadjid Tebboune, a adress\u00e9 un message de condol\u00e9ances \u00e0 son homologue russe, M. Vladimir Poutine, suite au crash d\u2019un avion de ligne russe dans la ville de Tynda, faisant 49 morts.<\/p>\n<p>\u00ab\u00a0Excellence Monsieur Vladimir Poutine, pr\u00e9sident de la F\u00e9d\u00e9ration de Russie, c\u2019est avec une grande tristesse et une profonde affliction que j\u2019ai appris le crash de l\u2019avion de ligne russe dans la ville de Tynda, qui a fait 49 morts\u00a0\u00bb, lit-on dans le message de condol\u00e9ances.<\/p>\n<p>\u00ab\u00a0En cette douloureuse \u00e9preuve, je tiens \u00e0 vous pr\u00e9senter, ainsi qu\u2019au peuple russe ami, et, \u00e0 travers vous, aux familles des victimes, au nom du peuple et du Gouvernement alg\u00e9riens et en mon nom personnel, mes sinc\u00e8res condol\u00e9ances, vous assurant de ma profonde compassion\u00a0\u00bb, a ajout\u00e9 le pr\u00e9sident de la R\u00e9publique.<\/p>\n<p>\u00ab\u00a0Tout en vous r\u00e9it\u00e9rant mes sinc\u00e8res condol\u00e9ances, veuillez agr\u00e9er, Monsieur le pr\u00e9sident, l\u2019expression de mes sentiments les plus respectueux\u00a0\u00bb, a-t-il conclu son message de condol\u00e9ances.<\/p>\n","protected":false},"excerpt":{"rendered":"Le pr\u00e9sident de la R\u00e9publique, M. Abdelmadjid Tebboune, a adress\u00e9 un message de condol\u00e9ances \u00e0 son homologue russe,&hellip;\n","protected":false},"author":2,"featured_media":278351,"comment_status":"","ping_status":"","sticky":false,"template":"","format":"standard","meta":{"footnotes":""},"categories":[1591],"tags":[11,41778,1887,41780,12,41779,1885,1886,132,135],"class_list":{"0":"post-278350","1":"post","2":"type-post","3":"status-publish","4":"format-standard","5":"has-post-thumbnail","7":"category-russie","8":"tag-actualites","9":"tag-crash-dun-avion-de-ligne","10":"tag-federation-de-russie","11":"tag-messages-de-condoleances","12":"tag-news","13":"tag-president-tebboune","14":"tag-russia","15":"tag-russian-federation","16":"tag-russie","17":"tag-vladimir-poutine"},"share_on_mastodon":{"url":"https:\/\/pubeurope.com\/@fr\/114927713968465847","error":""},"_links":{"self":[{"href":"https:\/\/www.europesays.com\/fr\/wp-json\/wp\/v2\/posts\/278350","targetHints":{"allow":["GET"]}}],"collection":[{"href":"https:\/\/www.europesays.com\/fr\/wp-json\/wp\/v2\/posts"}],"about":[{"href":"https:\/\/www.europesays.com\/fr\/wp-json\/wp\/v2\/types\/post"}],"author":[{"embeddable":true,"href":"https:\/\/www.europesays.com\/fr\/wp-json\/wp\/v2\/users\/2"}],"replies":[{"embeddable":true,"href":"https:\/\/www.europesays.com\/fr\/wp-json\/wp\/v2\/comments?post=278350"}],"version-history":[{"count":0,"href":"https:\/\/www.europesays.com\/fr\/wp-json\/wp\/v2\/posts\/278350\/revisions"}],"wp:featuredmedia":[{"embeddable":true,"href":"https:\/\/www.europesays.com\/fr\/wp-json\/wp\/v2\/media\/278351"}],"wp:attachment":[{"href":"https:\/\/www.europesays.com\/fr\/wp-json\/wp\/v2\/media?parent=278350"}],"wp:term":[{"taxonomy":"category","embeddable":true,"href":"https:\/\/www.europesays.com\/fr\/wp-json\/wp\/v2\/categories?post=278350"},{"taxonomy":"post_tag","embeddable":true,"href":"https:\/\/www.europesays.com\/fr\/wp-json\/wp\/v2\/tags?post=278350"}],"curies":[{"name":"wp","href":"https:\/\/api.w.org\/{rel}","templated":true}]}}