{"id":278352,"date":"2025-07-27T23:08:16","date_gmt":"2025-07-27T23:08:16","guid":{"rendered":"https:\/\/www.europesays.com\/fr\/278352\/"},"modified":"2025-07-27T23:08:16","modified_gmt":"2025-07-27T23:08:16","slug":"parade-navale-russe-annulee-et-renforcement-des-liens-entre-moscou-et-pyongyang-2","status":"publish","type":"post","link":"https:\/\/www.europesays.com\/fr\/278352\/","title":{"rendered":"Parade navale russe annul\u00e9e et renforcement des liens entre Moscou et Pyongyang"},"content":{"rendered":"<p>Vous avez rat\u00e9 les derniers \u00e9v\u00e9nements sur la <a href=\"https:\/\/www.20minutes.fr\/monde\/ukraine\/\" class=\"color-ultramarine c-link\" target=\"_blank\" rel=\"noopener\">guerre en Ukraine<\/a>\u00a0? 20 Minutes fait le point pour vous tous les soirs. Voici l\u2019essentiel de ce dimanche 27\u00a0juillet, 1.250e jour du conflit.<\/p>\n<p>Le fait du jour<\/p>\n<p>La <a href=\"https:\/\/www.20minutes.fr\/monde\/russie\/\" class=\"color-ultramarine c-link\" target=\"_blank\" rel=\"noopener\">Russie<\/a>, qui f\u00eatait ce dimanche la Journ\u00e9e de la Flotte russe, a<a href=\"https:\/\/www.20minutes.fr\/monde\/russie\/4165477-20250727-russie-grande-parade-navale-annuelle-annulee-raisons-securite\" target=\"_blank\" class=\"color-ultramarine c-link\" rel=\"noopener\"> annul\u00e9 une grande parade navale<\/a> pr\u00e9vue \u00e0 cette occasion pour des \u00ab\u00a0raisons de s\u00e9curit\u00e9\u00a0\u00bb, a annonc\u00e9 le Kremlin. Ce d\u00e9fil\u00e9, organis\u00e9 depuis\u00a02017 \u00e0 Saint-P\u00e9tersbourg, permet au pays d\u2019<a href=\"https:\/\/www.20minutes.fr\/monde\/ukraine\/4155656-20250527-guerre-ukraine-moscou-sites-petroliers-usines-jusqu-armee-ukrainienne-peut-frapper-russie\" target=\"_blank\" class=\"color-ultramarine c-link\" rel=\"noopener\">\u00e9taler sa puissance navale<\/a>. Des navires de surface et des sous-marins y participent.<\/p>\n<p>Le pr\u00e9sident russe, Vladimir Poutine, qui a assist\u00e9 en personne \u00e0 ce d\u00e9fil\u00e9 chaque ann\u00e9e, a f\u00e9licit\u00e9 la marine russe dans un message vid\u00e9o, saluant notamment l&rsquo; \u00ab\u00a0audace\u00a0\u00bb et l&rsquo; \u00ab\u00a0h\u00e9ro\u00efsme\u00a0\u00bb des <a href=\"https:\/\/www.20minutes.fr\/monde\/ukraine\/4148990-20250424-marge-ukraine-comment-russie-mene-europe-guerre-fonds-marins\" target=\"_blank\" class=\"color-ultramarine c-link\" rel=\"noopener\">marins russes participant \u00e0 l\u2019op\u00e9ration militaire en Ukraine<\/a>. Aucune explication pr\u00e9cise concernant cette annulation n\u2019a toutefois \u00e9t\u00e9 donn\u00e9e.<\/p>\n<p>La citation du jour<\/p>\n<blockquote class=\"mx-m@xs mx-xxl@md color-ultramarine c-citation\">\n<p class=\"font-weight-regular@xs text-italic font-source-serif-pro text-l@xs c-citation__content\">\u00ab\u00a0\u00ab\u00a0Nous avons partag\u00e9 la conviction que ce qui distingue aussi, aujourd\u2019hui, l\u2019Ukraine de la Russie, c\u2019est qu\u2019elle reste, malgr\u00e9 la guerre, une d\u00e9mocratie vibrante &#8211; et qu\u2019elle entend continuer \u00e0 progresser sur son chemin europ\u00e9en. Dans ce contexte, nous avons r\u00e9affirm\u00e9 l\u2019importance de la lutte contre la corruption\u00a0\u00bb &#8211; Emmanuel Macron\u00a0\u00bb<\/p>\n<\/blockquote>\n<p>Cette semaine, Volodymir Zelensky avait provoqu\u00e9 un toll\u00e9 avec une <a href=\"https:\/\/www.20minutes.fr\/monde\/ukraine\/4164931-20250723-guerre-ukraine-mise-sous-tutelle-institutions-anticorruption-acte-suicidaire-kiev\" target=\"_blank\" class=\"color-ultramarine c-link\" rel=\"noopener\">loi supprimant de fait l\u2019ind\u00e9pendance de deux organismes anticorruption<\/a> en les pla\u00e7ant sous l\u2019autorit\u00e9 directe du procureur g\u00e9n\u00e9ral, lui-m\u00eame subordonn\u00e9 \u00e0 l\u2019ex\u00e9cutif ukrainien. Les partenaires de l\u2019Ukraine, dont l\u2019Union europ\u00e9enne, ont donc rapidement manifest\u00e9 leurs pr\u00e9occupations. Face \u00e0 la controverse, <a href=\"https:\/\/www.20minutes.fr\/monde\/ukraine\/4163336-20250711-guerre-ukraine-france-principal-adversaire-moscou-paranoia-chez-oligarques\" target=\"_blank\" class=\"color-ultramarine c-link\" rel=\"noopener\">le pr\u00e9sident ukrainien a finalement recul\u00e9<\/a>, annon\u00e7ant ce jeudi qu\u2019il proposerait un nouveau projet de loi. Cette question fut l\u2019objet d\u2019un \u00e9change t\u00e9l\u00e9phonique entre Emmanuel Macron et Volodymir Zelensky dimanche matin.<\/p>\n<\/p>\n<p>La tendance du jour<\/p>\n<p>Nouvelle \u00e9tape du. Des liaisons a\u00e9riennes directes entre Moscou et Pyongyang se sont ouvertes ce dimanche. Jusqu\u2019ici, il n\u2019y avait pas de vols commerciaux directs entre les deux capitales, distantes de pr\u00e8s de 6.500 kilom\u00e8tres. Le minist\u00e8re russe des Transports a pr\u00e9cis\u00e9 que ces vols reliant les capitales russe et nord-cor\u00e9enne seraient effectu\u00e9s une fois par mois. Les liaisons ferroviaires entre Moscou et Pyongyang, interrompues en\u00a02020 en raison de la pand\u00e9mie de Covid-19, ont repris le 17\u00a0juin.<\/p>\n<p>La Russie et la Cor\u00e9e du Nord ont accru leur coop\u00e9ration militaire ces derni\u00e8res ann\u00e9es, les Nord-Cor\u00e9ens fournissant des armes et des troupes pour soutenir l\u2019assaut russe contre l\u2019Ukraine en cours depuis f\u00e9vrier\u00a02022. Les deux pays ont sign\u00e9 un accord de d\u00e9fense mutuelle \u00e0 l\u2019occasion d\u2019une visite du pr\u00e9sident russe Vladimir Poutine en Cor\u00e9e du Nord l\u2019an dernier.<\/p>\n","protected":false},"excerpt":{"rendered":"Vous avez rat\u00e9 les derniers \u00e9v\u00e9nements sur la guerre en Ukraine\u00a0? 20 Minutes fait le point pour vous&hellip;\n","protected":false},"author":2,"featured_media":278353,"comment_status":"","ping_status":"","sticky":false,"template":"","format":"standard","meta":{"footnotes":""},"categories":[1590],"tags":[47,11,1073,1777,674,131,74,12,132,220,135,134],"class_list":{"0":"post-278352","1":"post","2":"type-post","3":"status-publish","4":"format-standard","5":"has-post-thumbnail","7":"category-ukraine","8":"tag-actualite","9":"tag-actualites","10":"tag-emmanuel-macron","11":"tag-eu","12":"tag-europe","13":"tag-guerre-en-ukraine","14":"tag-monde","15":"tag-news","16":"tag-russie","17":"tag-ukraine","18":"tag-vladimir-poutine","19":"tag-volodymyr-zelensky"},"share_on_mastodon":{"url":"https:\/\/pubeurope.com\/@fr\/114927717826975823","error":""},"_links":{"self":[{"href":"https:\/\/www.europesays.com\/fr\/wp-json\/wp\/v2\/posts\/278352","targetHints":{"allow":["GET"]}}],"collection":[{"href":"https:\/\/www.europesays.com\/fr\/wp-json\/wp\/v2\/posts"}],"about":[{"href":"https:\/\/www.europesays.com\/fr\/wp-json\/wp\/v2\/types\/post"}],"author":[{"embeddable":true,"href":"https:\/\/www.europesays.com\/fr\/wp-json\/wp\/v2\/users\/2"}],"replies":[{"embeddable":true,"href":"https:\/\/www.europesays.com\/fr\/wp-json\/wp\/v2\/comments?post=278352"}],"version-history":[{"count":0,"href":"https:\/\/www.europesays.com\/fr\/wp-json\/wp\/v2\/posts\/278352\/revisions"}],"wp:featuredmedia":[{"embeddable":true,"href":"https:\/\/www.europesays.com\/fr\/wp-json\/wp\/v2\/media\/278353"}],"wp:attachment":[{"href":"https:\/\/www.europesays.com\/fr\/wp-json\/wp\/v2\/media?parent=278352"}],"wp:term":[{"taxonomy":"category","embeddable":true,"href":"https:\/\/www.europesays.com\/fr\/wp-json\/wp\/v2\/categories?post=278352"},{"taxonomy":"post_tag","embeddable":true,"href":"https:\/\/www.europesays.com\/fr\/wp-json\/wp\/v2\/tags?post=278352"}],"curies":[{"name":"wp","href":"https:\/\/api.w.org\/{rel}","templated":true}]}}