{"id":278354,"date":"2025-07-27T23:09:11","date_gmt":"2025-07-27T23:09:11","guid":{"rendered":"https:\/\/www.europesays.com\/fr\/278354\/"},"modified":"2025-07-27T23:09:11","modified_gmt":"2025-07-27T23:09:11","slug":"leurope-et-les-etats-unis-ont-conclu-un-accord","status":"publish","type":"post","link":"https:\/\/www.europesays.com\/fr\/278354\/","title":{"rendered":"l&rsquo;Europe et les \u00c9tats-Unis ont conclu un accord"},"content":{"rendered":"<p>            lire plus tard<\/p>\n<p id=\"dialog__title\" class=\"dialog__title\">Pour sauvegarder cet article, connectez-vous ou cr\u00e9ez un compte franceinfo<\/p>\n<p class=\"dialog__description\">Sans paiement. Sans abonnement.<\/p>\n<p>        Fermer la fen\u00eatre d\u2019activation des notifications France Info<\/p>\n<p>            cr\u00e9er votre compte<\/p>\n<p>            se connecter<\/p>\n<p>        Fermer la fen\u00eatre de pr\u00e9sentation<\/p>\n<p>    Publi\u00e9 le 28\/07\/2025 00:14<\/p>\n<p>      Mis \u00e0 jour le 28\/07\/2025 00:28<\/p>\n<p>        Temps de lecture : 2min &#8211; vid\u00e9o : 1min<\/p>\n<p>    <img decoding=\"async\" class=\"francetv-player-wrapper__image\" alt=\"Droits de douane : l'Europe et les \u00c9tats-Unis ont conclu un accord\"  width=\"432\" height=\"243\" src=\"https:\/\/www.europesays.com\/fr\/wp-content\/uploads\/2025\/07\/trump-6886a4c034232296748656.jpg\" fetchpriority=\"high\"\/><\/p>\n<p>              Droits de douane : l&rsquo;Europe et les \u00c9tats-Unis ont conclu un accord<br \/>\n                    (franceinfo)<\/p>\n<p>      1min<\/p>\n<p class=\"c-chapo \">\n  Dimanche 27 juillet, Donald Trump et Ursula von der Leyen ont annonc\u00e9 qu&rsquo;un accord commercial avait \u00e9t\u00e9 trouv\u00e9 entre l&rsquo;Union europ\u00e9enne et les \u00c9tats-Unis. Il pr\u00e9voit des doits de douane am\u00e9ricains \u00e0 hauteur de 15 % sur tous les produits europ\u00e9ens import\u00e9s.\n<\/p>\n<p><strong>Ce texte correspond \u00e0 une partie de la retranscription du reportage ci-dessus. Cliquez sur la vid\u00e9o pour la regarder en int\u00e9gralit\u00e9.<\/strong><\/p>\n<p>La chance aura finalement pench\u00e9 du bon c\u00f4t\u00e9 de la balance. <a href=\"https:\/\/www.franceinfo.fr\/monde\/usa\/droits-de-douane\/direct-guerre-commerciale-donald-trump-rencontre-la-presidente-de-la-commission-europeenne-pour-trouver-un-accord-sur-les-droits-de-douane_7402057.html\" rel=\"nofollow noopener\" target=\"_blank\">L&rsquo;Union europ\u00e9enne et les \u00c9tats-Unis ont r\u00e9ussi \u00e0 s&rsquo;entendre sur un nouvel accord commercial<\/a>. \u00ab\u00a0Je pense que c&rsquo;est super d&rsquo;avoir enfin sign\u00e9 un deal, au lieu de jouer \u00e0 des petits jeux. Et je pense que c&rsquo;est le plus grand accord que l&rsquo;on ait jamais sign\u00e9\u00a0\u00bb, a d\u00e9clar\u00e9 Donald Trump. Les droits de douane am\u00e9ricains s&rsquo;\u00e9l\u00e8veront d\u00e9sormais \u00e0 15 % pour tous les produits europ\u00e9ens import\u00e9s. Un accord apparemment n\u00e9goci\u00e9 depuis huit mois.<\/p>\n<p>\u00ab\u00a0Nous avons conclu un accord commercial entre les deux plus grandes \u00e9conomies mondiales et c&rsquo;est un accord important, un accord majeur. Il apportera de la stabilit\u00e9, il apportera de la pr\u00e9visibilit\u00e9, ce qui est tr\u00e8s important pour nos activit\u00e9s des deux c\u00f4t\u00e9s de l&rsquo;Atlantique\u00a0\u00bb, a quant \u00e0 elle soulign\u00e9 Ursula von der Leyen, la pr\u00e9sidente de la Commission europ\u00e9enne.<\/p>\n<p>En contrepartie, l&rsquo;Union europ\u00e9enne s&rsquo;est engag\u00e9e sur une enveloppe de 600 milliards de dollars d&rsquo;investissement aux \u00c9tats-Unis et de 750 milliards de dollars d&rsquo;achat en mati\u00e8re d&rsquo;\u00e9nergie, notamment d&rsquo;hydrocarbures pour remplacer ceux de la Russie. Autre point important, l&rsquo;Union europ\u00e9enne et les \u00c9tats-Unis ont d\u00e9cid\u00e9 de lever r\u00e9ciproquement leurs droits de douane sur certains produits strat\u00e9giques, comme les \u00e9quipements a\u00e9ronautiques, certains produits chimiques, les \u00e9quipements pour semi-conducteurs ou encore certains produits agricoles.<\/p>\n<p>Un accord qui reste encore \u00e0 d\u00e9tailler, salu\u00e9 par les dirigeants de certains pays europ\u00e9ens, mais d\u00e9nonc\u00e9 par l&rsquo;industrie allemande qui pr\u00e9dit d\u00e9j\u00e0 des r\u00e9percussions n\u00e9gatives consid\u00e9rables.<\/p>\n<p class=\"related-tags__title\" role=\"heading\" aria-level=\"2\">les mots-cl\u00e9s associ\u00e9s \u00e0 cet article\n    <\/p>\n","protected":false},"excerpt":{"rendered":"lire plus tard Pour sauvegarder cet article, connectez-vous ou cr\u00e9ez un compte franceinfo Sans paiement. Sans abonnement. Fermer&hellip;\n","protected":false},"author":2,"featured_media":278355,"comment_status":"","ping_status":"","sticky":false,"template":"","format":"standard","meta":{"footnotes":""},"categories":[1589],"tags":[11,73,1866,12,1864,1865,1863,308],"class_list":{"0":"post-278354","1":"post","2":"type-post","3":"status-publish","4":"format-standard","5":"has-post-thumbnail","7":"category-etats-unis","8":"tag-actualites","9":"tag-etats-unis","10":"tag-etats-unis-damerique","11":"tag-news","12":"tag-united-states","13":"tag-united-states-of-america","14":"tag-us","15":"tag-usa"},"share_on_mastodon":{"url":"https:\/\/pubeurope.com\/@fr\/114927721934434934","error":""},"_links":{"self":[{"href":"https:\/\/www.europesays.com\/fr\/wp-json\/wp\/v2\/posts\/278354","targetHints":{"allow":["GET"]}}],"collection":[{"href":"https:\/\/www.europesays.com\/fr\/wp-json\/wp\/v2\/posts"}],"about":[{"href":"https:\/\/www.europesays.com\/fr\/wp-json\/wp\/v2\/types\/post"}],"author":[{"embeddable":true,"href":"https:\/\/www.europesays.com\/fr\/wp-json\/wp\/v2\/users\/2"}],"replies":[{"embeddable":true,"href":"https:\/\/www.europesays.com\/fr\/wp-json\/wp\/v2\/comments?post=278354"}],"version-history":[{"count":0,"href":"https:\/\/www.europesays.com\/fr\/wp-json\/wp\/v2\/posts\/278354\/revisions"}],"wp:featuredmedia":[{"embeddable":true,"href":"https:\/\/www.europesays.com\/fr\/wp-json\/wp\/v2\/media\/278355"}],"wp:attachment":[{"href":"https:\/\/www.europesays.com\/fr\/wp-json\/wp\/v2\/media?parent=278354"}],"wp:term":[{"taxonomy":"category","embeddable":true,"href":"https:\/\/www.europesays.com\/fr\/wp-json\/wp\/v2\/categories?post=278354"},{"taxonomy":"post_tag","embeddable":true,"href":"https:\/\/www.europesays.com\/fr\/wp-json\/wp\/v2\/tags?post=278354"}],"curies":[{"name":"wp","href":"https:\/\/api.w.org\/{rel}","templated":true}]}}