{"id":278358,"date":"2025-07-27T23:11:22","date_gmt":"2025-07-27T23:11:22","guid":{"rendered":"https:\/\/www.europesays.com\/fr\/278358\/"},"modified":"2025-07-27T23:11:22","modified_gmt":"2025-07-27T23:11:22","slug":"trois-morts-apres-le-deraillement-dun-train","status":"publish","type":"post","link":"https:\/\/www.europesays.com\/fr\/278358\/","title":{"rendered":"trois morts apr\u00e8s le d\u00e9raillement d&rsquo;un train"},"content":{"rendered":"<p>            lire plus tard<\/p>\n<p id=\"dialog__title\" class=\"dialog__title\">Pour sauvegarder cet article, connectez-vous ou cr\u00e9ez un compte franceinfo<\/p>\n<p class=\"dialog__description\">Sans paiement. Sans abonnement.<\/p>\n<p>        Fermer la fen\u00eatre d\u2019activation des notifications France Info<\/p>\n<p>            cr\u00e9er votre compte<\/p>\n<p>            se connecter<\/p>\n<p>        Fermer la fen\u00eatre de pr\u00e9sentation<\/p>\n<p>    Publi\u00e9 le 28\/07\/2025 00:03<\/p>\n<p>      Mis \u00e0 jour le 28\/07\/2025 00:33<\/p>\n<p>        Temps de lecture : 1min &#8211; vid\u00e9o : 1min<\/p>\n<p>    <img decoding=\"async\" class=\"francetv-player-wrapper__image\" alt=\"Allemagne : trois morts apr\u00e8s le d\u00e9raillement d'un train\"  width=\"432\" height=\"243\" src=\"https:\/\/www.europesays.com\/fr\/wp-content\/uploads\/2025\/07\/train-6886a23e7e96d940877023.jpg\" fetchpriority=\"high\"\/><\/p>\n<p>              Allemagne : trois morts apr\u00e8s le d\u00e9raillement d&rsquo;un train<br \/>\n                    (franceinfo)<\/p>\n<p>      1min<\/p>\n<p class=\"c-chapo \">\n  Dimanche 27 juillet, un train a d\u00e9raill\u00e9 dans le sud-ouest de l&rsquo;Allemagne. Trois morts et plusieurs bless\u00e9s sont \u00e0 d\u00e9plorer, mais le bilan est encore provisoire.\n<\/p>\n<p><strong>Ce texte correspond \u00e0 une partie de la retranscription du reportage ci-dessus. Cliquez sur la vid\u00e9o pour la regarder en int\u00e9gralit\u00e9.<\/strong><\/p>\n<p>Des wagons enchev\u00eatr\u00e9s au travers des voies et des secouristes qui bataillent pour tenter de sortir les passagers du train. L&rsquo;accident s&rsquo;est produit vers 18 heures dans une zone foresti\u00e8re du sud-ouest de l&rsquo;Allemagne. Des h\u00e9licopt\u00e8res survolent les rails car l&rsquo;endroit est difficile d&rsquo;acc\u00e8s, rendant l&rsquo;intervention des secours plus compliqu\u00e9e. \u00c0 l&rsquo;heure actuelle, la cause de cet impressionnant d\u00e9raillement reste inconnue. <a href=\"https:\/\/www.franceinfo.fr\/monde\/europe\/allemagne\/au-moins-trois-blesses-apres-le-deraillement-d-un-train-dans-le-sud-ouest-de-l-allemagne_7402534.html\" rel=\"nofollow noopener\" target=\"_blank\">Au moins trois morts et de nombreux bless\u00e9s sont \u00e0 d\u00e9plorer<\/a>. Mais le bilan reste tr\u00e8s provisoire selon les autorit\u00e9s et pourrait s&rsquo;aggraver au fil des heures. Au total, le train transportait une centaine de passagers.<\/p>\n<p>Suite \u00e0 l&rsquo;accident, le chancelier allemand a rapidement r\u00e9agi. \u00ab\u00a0Je suis en contact \u00e9troit avec le ministre de l&rsquo;Int\u00e9rieur et le ministre des Transports. Je leur ai demand\u00e9 de soutenir les services de secours par tous les moyens possibles. Nous pleurons les victimes. J&rsquo;exprime mes condol\u00e9ances \u00e0 leurs familles\u00a0\u00bb, a d\u00e9clar\u00e9 Friedrich Merz.<\/p>\n<p>\u00c0 son arriv\u00e9e au pouvoir, Friedrich Merz avait promis d&rsquo;investir plusieurs centaines de milliards d&rsquo;euros pour moderniser et am\u00e9liorer les infrastructures ferroviaires, qui souffrent de v\u00e9tust\u00e9 et d&rsquo;un manque d&rsquo;entretien chronique.<\/p>\n<p class=\"related-tags__title\" role=\"heading\" aria-level=\"2\">les mots-cl\u00e9s associ\u00e9s \u00e0 cet article\n    <\/p>\n","protected":false},"excerpt":{"rendered":"lire plus tard Pour sauvegarder cet article, connectez-vous ou cr\u00e9ez un compte franceinfo Sans paiement. Sans abonnement. Fermer&hellip;\n","protected":false},"author":2,"featured_media":278359,"comment_status":"","ping_status":"","sticky":false,"template":"","format":"standard","meta":{"footnotes":""},"categories":[1587],"tags":[11,672,1804,1805,1803,1777,674,1801,12,1802],"class_list":{"0":"post-278358","1":"post","2":"type-post","3":"status-publish","4":"format-standard","5":"has-post-thumbnail","7":"category-allemagne","8":"tag-actualites","9":"tag-allemagne","10":"tag-bundesrepublik-deutschland","11":"tag-de","12":"tag-deutschland","13":"tag-eu","14":"tag-europe","15":"tag-germany","16":"tag-news","17":"tag-republique-federale-dallemagne"},"share_on_mastodon":{"url":"https:\/\/pubeurope.com\/@fr\/114927729744430741","error":""},"_links":{"self":[{"href":"https:\/\/www.europesays.com\/fr\/wp-json\/wp\/v2\/posts\/278358","targetHints":{"allow":["GET"]}}],"collection":[{"href":"https:\/\/www.europesays.com\/fr\/wp-json\/wp\/v2\/posts"}],"about":[{"href":"https:\/\/www.europesays.com\/fr\/wp-json\/wp\/v2\/types\/post"}],"author":[{"embeddable":true,"href":"https:\/\/www.europesays.com\/fr\/wp-json\/wp\/v2\/users\/2"}],"replies":[{"embeddable":true,"href":"https:\/\/www.europesays.com\/fr\/wp-json\/wp\/v2\/comments?post=278358"}],"version-history":[{"count":0,"href":"https:\/\/www.europesays.com\/fr\/wp-json\/wp\/v2\/posts\/278358\/revisions"}],"wp:featuredmedia":[{"embeddable":true,"href":"https:\/\/www.europesays.com\/fr\/wp-json\/wp\/v2\/media\/278359"}],"wp:attachment":[{"href":"https:\/\/www.europesays.com\/fr\/wp-json\/wp\/v2\/media?parent=278358"}],"wp:term":[{"taxonomy":"category","embeddable":true,"href":"https:\/\/www.europesays.com\/fr\/wp-json\/wp\/v2\/categories?post=278358"},{"taxonomy":"post_tag","embeddable":true,"href":"https:\/\/www.europesays.com\/fr\/wp-json\/wp\/v2\/tags?post=278358"}],"curies":[{"name":"wp","href":"https:\/\/api.w.org\/{rel}","templated":true}]}}