{"id":278362,"date":"2025-07-27T23:13:11","date_gmt":"2025-07-27T23:13:11","guid":{"rendered":"https:\/\/www.europesays.com\/fr\/278362\/"},"modified":"2025-07-27T23:13:11","modified_gmt":"2025-07-27T23:13:11","slug":"des-normes-plus-strictes-concernant-les-emballages","status":"publish","type":"post","link":"https:\/\/www.europesays.com\/fr\/278362\/","title":{"rendered":"des normes plus strictes concernant les emballages&#8230;"},"content":{"rendered":"<p>Le r\u00e8glement sera d\u00e9finitivement appliqu\u00e9 \u00e0 partir du 12 ao\u00fbt 2026, mais certaines dispositions des actes europ\u00e9ens qu\u2019il modifie ou abroge entreront en vigueur ult\u00e9rieurement.<\/p>\n<p>Publi\u00e9 au Journal Officiel de l\u2019UE le 22 janvier 2025, ce r\u00e8glement compl\u00e8te le R\u00e8glement (UE) 2024\/1781 et s\u2019applique \u00e0 tous les emballages introduits sur le march\u00e9 de l\u2019Union, ainsi qu\u2019aux d\u00e9chets y \u00e9tant associ\u00e9s, quel que soit le type ou la mati\u00e8re. En outre, la nouvelle r\u00e8glementation europ\u00e9enne introduit une nouvelle d\u00e9finition des emballages, en actualisant celle pr\u00e9vue dans la Directive 94\/62\/CE (transpos\u00e9e en Roumanie par la loi n\u00b0 249\/2015)\u00a0: les emballages de vente correspondent aux emballages primaires, les emballages group\u00e9s correspondent aux emballages secondaires et les emballages de transport correspondent aux emballages tertiaires.<\/p>\n<p>Les principales mesures visant \u00e0 promouvoir l\u2019\u00e9conomie circulaire<\/p>\n<p>Parmi les mesures introduites dans le R\u00e8glement, nous retrouvons\u00a0:<\/p>\n<ul>\n<li>L\u2019augmentation de la teneur de mati\u00e8re recycl\u00e9e dans les emballages en plastique\u00a0: d\u2019ici \u00e0 2030, les emballages de plastique devront contenir entre 10% et 35% de mati\u00e8re recyclable, et d\u2019ici \u00e0 2040, ces pourcentages vont atteindre 25% et 65%, en fonction du type d\u2019emballage, \u00e0 l\u2019exception des emballages de produits m\u00e9dicaux et de nourriture pour les nourrissons\u00a0;<\/li>\n<li>La r\u00e9duction maximale des emballages\u00a0: d\u2019ici au 1er janvier 2030, les emballages introduits sur le march\u00e9 devront \u00eatre con\u00e7us de mani\u00e8re \u00e0 ce que leur poids et leur volume soient r\u00e9duits au maximum\u00a0;<\/li>\n<li>La valorisation des emballages r\u00e9utilisables\u00a0: depuis le 11 f\u00e9vrier 2025, pour \u00eatre consid\u00e9r\u00e9s \u2018r\u00e9utilisables\u2019, les emballages doivent satisfaire certaines conditions, telles que\u00a0: \u00eatre con\u00e7us afin de pouvoir \u00eatre r\u00e9utilis\u00e9s plusieurs fois\u00a0; r\u00e9sister \u00e0 plusieurs cycles d\u2019utilisation sans se d\u00e9t\u00e9riorer\u00a0; respecter les normes de sant\u00e9, de s\u00e9curit\u00e9 et d\u2019hygi\u00e8ne des consommateurs\u00a0; garantir, lors de la r\u00e9utilisation, la qualit\u00e9 et la s\u00e9curit\u00e9 du produit emball\u00e9 du point de vue de la s\u00e9curit\u00e9 alimentaire\u00a0; pouvoir \u00eatre reconditionn\u00e9s le cas \u00e9ch\u00e9ant\u00a0; permettre l\u2019apposition de l\u2019\u00e9tiquette et la mise \u00e0 disposition d\u2019informations sur le produit et sur l\u2019emballage en lui-m\u00eame\u00a0; \u00eatre recyclables quand ils deviennent des d\u00e9chets au sens des normes europ\u00e9ennes\u00a0;<\/li>\n<li>L\u2019interdiction des emballages plastique \u00e0 utilisation unique pour certains produits\u00a0: \u00e0 compter de 2030, sera interdite l\u2019utilisation des emballages plastique pour la commercialisation des fruits et l\u00e9gumes inf\u00e9rieurs \u00e0 1,5 kg, avec certaines exceptions (par exemple s\u2019il existe une n\u00e9cessit\u00e9 prouv\u00e9e pour \u00e9viter une perte d\u2019eau). Cette mesure vise prioritairement les producteurs et exportateurs de fruits et l\u00e9gumes, le r\u00e8glement abrogeant la Directive 94\/62\/CE ant\u00e9rieure et compl\u00e9tant la Directive 2019\/904 et le R\u00e8glement (UE) 2019\/1020\u00a0;<\/li>\n<li>Les obligations applicables au secteur HoReCa\u00a0: d\u2019ici \u00e0 2027, les commer\u00e7ants qui distribuent des boissons chaudes ou froides dans des emballages pour le service \u00e0 emporter ou des plats pr\u00e9par\u00e9s doivent permettre aux clients d\u2019apporter leur propre r\u00e9cipient afin de les remplir. De m\u00eame, d\u2019ici \u00e0 2028, ces op\u00e9rateurs devront fournir aux clients des emballages r\u00e9utilisables.<\/li>\n<\/ul>\n<p>Les conditions de durabilit\u00e9 des emballages<\/p>\n<p>Conform\u00e9ment \u00e0 l\u2019acte normatif europ\u00e9en, d\u2019ici \u00e0 2030, tous les emballages devront \u00eatre recyclables ou r\u00e9utilisables, en accord avec le Plan d\u2019action pour l\u2019\u00e9conomie circulaire (CEAP) pr\u00e9sent\u00e9 par la Commission europ\u00e9enne le 11 mars 2020.<\/p>\n<p>Avant le 31 d\u00e9cembre 2026, la Commission \u2013 avec l\u2019aide de l\u2019Agence Europ\u00e9enne des produits chimiques \u2013 devra publier un rapport concernant les mati\u00e8res utilis\u00e9es dans la fabrication des emballages pouvant pr\u00e9senter des risques inacceptables pour la sant\u00e9 et l\u2019environnement.<\/p>\n<p>De plus, \u00e0 compter du 12 ao\u00fbt 2026, seront interdits les emballages plastique non-recyclables, ainsi que ceux contenant des m\u00e9taux lourds ou des substances dangereuses (ex. PFAS, Bisphenol A, etc.). Par ailleurs, sera limit\u00e9e l\u2019utilisation excessive d\u2019emballages dans le commerce et dans l\u2019industrie alimentaire. Les emballages recyclables devront \u00eatre con\u00e7us de sorte qu\u2019ils puissent \u00eatre collect\u00e9s s\u00e9par\u00e9ment, tri\u00e9s sans affecter les autres flux de d\u00e9chets et recycl\u00e9s \u00e0 grande \u00e9chelle.<\/p>\n<p>Un syst\u00e8me harmonis\u00e9 d\u2019\u00e9tiquetage<\/p>\n<p>Le r\u00e8glement pr\u00e9voit l\u2019introduction d\u2019un syst\u00e8me unique d\u2019\u00e9tiquetage pour tous les emballages, o\u00f9 est indiqu\u00e9 le degr\u00e9 de recyclabilit\u00e9 et la modalit\u00e9 d\u2019\u00e9limination de ce dernier. L\u2019impact \u00e9cologique sera soulign\u00e9 par un code couleur.<\/p>\n<p>La responsabilit\u00e9 des producteurs d\u2019emballages<\/p>\n<p>Le r\u00e8glement pr\u00e9voit l\u2019introduction d\u2019un syst\u00e8me de responsabilit\u00e9 \u00e9largie des producteurs (EPR), les obligeant \u00e0 supporter les frais de collecte et de recyclage. Les producteurs peuvent d\u00e9l\u00e9guer ces obligations \u00e0 des organisations sp\u00e9cialis\u00e9es et les \u00c9tats membres peuvent imposer une obligation de d\u00e9l\u00e9gation.<\/p>\n<p>Les producteurs doivent s\u2019assurer que les emballages respectent les nouvelles conditions et doivent \u00e9galement contribuer financi\u00e8rement aux syst\u00e8mes de recyclage, conform\u00e9ment au principe du \u00ab\u00a0pollueur-payeur\u00a0\u00bb (art. 191 al.2 TFUE).<\/p>\n<p>Dans le cas des producteurs des pays tiers, les \u00c9tats membres peuvent solliciter la d\u00e9signation d\u2019un repr\u00e9sentant autoris\u00e9 afin de pr\u00e9venir tout contournement des obligations EPR. De plus, il est n\u00e9cessaire de clarifier qui est responsable des d\u00e9chets d\u2019emballages, en particulier dans le cas des soci\u00e9t\u00e9s op\u00e9rant dans le domaine de la logistique qui manipulent des marchandises importantes (ex. d\u00e9semballer, r\u00e9emballer). Ceux-ci, bien qu\u2019ils ne d\u00e9tiennent pas la propri\u00e9t\u00e9 des marchandises, devraient tout de m\u00eame \u00eatre consid\u00e9r\u00e9s comme producteurs des emballages qu\u2019ils g\u00e8rent et qui deviennent des d\u00e9chets dans l\u2019Union europ\u00e9enne.<\/p>\n<p>***<\/p>\n<p>Nous esp\u00e9rons que ces informations vous ont \u00e9t\u00e9 utiles!<\/p>\n","protected":false},"excerpt":{"rendered":"Le r\u00e8glement sera d\u00e9finitivement appliqu\u00e9 \u00e0 partir du 12 ao\u00fbt 2026, mais certaines dispositions des actes europ\u00e9ens qu\u2019il&hellip;\n","protected":false},"author":2,"featured_media":278363,"comment_status":"","ping_status":"","sticky":false,"template":"","format":"standard","meta":{"footnotes":""},"categories":[1586],"tags":[11,1777,674,1779,1011,27,12,25,1778,364],"class_list":{"0":"post-278362","1":"post","2":"type-post","3":"status-publish","4":"format-standard","5":"has-post-thumbnail","7":"category-europe","8":"tag-actualites","9":"tag-eu","10":"tag-europe","11":"tag-european-union","12":"tag-fr","13":"tag-france","14":"tag-news","15":"tag-republique-francaise","16":"tag-ue","17":"tag-union-europeenne"},"share_on_mastodon":{"url":"https:\/\/pubeurope.com\/@fr\/114927737494961399","error":""},"_links":{"self":[{"href":"https:\/\/www.europesays.com\/fr\/wp-json\/wp\/v2\/posts\/278362","targetHints":{"allow":["GET"]}}],"collection":[{"href":"https:\/\/www.europesays.com\/fr\/wp-json\/wp\/v2\/posts"}],"about":[{"href":"https:\/\/www.europesays.com\/fr\/wp-json\/wp\/v2\/types\/post"}],"author":[{"embeddable":true,"href":"https:\/\/www.europesays.com\/fr\/wp-json\/wp\/v2\/users\/2"}],"replies":[{"embeddable":true,"href":"https:\/\/www.europesays.com\/fr\/wp-json\/wp\/v2\/comments?post=278362"}],"version-history":[{"count":0,"href":"https:\/\/www.europesays.com\/fr\/wp-json\/wp\/v2\/posts\/278362\/revisions"}],"wp:featuredmedia":[{"embeddable":true,"href":"https:\/\/www.europesays.com\/fr\/wp-json\/wp\/v2\/media\/278363"}],"wp:attachment":[{"href":"https:\/\/www.europesays.com\/fr\/wp-json\/wp\/v2\/media?parent=278362"}],"wp:term":[{"taxonomy":"category","embeddable":true,"href":"https:\/\/www.europesays.com\/fr\/wp-json\/wp\/v2\/categories?post=278362"},{"taxonomy":"post_tag","embeddable":true,"href":"https:\/\/www.europesays.com\/fr\/wp-json\/wp\/v2\/tags?post=278362"}],"curies":[{"name":"wp","href":"https:\/\/api.w.org\/{rel}","templated":true}]}}