{"id":278369,"date":"2025-07-27T23:17:24","date_gmt":"2025-07-27T23:17:24","guid":{"rendered":"https:\/\/www.europesays.com\/fr\/278369\/"},"modified":"2025-07-27T23:17:24","modified_gmt":"2025-07-27T23:17:24","slug":"un-mois-apres-lu-s-open-senior-padraig-harrington-soffre-le-senior-open","status":"publish","type":"post","link":"https:\/\/www.europesays.com\/fr\/278369\/","title":{"rendered":"Un mois apr\u00e8s l&rsquo;U.S. Open Senior, Padraig Harrington s&rsquo;offre le Senior Open"},"content":{"rendered":"<p>\t\t\t\t\t\t<img width=\"770\" height=\"555\" src=\"https:\/\/www.europesays.com\/fr\/wp-content\/uploads\/2025\/07\/padraig-harrington-770x555.jpg\" class=\"img-responsive wp-post-image\" alt=\"Padraig Harrington Photo by Luke Walker\/R&amp;A\/R&amp;A via Getty Images\" decoding=\"async\" fetchpriority=\"high\"  \/>\t\t\t\t\t<\/p>\n<p>\t\t\t\t\t\t Partager cet article <\/p>\n<p class=\"screen-reader-text juiz_sps_maybe_hidden_text\">Partager la publication \u00ab\u00a0Un mois apr\u00e8s l\u2019U.S. Open Senior, Padraig Harrington s\u2019offre le Senior Open\u00a0\u00bb<\/p>\n<p><strong>A 53 ans, Padraig Harrington remporte le Senior Open \u00e0 Sunningdale (Angleterre), un mois presque jour pour jour apr\u00e8s son triomphe \u00e0 l\u2019U.S. Open Senior du c\u00f4t\u00e9 de Colorado Springs. L\u2019Irlandais, cinqui\u00e8me joueur de l\u2019histoire \u00e0 remporter \u00e0 la fois The Open et le British Senior, devance \u00e0 -16 de trois coups l\u2019Am\u00e9ricain Justin Leonard et le Danois Thomas Bj\u00f8rn. Les Fran\u00e7ais Thomas Levet, Lionel Alexandre et l\u2019amateur Rodrigo Lacerda Soares n\u2019avaient pas pass\u00e9 le cut apr\u00e8s deux tours !\u00a0<\/strong><\/p>\n<p>Et de trois ! Apr\u00e8s ses victoires \u00e0 deux reprises \u00e0 l\u2019<strong>U.S. Open Senior<\/strong> (2022 et 2025), <strong>Padraig Harrington<\/strong> remporte un troisi\u00e8me Majeur chez les plus de 50 ans.\u00a0<\/p>\n<p><a href=\"https:\/\/www.europeantour.com\/legends-tour\/isps-handa-senior-open-2025\/leaderboard\" target=\"_blank\" rel=\"noopener nofollow\">Retrouvez le classement complet<\/a><\/p>\n<p>L\u2019Irlandais \u00e2g\u00e9 de 53 ans s\u2019\u00e9tait \u00e9lanc\u00e9 ce dimanche \u00e0 <strong>Sunningdale<\/strong> (Angleterre) avec deux coups d\u2019avance mais un eagle d\u00e8s le trou n\u00b01 lui a permis de creuser son \u00e9cart avec ses premiers poursuivants, signant \u00e0 l\u2019arriv\u00e9e un tr\u00e8s solide 67 (-3). Suffisant pour laisser l\u2019Am\u00e9ricain <strong>Justin Leonard<\/strong> et le Danois <strong>Thomas Bj\u00f8rn<\/strong> \u00e0 trois coups derri\u00e8re.<\/p>\n<p>\t\t\t\t\t<a id=\"174716\" href=\"https:\/\/www.golf-consulting.fr\/\" target=\"_blank\" rel=\"sponsorised nofollow noopener\"><img decoding=\"async\" src=\"data:image\/svg+xml,%3Csvg%20xmlns=\" http:=\"\" class=\"img-responsive\" alt=\"\" data-lazy-src=\"https:\/\/www.europesays.com\/fr\/wp-content\/uploads\/2025\/06\/golfconsulting-e01-proam-barnes-25-1170x275-1.jpg\"\/><\/a><\/p>\n<blockquote class=\"twitter-tweet\">\n<p dir=\"ltr\" lang=\"en\">Some <a href=\"https:\/\/twitter.com\/padraig_h?ref_src=twsrc%5Etfw\" rel=\"nofollow noopener\" target=\"_blank\">@padraig_h<\/a> magic on the 14th hole \ud83e\ude84<a href=\"https:\/\/twitter.com\/hashtag\/SeniorOpen?src=hash&amp;ref_src=twsrc%5Etfw\" rel=\"nofollow noopener\" target=\"_blank\">#SeniorOpen<\/a><\/p>\n<p><a href=\"https:\/\/t.co\/zQjlE27ngb\" rel=\"nofollow\">pic.twitter.com\/zQjlE27ngb<\/a><\/p>\n<p>\u2014 Legends Tour (@euLegendsTour) <a href=\"https:\/\/twitter.com\/euLegendsTour\/status\/1949513990347911466?ref_src=twsrc%5Etfw\" rel=\"nofollow noopener\" target=\"_blank\">July 27, 2025<\/a><\/p>\n<\/blockquote>\n<p>\t\t\t\t\t<a id=\"180488\" href=\"https:\/\/golfplus.fr\/\" target=\"_blank\" rel=\"sponsorised nofollow noopener\"><img decoding=\"async\" src=\"data:image\/svg+xml,%3Csvg%20xmlns=\" http:=\"\" class=\"img-responsive\" alt=\"\" data-lazy-src=\"https:\/\/www.europesays.com\/fr\/wp-content\/uploads\/2025\/07\/golfplus-e19-livraison-lieu-vacances-1170x275-1.jpg\"\/><\/a><\/p>\n<p>L\u2019ancien capitaine de <strong>Ryder Cup<\/strong> (en 2021) rejoint ici dans la l\u00e9gende <strong>Bob Charles<\/strong>, <strong>Gary Player<\/strong>, <strong>Tom Watson<\/strong> et <strong>Darren Clarke<\/strong>, vainqueurs \u00e0 la fois de <strong>The Open<\/strong> et du <strong>Senior Open<\/strong>. Il est \u00e9galement le troisi\u00e8me irlandais (ou Nord-Irlandais) vainqueur du Senior Open, apr\u00e8s Clarke et <strong>Christy O\u2019Connor Jnr<\/strong>. Ce succ\u00e8s lui permet d\u2019assurer d\u2019ores et d\u00e9j\u00e0 son ticket pour la 154e \u00e9dition de The Open qui aura lieu au <strong>Royal Birkdale<\/strong> en juillet 2026.\u00a0<\/p>\n<p>Pr\u00e9sents dans ce dernier Majeur de la saison chez les plus de 50 ans, <strong>Lionel Alexandre<\/strong>, <strong>Thomas Levet<\/strong> et l\u2019amateur <strong>Rodrigo Lacerda Soares<\/strong> n\u2019avaient pas franchi le cut avec respectivement des scores de +6, +7 et +8.\u00a0<\/p>\n<p>\t\t\t\t\t<a id=\"178017\" href=\"https:\/\/www.formigolf.fr\/voyage-pays~jardin-de-tecina-4etoiles-la-gomera~75~canaries\" target=\"_blank\" rel=\"sponsorised nofollow noopener\"><img decoding=\"async\" src=\"data:image\/svg+xml,%3Csvg%20xmlns=\" http:=\"\" class=\"img-responsive\" alt=\"\" data-lazy-src=\"https:\/\/www.europesays.com\/fr\/wp-content\/uploads\/2025\/07\/formigolf-e07-canaries-gomera-1170x275-1.gif\"\/><\/a><br \/>\nLe leaderboard<\/p>\n<p><img loading=\"lazy\" decoding=\"async\" class=\"alignnone wp-image-181052 size-large\" src=\"data:image\/svg+xml,%3Csvg%20xmlns=\" http:=\"\" alt=\"\" width=\"770\" height=\"400\" data-lazy- data-lazy- data-lazy-src=\"https:\/\/www.europesays.com\/fr\/wp-content\/uploads\/2025\/07\/capture1senioropen-770x400.jpg\"\/><\/p>\n<p>\t\t\t\t<img loading=\"lazy\" decoding=\"async\" src=\"data:image\/svg+xml,%3Csvg%20xmlns=\" http:=\"\" attributionsrc=\"\" border=\"0\" height=\"1\" width=\"1\" alt=\"Advertisement\" data-lazy-src=\"https:\/\/www.europesays.com\/fr\/wp-content\/uploads\/2025\/06\/B33661776.421948095;dc_trk_aid=614321628;dc_trk_cid=235413172;ord=[timestamp];dc_lat=;dc_rdid=;tag_f.gif\"\/><\/p>\n<p>\t\t\t\t\t<a id=\"174697\" href=\"https:\/\/ad.doubleclick.net\/ddm\/trackclk\/N6600.3770024GOLFPLANATE\/B33661776.421948095;dc_trk_aid=614321628;dc_trk_cid=235413172;dc_lat=;dc_rdid=;tag_for_child_directed_treatment=;tfua=;gdpr=${GDPR};gdpr_consent=${GDPR_CONSENT_755};ltd=;dc_tdv=1\" target=\"_blank\" rel=\"sponsorised nofollow noopener\"><img decoding=\"async\" src=\"data:image\/svg+xml,%3Csvg%20xmlns=\" http:=\"\" class=\"img-responsive\" alt=\"\" data-lazy-src=\"https:\/\/www.europesays.com\/fr\/wp-content\/uploads\/2025\/06\/amundi-e01-retraite-2506-1170x275-1.jpg\"\/><\/a><br \/>\nLe leaderboard des Fran\u00e7ais<\/p>\n<p><img loading=\"lazy\" decoding=\"async\" class=\"alignnone wp-image-181053 size-large\" src=\"data:image\/svg+xml,%3Csvg%20xmlns=\" http:=\"\" alt=\"\" width=\"770\" height=\"87\" data-lazy- data-lazy- data-lazy-src=\"https:\/\/www.europesays.com\/fr\/wp-content\/uploads\/2025\/07\/capturefrenchlegends1-770x87.jpg\"\/><\/p>\n<p><img loading=\"lazy\" decoding=\"async\" class=\"alignnone wp-image-181054 size-large\" src=\"data:image\/svg+xml,%3Csvg%20xmlns=\" http:=\"\" alt=\"\" width=\"770\" height=\"37\" data-lazy- data-lazy- data-lazy-src=\"https:\/\/www.europesays.com\/fr\/wp-content\/uploads\/2025\/07\/capturefrenchlegends2-770x37.jpg\"\/><\/p>\n<p>\t\t\t\t\t<a id=\"180479\" href=\"https:\/\/www.swing.fr\/voyage\/35-14eme-edition-des-doubles-gosset-by-beachcomber\" target=\"_blank\" rel=\"sponsorised nofollow noopener\"><img decoding=\"async\" src=\"data:image\/svg+xml,%3Csvg%20xmlns=\" http:=\"\" class=\"img-responsive\" alt=\"\" data-lazy-src=\"https:\/\/www.europesays.com\/fr\/wp-content\/uploads\/2025\/07\/beachcomber-e01-doubles-gosset-26-1170x275-1.jpg\"\/><\/a><\/p>\n<p>Photo : Luke Walker\/R&amp;A\/R&amp;A via Getty Images<\/p>\n<p>\t\t\t\t<img loading=\"lazy\" decoding=\"async\" src=\"data:image\/svg+xml,%3Csvg%20xmlns=\" http:=\"\" attributionsrc=\"\" border=\"0\" height=\"1\" width=\"1\" alt=\"Advertisement\" data-lazy-src=\"https:\/\/www.europesays.com\/fr\/wp-content\/uploads\/2025\/05\/B33047934.421787844;dc_trk_aid=614154864;dc_trk_cid=235296214;ord=[timestamp];dc_lat=;dc_rdid=;tag_f.gif\"\/><\/p>\n<p>\t\t\t\t\t<a id=\"173261\" href=\"https:\/\/ad.doubleclick.net\/ddm\/trackclk\/N1153799.3770024GOLFPLANATE\/B33047934.421787844;dc_trk_aid=614154864;dc_trk_cid=235296214;dc_lat=;dc_rdid=;tag_for_child_directed_treatment=;tfua=;gdpr=${GDPR};gdpr_consent=${GDPR_CONSENT_755};ltd=;dc_tdv=1\" target=\"_blank\" rel=\"sponsorised nofollow noopener\"><img decoding=\"async\" src=\"data:image\/svg+xml,%3Csvg%20xmlns=\" http:=\"\" class=\"img-responsive\" alt=\"\" data-lazy-src=\"https:\/\/www.europesays.com\/fr\/wp-content\/uploads\/2025\/05\/callaway-e03-aione-square2square-1170x275-1.jpg\"\/><\/a><\/p>\n<p>\t\t\t<script async src=\"https:\/\/platform.twitter.com\/widgets.js\" charset=\"utf-8\"><\/script><\/p>\n","protected":false},"excerpt":{"rendered":"Partager cet article Partager la publication \u00ab\u00a0Un mois apr\u00e8s l\u2019U.S. Open Senior, Padraig Harrington s\u2019offre le Senior Open\u00a0\u00bb&hellip;\n","protected":false},"author":2,"featured_media":278370,"comment_status":"","ping_status":"","sticky":false,"template":"","format":"standard","meta":{"footnotes":""},"categories":[1418],"tags":[1011,27,1472,60],"class_list":{"0":"post-278369","1":"post","2":"type-post","3":"status-publish","4":"format-standard","5":"has-post-thumbnail","7":"category-golf","8":"tag-fr","9":"tag-france","10":"tag-golf","11":"tag-sports"},"share_on_mastodon":{"url":"https:\/\/pubeurope.com\/@fr\/114927753186535708","error":""},"_links":{"self":[{"href":"https:\/\/www.europesays.com\/fr\/wp-json\/wp\/v2\/posts\/278369","targetHints":{"allow":["GET"]}}],"collection":[{"href":"https:\/\/www.europesays.com\/fr\/wp-json\/wp\/v2\/posts"}],"about":[{"href":"https:\/\/www.europesays.com\/fr\/wp-json\/wp\/v2\/types\/post"}],"author":[{"embeddable":true,"href":"https:\/\/www.europesays.com\/fr\/wp-json\/wp\/v2\/users\/2"}],"replies":[{"embeddable":true,"href":"https:\/\/www.europesays.com\/fr\/wp-json\/wp\/v2\/comments?post=278369"}],"version-history":[{"count":0,"href":"https:\/\/www.europesays.com\/fr\/wp-json\/wp\/v2\/posts\/278369\/revisions"}],"wp:featuredmedia":[{"embeddable":true,"href":"https:\/\/www.europesays.com\/fr\/wp-json\/wp\/v2\/media\/278370"}],"wp:attachment":[{"href":"https:\/\/www.europesays.com\/fr\/wp-json\/wp\/v2\/media?parent=278369"}],"wp:term":[{"taxonomy":"category","embeddable":true,"href":"https:\/\/www.europesays.com\/fr\/wp-json\/wp\/v2\/categories?post=278369"},{"taxonomy":"post_tag","embeddable":true,"href":"https:\/\/www.europesays.com\/fr\/wp-json\/wp\/v2\/tags?post=278369"}],"curies":[{"name":"wp","href":"https:\/\/api.w.org\/{rel}","templated":true}]}}