{"id":278371,"date":"2025-07-27T23:19:12","date_gmt":"2025-07-27T23:19:12","guid":{"rendered":"https:\/\/www.europesays.com\/fr\/278371\/"},"modified":"2025-07-27T23:19:12","modified_gmt":"2025-07-27T23:19:12","slug":"rugby-a-xiii-de-perpignan-a-jean-bouin-pourquoi-les-dragons-catalans-vont-ils-jouer-a-paris-en-2026","status":"publish","type":"post","link":"https:\/\/www.europesays.com\/fr\/278371\/","title":{"rendered":"Rugby \u00e0 XIII. De Perpignan \u00e0 Jean-Bouin, pourquoi les Dragons Catalans vont-ils jouer \u00e0 Paris en 2026 ?"},"content":{"rendered":"<p>Cette d\u00e9localisation peut sembler <a href=\"https:\/\/www.lerugbynistere.fr\/videos\/insolite.php\" ui-sref=\"app.tag\" alt=\"Insolite\" data-route=\"app.tag\" data-param=\"slug\" data-id=\"insolite\" rel=\"nofollow noopener\" target=\"_blank\">insolite<\/a> et incompr\u00e9hensible, mais elle est en fait pleine de sens. Avant leur match face aux Wigan Warriors, ce vendredi 25 juillet, la formation des Dragons Catalans s\u2019est promis un joli r\u00eave, depuis le nord de l\u2019Angleterre. Malgr\u00e9 un d\u00e9but de saison compliqu\u00e9 en Super League et une d\u00e9faite (28-18),<strong> les supporters catalans ont appris l\u2019officialisation d\u2019une rencontre d\u00e9localis\u00e9e \u00e0 <a href=\"https:\/\/www.lerugbynistere.fr\/clubs\/stade-francais.php\" ui-sref=\"app.team({teamId: 40})\" alt=\"Paris\" data-route=\"app.team\" data-param=\"teamId\" data-id=\"40\" rel=\"nofollow noopener\" target=\"_blank\">Paris<\/a>, le 6 juin 2026.<\/strong><\/p>\n<blockquote class=\"twitter-tweet\"><p>&#13;<\/p>\n<p lang=\"fr\" dir=\"ltr\">\ud835\udc38\ud835\udc5b \ud835\udc5f\ud835\udc5c\ud835\udc62\ud835\udc61\ud835\udc52 \ud835\udc5d\ud835\udc5c\ud835\udc62\ud835\udc5f \ud835\udc43\ud835\udc4e\ud835\udc5f\ud835\udc56\ud835\udc60 \ud83d\uddfc\u2728 <a href=\"https:\/\/t.co\/JVUPiFkHFZ\" rel=\"nofollow\">pic.twitter.com\/JVUPiFkHFZ<\/a><\/p>\n<p>&#13;<br \/>\n\u2014 Dragons Catalans (@DragonsOfficiel) <a href=\"https:\/\/twitter.com\/DragonsOfficiel\/status\/1949115742173212934?ref_src=twsrc%5Etfw\" rel=\"nofollow noopener\" target=\"_blank\">July 26, 2025<\/a><\/p><\/blockquote>\n<p><strong><a class=\"inserer_lien_article\" href=\"https:\/\/www.lerugbynistere.fr\/videos\/video-un-taureau-massif-dinvite-a-lechauffement-des-dragons-catalans-les-joueurs-sen-souviendront-longtemps-0605231115.php\" data-id=\"37964\" data-route=\"app.article\" data-param=\"articleId\" ui-sref=\"app.article({articleId: 37964})\" alt=\"VIDEO. Un taureau massif s&#039;invite \u00e0 l&#039;\u00e9chauffement des Dragons Catalans, les joueurs s&#039;en souviendront longtemps !\" title=\"VIDEO. Un taureau massif s&#039;invite \u00e0 l&#039;\u00e9chauffement des Dragons Catalans, les joueurs s&#039;en souviendront longtemps !\" rel=\"nofollow noopener\" target=\"_blank\"><img decoding=\"async\" src=\"https:\/\/www.europesays.com\/fr\/wp-content\/uploads\/2025\/07\/un-taureau-massif-dinvite-a-lechauffement-des-dragons-catalans-les-joueurs-sen-souviendront-longtemp.jpeg\" alt=\"VIDEO. Un taureau massif s'invite \u00e0 l'\u00e9chauffement des Dragons Catalans, les joueurs s'en souviendront longtemps !\"\/>VIDEO. Un taureau massif s&rsquo;invite \u00e0 l&rsquo;\u00e9chauffement des Dragons Catalans, les joueurs s&rsquo;en souviendront longtemps !<\/a><\/strong><\/p>\n<p>En effet, <strong>au printemps prochain, la formation bas\u00e9e \u00e0 <a href=\"https:\/\/www.lerugbynistere.fr\/clubs\/usap-perpignan.php\" ui-sref=\"app.team({teamId: 52})\" alt=\"Perpignan\" data-route=\"app.team\" data-param=\"teamId\" data-id=\"52\" rel=\"nofollow noopener\" target=\"_blank\">Perpignan<\/a> jouera au stade Jean-Bouin.<\/strong> Elle y d\u00e9fiera cette m\u00eame formation des Wigan Warriors, ic\u00f4ne du rugby \u00e0 XIII, champion d\u2019Angleterre \u00e0 24 reprises et actuel champion du monde des clubs. Cette confrontation est pr\u00e9vue dans le cadre de la saison 2026 de Super League, premi\u00e8re division anglaise, o\u00f9 les Dragons Catalans \u00e9voluent actuellement en tant que seule \u00e9quipe fran\u00e7aise.<\/p>\n<p>Si les Dragons Catalans effectuent ce d\u00e9placement de Perpignan \u00e0 Jean-Bouin, c\u2019est pour plusieurs raisons. D\u00e9j\u00e0, <strong>la formation de Perpignan, \u00e9voluant g\u00e9n\u00e9ralement au stade Gilbert Brutus, f\u00eatera son 20\u1d49 anniversaire, en 2026.<\/strong> Ensuite, elle souhaite aussi rendre hommage au pass\u00e9 de son sport, puisque la Super League f\u00eatera, elle, ses 30 ans. Mais alors, pourquoi d\u00e9localiser ce d\u00e9placement \u00e0 Jean-Bouin et non pas dans l\u2019un des grands stades de Catalogne, comme le Camp Nou ou Montjuic ?<\/p>\n<p><a class=\"inserer_lien_article\" href=\"https:\/\/www.lerugbynistere.fr\/news\/rugby-xiii-oubliez-dusautoir-ou-burger-le-capitaine-des-dragons-catalans-reussit-50-plaquages-en-moins-dune-heure-2806221321.php\" data-id=\"34847\" data-route=\"app.article\" data-param=\"articleId\" ui-sref=\"app.article({articleId: 34847})\" alt=\"RUGBY. XIII. Oubliez Dusautoir ou Burger, le capitaine des Dragons Catalans r\u00e9ussit 50 plaquages en moins d&#039;une heure !\" title=\"RUGBY. XIII. Oubliez Dusautoir ou Burger, le capitaine des Dragons Catalans r\u00e9ussit 50 plaquages en moins d&#039;une heure !\" rel=\"nofollow noopener\" target=\"_blank\"><img decoding=\"async\" src=\"https:\/\/www.europesays.com\/fr\/wp-content\/uploads\/2025\/07\/t-28-06-22-2760.jpg\" alt=\"RUGBY. XIII. Oubliez Dusautoir ou Burger, le capitaine des Dragons Catalans r\u00e9ussit 50 plaquages en moins d'une heure !\"\/>RUGBY. XIII. Oubliez Dusautoir ou Burger, le capitaine des Dragons Catalans r\u00e9ussit 50 plaquages en moins d&rsquo;une heure !<\/a><\/p>\n<p>Eh bien, c\u2019est l\u00e0 que l\u2019intention des Dragons Catalans devient remarquable et pleine de respect pour ses racines. Pour cause,<strong> l\u2019\u00e9curie de Perpignan n\u2019est pas la premi\u00e8re \u00e9quipe professionnelle du rugby \u00e0 XIII fran\u00e7ais.<\/strong> Il s\u2019agit en r\u00e9alit\u00e9 du Paris Saint-Germain Rugby League, club soutenu par Jacques Fouroux et qui exista sur les saisons 1996 et 1997. \u00c0 cause de probl\u00e8mes financiers et politiques, avec les autres clubs fran\u00e7ais de rugby \u00e0 XIII, ce dernier n\u2019avait surv\u00e9cu durant seulement deux ann\u00e9es.<\/p>\n<p>Ainsi, les Dragons Catalans souhaitent rendre hommage, \u00e0 travers leur anniversaire et celui du championnat, au club qui a pos\u00e9 les premi\u00e8res pierres du XIII europ\u00e9en et professionnel en <a href=\"https:\/\/www.lerugbynistere.fr\/equipes-nationales\/xv-de-france.php\" ui-sref=\"app.team({teamId: 65})\" alt=\"France\" data-route=\"app.team\" data-param=\"teamId\" data-id=\"65\" rel=\"nofollow noopener\" target=\"_blank\">France<\/a>. Une id\u00e9e admirable qui annonce, sans doute, <strong>une grande f\u00eate des passionn\u00e9s de cette discipline dans l\u2019Hexagone.<\/strong> Face \u00e0 l\u2019un des plus grands clubs d\u2019Europe, Perpignan et l\u2019ensemble des treizistes du pays s\u2019offrent donc un &lsquo;mini-jubil\u00e9&rsquo; unique en son genre.<\/p>\n<blockquote class=\"twitter-tweet\"><p>&#13;<\/p>\n<p lang=\"fr\" dir=\"ltr\">Les Dragons ont officialis\u00e9 hier l\u2019organisation d\u2019un match \u00e0 \ud835\udc0f\ud835\udc1a\ud835\udc2b\ud835\udc22\ud835\udc2c en 2026 avant le coup d\u2019envoi du match face \u00e0 Wigan. <a href=\"https:\/\/t.co\/trJNcKbBwA\" rel=\"nofollow\">pic.twitter.com\/trJNcKbBwA<\/a><\/p>\n<p>&#13;<br \/>\n\u2014 Dragons Catalans (@DragonsOfficiel) <a href=\"https:\/\/twitter.com\/DragonsOfficiel\/status\/1949096085974065251?ref_src=twsrc%5Etfw\" rel=\"nofollow noopener\" target=\"_blank\">July 26, 2025<\/a><\/p><\/blockquote>\n<p><a class=\"inserer_lien_article\" href=\"https:\/\/www.lerugbynistere.fr\/news\/transfert-xv-ou-xiii-racing-92-ou-all-blacks-cette-superstar-seme-le-flou-sur-son-avenir-2104251609.php\" data-id=\"44730\" data-route=\"app.article\" data-param=\"articleId\" ui-sref=\"app.article({articleId: 44730})\" alt=\"TRANSFERT. XV ou XIII ? Racing 92 ou All Blacks ? Cette superstar s\u00e8me le flou sur son avenir\" title=\"TRANSFERT. XV ou XIII ? Racing 92 ou All Blacks ? Cette superstar s\u00e8me le flou sur son avenir\" rel=\"nofollow noopener\" target=\"_blank\"><img decoding=\"async\" src=\"https:\/\/www.europesays.com\/fr\/wp-content\/uploads\/2025\/07\/racing-92-21-04-25-9335.jpg\" alt=\"TRANSFERT. XV ou XIII ? Racing 92 ou All Blacks ? Cette superstar s\u00e8me le flou sur son avenir\"\/>TRANSFERT. XV ou XIII ? Racing 92 ou All Blacks ? Cette superstar s\u00e8me le flou sur son avenir<\/a><\/p>\n<p>Au moment de l\u2019officialisation de cette rencontre, les repr\u00e9sentants des diff\u00e9rents clubs et des divers acteurs des Dragons Catalans ont r\u00e9agi \u00e0 cette annonce. Petit clin d&rsquo;\u0153il \u00e0 l\u2019histoire, <strong>l\u2019actuel directeur des Wigan Warriors, Kris Radlinski, \u00e9tait joueur du c\u00f4t\u00e9 anglais lors du tout premier match de son club \u00e0 Paris.<\/strong> Il traduit cette d\u00e9localisation comme un \u201cimmense honneur\u201d. Bernard Guasch, pr\u00e9sident du club catalan, a d\u00e9taill\u00e9 son ressenti dans un <a href=\"http:\/\/www.catalansdragons.com\/articles-45\/300-12834-les-dragons-joueront-a-paris\/\" rel=\"nofollow noopener\" target=\"_blank\">communiqu\u00e9 officiel<\/a> :<\/p>\n<p class=\"citation\">En tant que Pr\u00e9sident des Dragons, c&rsquo;est un grand honneur de venir f\u00eater les 30 ans de la Super League \u00e0 Paris, l\u00e0 o\u00f9 tout a commenc\u00e9 en 1996. Ce sera le retour du rugby \u00e0 XIII professionnel dans notre Capitale et l&rsquo;\u00e9motion sera forte, je n&rsquo;en doute pas, du c\u00f4t\u00e9 fran\u00e7ais comme du c\u00f4t\u00e9 de nos amis anglais. Nous f\u00eaterons par la m\u00eame occasion les 20 ans de notre club. Que de chemin parcouru pour notre comp\u00e9tition et notre sport depuis ce 1er match du PSG au stade Charl\u00e9ty un soir d&rsquo;hiver 1996. Aujourd&rsquo;hui, les Dragons font partie int\u00e9grante de la Super League et repr\u00e9sentent une force ind\u00e9niable. Nous avons fait nos preuves de pers\u00e9v\u00e9rance et de sacrifices en 20 ans. Nous avons eu des moments magiques, inoubliables comme Wembley 2007 et 2018, Barcelone 2019 ou Old Trafford 2021 et 2023.\u201d<\/p>\n<p>Cependant, il est \u00e9vident que ce d\u00e9placement du c\u00f4t\u00e9 de la capitale fran\u00e7aise va \u00eatre un v\u00e9ritable d\u00e9fi logistique. M\u00eame si elle est officialis\u00e9e un peu plus de 10 mois \u00e0 l\u2019avance, <strong>cette d\u00e9localisation se trouve \u00e0 environ 850 kilom\u00e8tres de route, soit une belle trotte.<\/strong> En ce sens, les dirigeants catalans ont pr\u00e9vu le coup. Ils annoncent des \u201ctrains du XIII\u201d avec des moyens sp\u00e9ciaux mis en place pour faciliter ce voyage de Perpignan \u00e0 Paris. D\u2019apr\u00e8s le club, \u201cplusieurs formules sont \u00e0 l\u2019\u00e9tude\u201d donnant le choix aux supporters de privil\u00e9gier une sortie parisienne \u201csur la journ\u00e9e du samedi 6 juin 2026 ou sur le week-end.\u201d De plus, le prix maximum du billet restera raisonnable, avec un tarif plein \u00e0 40 \u20ac pour les plus on\u00e9reux.<\/p>\n<p><a class=\"inserer_lien_article\" href=\"https:\/\/www.lerugbynistere.fr\/news\/rugby-aime-giral-endommage-prejudice-colossal-coup-dur-pour-perpignan-avant-la-reprise-du-top-14-1007251135.php\" data-id=\"45520\" data-route=\"app.article\" data-param=\"articleId\" ui-sref=\"app.article({articleId: 45520})\" alt=\"RUGBY. Aim\u00e9-Giral endommag\u00e9, pr\u00e9judice colossal : coup dur pour Perpignan avant la reprise du Top 14\" title=\"RUGBY. Aim\u00e9-Giral endommag\u00e9, pr\u00e9judice colossal : coup dur pour Perpignan avant la reprise du Top 14\" rel=\"nofollow noopener\" target=\"_blank\"><img decoding=\"async\" src=\"https:\/\/www.europesays.com\/fr\/wp-content\/uploads\/2025\/07\/usap-10-07-25-6762.jpg\" alt=\"RUGBY. Aim\u00e9-Giral endommag\u00e9, pr\u00e9judice colossal : coup dur pour Perpignan avant la reprise du Top 14\"\/>RUGBY. Aim\u00e9-Giral endommag\u00e9, pr\u00e9judice colossal : coup dur pour Perpignan avant la reprise du Top 14<\/a><\/p>\n<p>                            <script async src=\"https:\/\/platform.twitter.com\/widgets.js\" charset=\"utf-8\"><\/script><\/p>\n","protected":false},"excerpt":{"rendered":"Cette d\u00e9localisation peut sembler insolite et incompr\u00e9hensible, mais elle est en fait pleine de sens. Avant leur match&hellip;\n","protected":false},"author":2,"featured_media":278372,"comment_status":"","ping_status":"","sticky":false,"template":"","format":"standard","meta":{"footnotes":""},"categories":[1416],"tags":[1011,27,479,1468,60],"class_list":{"0":"post-278371","1":"post","2":"type-post","3":"status-publish","4":"format-standard","5":"has-post-thumbnail","7":"category-rugby","8":"tag-fr","9":"tag-france","10":"tag-rugby","11":"tag-rugby-football","12":"tag-sports"},"share_on_mastodon":{"url":"https:\/\/pubeurope.com\/@fr\/114927761183772357","error":""},"_links":{"self":[{"href":"https:\/\/www.europesays.com\/fr\/wp-json\/wp\/v2\/posts\/278371","targetHints":{"allow":["GET"]}}],"collection":[{"href":"https:\/\/www.europesays.com\/fr\/wp-json\/wp\/v2\/posts"}],"about":[{"href":"https:\/\/www.europesays.com\/fr\/wp-json\/wp\/v2\/types\/post"}],"author":[{"embeddable":true,"href":"https:\/\/www.europesays.com\/fr\/wp-json\/wp\/v2\/users\/2"}],"replies":[{"embeddable":true,"href":"https:\/\/www.europesays.com\/fr\/wp-json\/wp\/v2\/comments?post=278371"}],"version-history":[{"count":0,"href":"https:\/\/www.europesays.com\/fr\/wp-json\/wp\/v2\/posts\/278371\/revisions"}],"wp:featuredmedia":[{"embeddable":true,"href":"https:\/\/www.europesays.com\/fr\/wp-json\/wp\/v2\/media\/278372"}],"wp:attachment":[{"href":"https:\/\/www.europesays.com\/fr\/wp-json\/wp\/v2\/media?parent=278371"}],"wp:term":[{"taxonomy":"category","embeddable":true,"href":"https:\/\/www.europesays.com\/fr\/wp-json\/wp\/v2\/categories?post=278371"},{"taxonomy":"post_tag","embeddable":true,"href":"https:\/\/www.europesays.com\/fr\/wp-json\/wp\/v2\/tags?post=278371"}],"curies":[{"name":"wp","href":"https:\/\/api.w.org\/{rel}","templated":true}]}}