{"id":278377,"date":"2025-07-27T23:23:14","date_gmt":"2025-07-27T23:23:14","guid":{"rendered":"https:\/\/www.europesays.com\/fr\/278377\/"},"modified":"2025-07-27T23:23:14","modified_gmt":"2025-07-27T23:23:14","slug":"oscar-piastri-remporte-le-grand-prix-de-belgique-de-formule-1","status":"publish","type":"post","link":"https:\/\/www.europesays.com\/fr\/278377\/","title":{"rendered":"Oscar Piastri remporte le Grand Prix de Belgique de formule\u00a01"},"content":{"rendered":"<p>                          <img loading=\"lazy\" decoding=\"async\" src=\"https:\/\/www.europesays.com\/fr\/wp-content\/uploads\/2025\/07\/07b93f3_ftp-import-images-1-rgndcezh0vda-2025-07-27t161614z-837442058-up1el7r196yx1-rtrmadp-3-motor-.jpeg\" alt=\"Oscar Piastri c\u00e9l\u00e8bre sa victoire au Grand Prix de Belgique de formule\u00a01, le 27\u00a0juillet\u00a02025.\"   width=\"664\" height=\"443\"\/>    Oscar Piastri c\u00e9l\u00e8bre sa victoire au Grand Prix de Belgique de formule\u00a01, le 27\u00a0juillet\u00a02025.  YVES HERMAN \/ REUTERS                   <\/p>\n<p class=\"article__paragraph  \">L\u2019Australie Oscar Piastri a remport\u00e9 le Grand Prix de Belgique de formule\u00a01, dimanche 27\u00a0juillet, sur le circuit de Spa-Francorchamps. Le pilote McLaren devance sur la ligne d\u2019arriv\u00e9e son co\u00e9quipier britannique Lando Norris, au terme d\u2019une course dont le d\u00e9part a \u00e9t\u00e9 retard\u00e9 par la pluie. <a href=\"https:\/\/www.lemonde.fr\/sport\/article\/2025\/04\/20\/oscar-piastri-ancien-pilote-honni-lorgne-les-cimes-de-la-formule-1-et-de-son-ecurie-mclaren_6598290_3242.html\" rel=\"nofollow noopener\" target=\"_blank\">Oscar Piastri<\/a> a d\u00e9pass\u00e9 son voisin de garage britannique, parti en pole position, au bout de la premi\u00e8re ligne droite et a ensuite conserv\u00e9 la t\u00eate jusqu\u2019au bout.<\/p>\n<p>   Lire plus tard  <\/p>\n<p class=\"article__paragraph  \">Le podium est compl\u00e9t\u00e9 par le Mon\u00e9gasque Charles Leclerc (Ferrari), qui a r\u00e9sist\u00e9 au retour du N\u00e9erlandais Max Verstappen (Red Bull) en fin d\u2019\u00e9preuve. Au terme de cette treizi\u00e8me manche \u2013 sur vingt-quatre \u2013 de la saison, Oscar Piastri occupe toujours la premi\u00e8re place du classement des pilotes, avec d\u00e9sormais 16 points d\u2019avance sur Lando Norris, <a href=\"https:\/\/www.lemonde.fr\/sport\/article\/2025\/07\/06\/lando-norris-et-les-mclaren-resistent-aux-intemperies-pour-triompher-a-domicile_6619341_3242.html\" rel=\"nofollow noopener\" target=\"_blank\">vainqueur des deux derniers Grands Prix<\/a>.<\/p>\n<p class=\"author__detail\">  Le Monde avec AFP  <\/p>\n<p>L\u2019espace des contributions est r\u00e9serv\u00e9 aux abonn\u00e9s.<\/p>\n<p>Abonnez-vous pour acc\u00e9der \u00e0 cet espace d\u2019\u00e9change et contribuer \u00e0 la discussion.<\/p>\n<p>    <a href=\"https:\/\/abo.lemonde.fr\/?lmd_medium=BOUTONS_LMFR&amp;lmd_campaign=CONTRIBUTION_ARTICLE\" class=\"btn btn--premium js-btn-premium\" rel=\"nofollow noopener\" target=\"_blank\">S\u2019abonner<\/a>          <\/p>\n<p class=\"comments__active comments__tooltip\">Contribuer<\/p>\n<p>      <a href=\"https:\/\/www.lemonde.fr\/syndication\/\" class=\"reuse__content\" title=\"R\u00e9utiliser ce contenu\" target=\"_blank\" rel=\"nofollow noopener\">R\u00e9utiliser ce contenu<\/a>      <\/p>\n","protected":false},"excerpt":{"rendered":"Oscar Piastri c\u00e9l\u00e8bre sa victoire au Grand Prix de Belgique de formule\u00a01, le 27\u00a0juillet\u00a02025. YVES HERMAN \/ REUTERS&hellip;\n","protected":false},"author":2,"featured_media":278378,"comment_status":"","ping_status":"","sticky":false,"template":"","format":"standard","meta":{"footnotes":""},"categories":[1412],"tags":[1451,1452,1453,1454,1455,1011,27,60],"class_list":{"0":"post-278377","1":"post","2":"type-post","3":"status-publish","4":"format-standard","5":"has-post-thumbnail","7":"category-f1","8":"tag-f1","9":"tag-formula-1","10":"tag-formula1","11":"tag-formule-1","12":"tag-formule1","13":"tag-fr","14":"tag-france","15":"tag-sports"},"share_on_mastodon":{"url":"https:\/\/pubeurope.com\/@fr\/114927776858248411","error":""},"_links":{"self":[{"href":"https:\/\/www.europesays.com\/fr\/wp-json\/wp\/v2\/posts\/278377","targetHints":{"allow":["GET"]}}],"collection":[{"href":"https:\/\/www.europesays.com\/fr\/wp-json\/wp\/v2\/posts"}],"about":[{"href":"https:\/\/www.europesays.com\/fr\/wp-json\/wp\/v2\/types\/post"}],"author":[{"embeddable":true,"href":"https:\/\/www.europesays.com\/fr\/wp-json\/wp\/v2\/users\/2"}],"replies":[{"embeddable":true,"href":"https:\/\/www.europesays.com\/fr\/wp-json\/wp\/v2\/comments?post=278377"}],"version-history":[{"count":0,"href":"https:\/\/www.europesays.com\/fr\/wp-json\/wp\/v2\/posts\/278377\/revisions"}],"wp:featuredmedia":[{"embeddable":true,"href":"https:\/\/www.europesays.com\/fr\/wp-json\/wp\/v2\/media\/278378"}],"wp:attachment":[{"href":"https:\/\/www.europesays.com\/fr\/wp-json\/wp\/v2\/media?parent=278377"}],"wp:term":[{"taxonomy":"category","embeddable":true,"href":"https:\/\/www.europesays.com\/fr\/wp-json\/wp\/v2\/categories?post=278377"},{"taxonomy":"post_tag","embeddable":true,"href":"https:\/\/www.europesays.com\/fr\/wp-json\/wp\/v2\/tags?post=278377"}],"curies":[{"name":"wp","href":"https:\/\/api.w.org\/{rel}","templated":true}]}}