{"id":278379,"date":"2025-07-27T23:24:12","date_gmt":"2025-07-27T23:24:12","guid":{"rendered":"https:\/\/www.europesays.com\/fr\/278379\/"},"modified":"2025-07-27T23:24:12","modified_gmt":"2025-07-27T23:24:12","slug":"tdf-tour-de-france-jonas-vingegaard-jai-ete-meilleur-que-jamais-mais-aussi","status":"publish","type":"post","link":"https:\/\/www.europesays.com\/fr\/278379\/","title":{"rendered":"TDF. Tour de France &#8211; Jonas Vingegaard : \u00abJ&rsquo;ai \u00e9t\u00e9 meilleur que jamais, mais aussi&#8230;\u00bb"},"content":{"rendered":"<p>Comme en 2021 et 2024, <strong>Jonas Vingegaard<\/strong> a termin\u00e9 \u00e0 la 2e place du <strong>Tour de France<\/strong> derri\u00e8re son grand rival <strong><a href=\"https:\/\/www.cyclismactu.net\/..\/news-tdf-route-tour-de-france-tadej-pogacar-wout-van-aert-etait-incroyablement-fort-89283.html\" target=\"_blank\" rel=\"nofollow noopener\">Tadej Pogacar<\/a><\/strong> (UAE Team Emirates-XRG). Si l&rsquo;\u00e9cart avec le champion du monde slov\u00e8ne s&rsquo;est un peu r\u00e9duit (4&rsquo;24\u00a0\u00bb contre 6&rsquo;17\u00a0\u00bb l&rsquo;an pass\u00e9), il semble d\u00e9sormais assez clair que le Danois \u00e9volue un ton en-dessous du quadruple vainqueur de la Grande Boucle. Ce qui n&rsquo;a pas emp\u00each\u00e9 le leader de la <strong>Visma | Lease a Bike<\/strong> d&rsquo;appara\u00eetre tout sourire en conf\u00e9rence de presse ce dimanche soir suite au podium sur les\u00a0Champs-\u00c9lys\u00e9es pour r\u00e9pondre \u00e0 quelques question des journalistes, aux c\u00f4t\u00e9s de son co\u00e9quipier et vainqueur de la 21e \u00e9tape <strong><a href=\"https:\/\/www.cyclismactu.net\/..\/news-tdf-route-tour-de-france-wout-van-aert-tadej-pogacar-etait-plus-fort-sur-ce-tour-89281.html\" target=\"_blank\" rel=\"nofollow noopener\">Wout Van Aert<\/a><\/strong>. Avec quelques informations int\u00e9ressantes, notamment la confirmation qu&rsquo;il a selon lui \u00e9volu\u00e9 \u00e0 un niveau qu&rsquo;il n&rsquo;avait encore jamais atteint dans sa carri\u00e8re sur ces trois semaines.<\/p>\n<p>Vid\u00e9o &#8211; La conf de presse de Jonas Vingegaard, 2e du Tour 2025 Lire la suite de l&rsquo;article&#13;<\/p>\n<p>\u00a0<\/p>\n<p>&#13;<\/p>\n<p><strong>Quel est votre sentiment apr\u00e8s cette 21e \u00e9tape et votre podium sur ce Tour de France 2025 ?<\/strong><\/p>\n<p>&#13;<\/p>\n<p>C&rsquo;est toujours sp\u00e9cial de venir \u00e0 Paris. C&rsquo;est la fin de la plus grande course du monde, et il y a tellement de monde. Normalement, il fait beau, mais aujourd&rsquo;hui, c&rsquo;\u00e9tait horrible. D&rsquo;une certaine mani\u00e8re, c&rsquo;est vraiment sp\u00e9cial d&rsquo;\u00eatre ici et sur le podium. C&rsquo;est clair que quand je repense \u00e0 ma carri\u00e8re et \u00e0 ce que j&rsquo;ai accompli, je pense que c&rsquo;est quelque chose dont je peux \u00eatre fier : j&rsquo;ai couru le Tour de France cinq fois et suis mont\u00e9 sur le podium cinq fois. C&rsquo;est clair que j&rsquo;aurais aim\u00e9 gagner. Je ne le cache pas, mais c&rsquo;est quand m\u00eame quelque chose dont je peux \u00eatre fier.<\/p>\n<p>&#13;<\/p>\n<p>\u00a0<\/p>\n<p>&#13;<\/p>\n<p class=\"Paragraph__content\"><strong>Jonas, votre\u00a0\u00e9quipe Visma | Lease a Bike a dit que vous aviez atteint votre meilleur niveau de performance sur ce Tour. Pouvez-vous confirmer cela et en tirer de la satisfaction malgr\u00e9 votre 2e place\u00a0?<\/strong><\/p>\n<p class=\"Paragraph__content\">Oui, sur certaines \u00e9tapes \u00e7&rsquo;a \u00e9t\u00e9 le cas. Et sur d&rsquo;autres, j&rsquo;ai connu mon niveau le plus bas depuis plusieurs ann\u00e9es. Donc il y a la confirmation que j&rsquo;ai \u00e9t\u00e9 meilleur que je ne l&rsquo;ai jamais \u00e9t\u00e9 mais aussi que je pouvais avoir de mauvaises journ\u00e9es.\u00a0Je suis venu ici pour gagner le Tour de France, et je pense que c\u2019\u00e9tait r\u00e9aliste d\u2019une certaine mani\u00e8re. Mais avec mes deux mauvaises journ\u00e9es, j\u2019ai perdu beaucoup de temps. Sur mes 5 podiums sur le Tour, c\u2019est celui dont je suis le moins satisfait.<\/p>\n<p>&#13;<\/p>\n<p>\u00a0<\/p>\n<p>&#13;<\/p>\n<p class=\"Paragraph__content\"><strong>Le Tour a toujours \u00e9t\u00e9 votre principal objectif ces derni\u00e8res ann\u00e9es. Est-ce que \u00e7a pourrait changer dans le futur\u00a0?<\/strong><\/p>\n<p class=\"Paragraph__content\">J&rsquo;ai toujours dit que j&rsquo;aimerais participer au Giro un jour. Je ne dis pas que ce sera d\u00e8s l&rsquo;ann\u00e9e prochaine mais on doit en discuter avec l&rsquo;\u00e9quipe. On fera nos plans cet hiver et on verra.<\/p>\n<p class=\"Paragraph__content\">\u00a0<\/p>\n<p>&#13;<\/p>\n<p class=\"Paragraph__content\"><strong>Vous vous tournez d\u00e9sormais vers la Vuelta. Quel est votre programme ces prochains jours\u00a0?<\/strong><\/p>\n<p class=\"Paragraph__content\">D&rsquo;abord, je vais faire une semaine plus ou moins tranquille avant de recommencer \u00e0 m&rsquo;entra\u00eener. En fait, il s&rsquo;agira surtout d&rsquo;attendre de me sentir frais \u00e0 nouveau. Puis on aura que deux semaines et demie d&rsquo;entra\u00eenement, ce qui ne laisse pas beaucoup de temps mais je l&rsquo;ai fait il y a deux ans et \u00e7a s&rsquo;\u00e9tait plut\u00f4t bien pass\u00e9\u00a0(2e place derri\u00e8re son co\u00e9quipier Sepp Kuss). J&rsquo;esp\u00e8re que ce sera encore le cas.<\/p>\n<p class=\"Paragraph__content\">\u00a0<\/p>\n<p>&#13;<\/p>\n<p class=\"Paragraph__content\"><strong>Qu&rsquo;avez-vous pens\u00e9 du circuit par Montmartre ce dimanche\u00a0?<\/strong><\/p>\n<p class=\"Paragraph__content\">Je n&rsquo;ai pas trop aim\u00e9 mais j&rsquo;ai appr\u00e9ci\u00e9 entendre \u00e0 la radio ce qu&rsquo;il se passait (la victoire de son co\u00e9quipier Wout Van Aert, ndlr) alors que je souffrais sur les pav\u00e9s. C&rsquo;\u00e9tait une bonne d\u00e9cision de geler les temps au g\u00e9n\u00e9ral.<\/p>\n<p>Tour de France &#8211; Classement de la 21\u00e8 \u00e9tape Tour de France &#8211; Classement g\u00e9n\u00e9ral<\/p>\n","protected":false},"excerpt":{"rendered":"Comme en 2021 et 2024, Jonas Vingegaard a termin\u00e9 \u00e0 la 2e place du Tour de France derri\u00e8re&hellip;\n","protected":false},"author":2,"featured_media":278380,"comment_status":"","ping_status":"","sticky":false,"template":"","format":"standard","meta":{"footnotes":""},"categories":[1411],"tags":[1154,207,211,1011,27,209,60,210,212,208,213],"class_list":{"0":"post-278379","1":"post","2":"type-post","3":"status-publish","4":"format-standard","5":"has-post-thumbnail","7":"category-cyclisme","8":"tag-cycling","9":"tag-cyclisme","10":"tag-ffc","11":"tag-fr","12":"tag-france","13":"tag-route","14":"tag-sports","15":"tag-tour-de-france","16":"tag-uci","17":"tag-velo","18":"tag-world-tour"},"share_on_mastodon":{"url":"https:\/\/pubeurope.com\/@fr\/114927780715096625","error":""},"_links":{"self":[{"href":"https:\/\/www.europesays.com\/fr\/wp-json\/wp\/v2\/posts\/278379","targetHints":{"allow":["GET"]}}],"collection":[{"href":"https:\/\/www.europesays.com\/fr\/wp-json\/wp\/v2\/posts"}],"about":[{"href":"https:\/\/www.europesays.com\/fr\/wp-json\/wp\/v2\/types\/post"}],"author":[{"embeddable":true,"href":"https:\/\/www.europesays.com\/fr\/wp-json\/wp\/v2\/users\/2"}],"replies":[{"embeddable":true,"href":"https:\/\/www.europesays.com\/fr\/wp-json\/wp\/v2\/comments?post=278379"}],"version-history":[{"count":0,"href":"https:\/\/www.europesays.com\/fr\/wp-json\/wp\/v2\/posts\/278379\/revisions"}],"wp:featuredmedia":[{"embeddable":true,"href":"https:\/\/www.europesays.com\/fr\/wp-json\/wp\/v2\/media\/278380"}],"wp:attachment":[{"href":"https:\/\/www.europesays.com\/fr\/wp-json\/wp\/v2\/media?parent=278379"}],"wp:term":[{"taxonomy":"category","embeddable":true,"href":"https:\/\/www.europesays.com\/fr\/wp-json\/wp\/v2\/categories?post=278379"},{"taxonomy":"post_tag","embeddable":true,"href":"https:\/\/www.europesays.com\/fr\/wp-json\/wp\/v2\/tags?post=278379"}],"curies":[{"name":"wp","href":"https:\/\/api.w.org\/{rel}","templated":true}]}}