{"id":278383,"date":"2025-07-27T23:26:11","date_gmt":"2025-07-27T23:26:11","guid":{"rendered":"https:\/\/www.europesays.com\/fr\/278383\/"},"modified":"2025-07-27T23:26:11","modified_gmt":"2025-07-27T23:26:11","slug":"christine-kelly-en-mode-vahine-ultra-sexy-en-plein-cours-de-danse-en-polynesie","status":"publish","type":"post","link":"https:\/\/www.europesays.com\/fr\/278383\/","title":{"rendered":"Christine Kelly en mode vahin\u00e9 : ultra-sexy en plein cours de danse en Polyn\u00e9sie !"},"content":{"rendered":"<p>L&rsquo;\u00e9t\u00e9 bat son plein, l&rsquo;occasion pour de nombreux Fran\u00e7ais de partir en vacances. Nos c\u00e9l\u00e9brit\u00e9s ne font pas exception et profitent \u00e9galement de la p\u00e9riode <strong>pour prendre un peu de repos<\/strong>.<\/p>\n<p>Christine Kelly, <strong>la pr\u00e9sentatrice embl\u00e9matique<\/strong> de l&rsquo;\u00e9mission Face \u00e0 l&rsquo;Info, diffus\u00e9e sur CNews, a partag\u00e9 un aper\u00e7u de ses vacances sur son compte Instagram.<\/p>\n<p>Des vacances bien m\u00e9rit\u00e9es pour Christine Kelly avant son retour sur CNews<\/p>\n<p>C&rsquo;est <a href=\"https:\/\/www.public.fr\/changez-de-destination-agacee-vaimalama-chaves-demande-aux-francais-qui-n-ont-rien-compris-de-ne-pas-venir-en-polynesie\" target=\"_blank\" rel=\"noopener\">la Polyn\u00e9sie fran\u00e7aise<\/a> que Christine Kelly a choisie comme destination pour ses vacances d&rsquo;\u00e9t\u00e9. <strong>L&rsquo;animatrice star de CNews<\/strong>, qui r\u00e9alise d&rsquo;excellentes audiences tout au long de l&rsquo;ann\u00e9e, reviendra sur son plateau \u00e0 la fin du mois d&rsquo;ao\u00fbt, retrouvant ses diff\u00e9rents chroniqueurs, comme Marc Menant, Charlotte d&rsquo;Ornellas <strong>ou Mathieu Bock-C\u00f4t\u00e9<\/strong>.<\/p>\n<p>Pour le moment, <strong>elle profite pleinement du soleil<\/strong>, des traditions locales, mais aussi de cours de danse. \u00c0 l&rsquo;\u00e9cran comme sur les r\u00e9seaux sociaux, Christine Kelly fait preuve d&rsquo;\u00e9l\u00e9gance et de l\u00e9g\u00e8ret\u00e9. Elle partage r\u00e9guli\u00e8rement avec des abonn\u00e9s <strong>des instants de quotidien<\/strong>.<\/p>\n<p>Christine Kelly se d\u00e9voile dans une tenue sexy sur Instagram<\/p>\n<p><a href=\"https:\/\/www.public.fr\/christine-kelly-en-passe-de-rejoindre-europe-1\" target=\"_blank\" rel=\"noopener\">L&rsquo;ancienne membre du CSA<\/a> a r\u00e9cemment publi\u00e9 une vid\u00e9o d&rsquo;elle sur son compte Instagram. On la d\u00e9couvre en plein cours de danse traditionnelle polyn\u00e9sienne. <strong>Elle est v\u00eatue d&rsquo;une jupe \u00e0 fleurs<\/strong> et arbore, comme \u00e0 son habitude, un sourire \u00e9clatant.<\/p>\n<p>\u00ab\u00a0Ma devise : <strong>Toujours apprendre. Apprendre encore.<\/strong> Et conna\u00eetre o\u00f9 se situent ses forces pour mieux rire de ses faiblesses\u00a0\u00bb, \u00e9crit-elle en l\u00e9gende. Parmi les commentaires de la publication, les compliments pleuvent par dizaines : \u00ab\u00a0Toujours aussi belle, solaire, <strong>votre sourire nous embellit notre journ\u00e9e !<\/strong>\u00ab\u00a0, \u00ab\u00a0Magnifique femme !! Quelle beaut\u00e9 !!\u00a0\u00bb.<\/p>\n<p>Un attachement fort \u00e0 la Polyn\u00e9sie<\/p>\n<p>Ce n&rsquo;est pas un hasard si Christine Kelly a choisi de partir pour la Polyn\u00e9sie cet \u00e9t\u00e9. Lors d&rsquo;un entretien accord\u00e9 au Journal du Dimanche, elle confiait <strong>son attachement \u00e0 cette r\u00e9gion<\/strong>, dans laquelle les traditions tiennent une place encore tr\u00e8s importante, contrairement \u00e0 la m\u00e9tropole o\u00f9 elles tendent \u00e0 s&rsquo;effacer. Cela fait plusieurs ann\u00e9es <strong>qu&rsquo;elle se rend r\u00e9guli\u00e8rement<\/strong> \u00e0 Tahiti et dans les \u00eeles voisines, charm\u00e9e par la bienveillance des habitants.<\/p>\n<p>De fa\u00e7on plus professionnelle, elle avait \u00e9galement enqu\u00eat\u00e9 sur l&rsquo;absence de mosqu\u00e9es en Polyn\u00e9sie, territoire o\u00f9 <strong>la religion chr\u00e9tienne est tr\u00e8s pr\u00e9sente<\/strong>. En 2013, de nombreux habitants avaient protest\u00e9 contre l\u2019ouverture <a href=\"https:\/\/www.public.fr\/koh-lanta-converti-a-l-islam-ce-candidat-emblematique-annonce-construire-la-premiere-mosquee-luxembourgeoise\" target=\"_blank\" rel=\"noopener\">d\u2019un lieu de culte musulman<\/a>. Celle-ci avait \u00e9t\u00e9 per\u00e7ue comme une atteinte \u00e0 la culture locale et<strong> la mosqu\u00e9e<\/strong> <strong>avait rapidement d\u00fb fermer<\/strong>.<\/p>\n<p>      Mentionn\u00e9s dans cet article<\/p>\n<p>\u00c0 lire aussi<\/p>\n","protected":false},"excerpt":{"rendered":"L&rsquo;\u00e9t\u00e9 bat son plein, l&rsquo;occasion pour de nombreux Fran\u00e7ais de partir en vacances. Nos c\u00e9l\u00e9brit\u00e9s ne font pas&hellip;\n","protected":false},"author":2,"featured_media":278384,"comment_status":"","ping_status":"","sticky":false,"template":"","format":"standard","meta":{"footnotes":""},"categories":[1359],"tags":[26046,58,59,1011,27,973],"class_list":{"0":"post-278383","1":"post","2":"type-post","3":"status-publish","4":"format-standard","5":"has-post-thumbnail","7":"category-people","8":"tag-christine-kelly","9":"tag-divertissement","10":"tag-entertainment","11":"tag-fr","12":"tag-france","13":"tag-people"},"share_on_mastodon":{"url":"https:\/\/pubeurope.com\/@fr\/114927788638996138","error":""},"_links":{"self":[{"href":"https:\/\/www.europesays.com\/fr\/wp-json\/wp\/v2\/posts\/278383","targetHints":{"allow":["GET"]}}],"collection":[{"href":"https:\/\/www.europesays.com\/fr\/wp-json\/wp\/v2\/posts"}],"about":[{"href":"https:\/\/www.europesays.com\/fr\/wp-json\/wp\/v2\/types\/post"}],"author":[{"embeddable":true,"href":"https:\/\/www.europesays.com\/fr\/wp-json\/wp\/v2\/users\/2"}],"replies":[{"embeddable":true,"href":"https:\/\/www.europesays.com\/fr\/wp-json\/wp\/v2\/comments?post=278383"}],"version-history":[{"count":0,"href":"https:\/\/www.europesays.com\/fr\/wp-json\/wp\/v2\/posts\/278383\/revisions"}],"wp:featuredmedia":[{"embeddable":true,"href":"https:\/\/www.europesays.com\/fr\/wp-json\/wp\/v2\/media\/278384"}],"wp:attachment":[{"href":"https:\/\/www.europesays.com\/fr\/wp-json\/wp\/v2\/media?parent=278383"}],"wp:term":[{"taxonomy":"category","embeddable":true,"href":"https:\/\/www.europesays.com\/fr\/wp-json\/wp\/v2\/categories?post=278383"},{"taxonomy":"post_tag","embeddable":true,"href":"https:\/\/www.europesays.com\/fr\/wp-json\/wp\/v2\/tags?post=278383"}],"curies":[{"name":"wp","href":"https:\/\/api.w.org\/{rel}","templated":true}]}}