{"id":278385,"date":"2025-07-27T23:27:22","date_gmt":"2025-07-27T23:27:22","guid":{"rendered":"https:\/\/www.europesays.com\/fr\/278385\/"},"modified":"2025-07-27T23:27:22","modified_gmt":"2025-07-27T23:27:22","slug":"luzech-retour-a-lan-2000-a-travers-les-visages-du-passe","status":"publish","type":"post","link":"https:\/\/www.europesays.com\/fr\/278385\/","title":{"rendered":"Luzech. Retour \u00e0 l\u2019an 2000 \u00e0 travers les visages du pass\u00e9"},"content":{"rendered":"<p>Sur les murs de l\u2019ancien local de l\u2019office de tourisme, depuis le 19 juillet, une exposition photographique retrace l\u2019an 2000, tel qu\u2019il fut v\u00e9cu par de nombreux Luz\u00e9chois. Intitul\u00e9e \u00ab\u00a0Arr\u00eat sur Images\u00a0\u00bb, cette r\u00e9trospective unique propose aux habitants de se replonger dans l\u2019\u00e2me du village et les visages, fig\u00e9s il y a tout juste 25 ans.<\/p>\n<p>En l\u2019an 2000, la commune avait souhait\u00e9 marquer son entr\u00e9e dans le nouveau mill\u00e9naire en immortalisant ses habitants. Des photos de groupes furent prises, quartier par quartier, capturant l\u2019\u00e9lan d\u2019une communaut\u00e9 rassembl\u00e9e, tout comme les commer\u00e7ants et artisans de l\u2019\u00e9poque devant leur vitrine, les viticulteurs, les enfants des \u00e9coles ou les pompiers. M\u00eame les coulisses n\u2019ont pas \u00e9t\u00e9 oubli\u00e9es, avec quelques clich\u00e9s retra\u00e7ant l\u2019installation des estrades par les agents municipaux. Ces images longtemps accroch\u00e9es aux murs de la mairie ou dormantes dans les archives, ont \u00e9t\u00e9 patiemment rassembl\u00e9es par les \u00e9lus d\u2019aujourd\u2019hui, avec le soutien de l\u2019association la Trincade.<\/p>\n<p>L\u2019exposition \u00e9ph\u00e9m\u00e8re se veut un geste de transmission. Chaque photographie est un \u00e9clat de m\u00e9moire et la fiert\u00e9 d\u2019appartenir \u00e0 un lieu, \u00e0 un instant pr\u00e9cis. Sans nostalgie pesante mais avec une \u00e9motion sinc\u00e8re, les visiteurs s\u2019arr\u00eatent, regardent et se souviennent. Cette exposition est visible jusqu\u2019\u00e0 fin septembre, chaque mercredi de 10 heures \u00e0 12 h 30 et de 14 \u00e0 18 heures, ainsi que les samedis de 10 heures \u00e0 12 h 30. Les clich\u00e9s sont propos\u00e9s \u00e0 la vente et les fonds r\u00e9colt\u00e9s seront consacr\u00e9s \u00e0 la r\u00e9habilitation de la Tour de Luzech.<\/p>\n","protected":false},"excerpt":{"rendered":"Sur les murs de l\u2019ancien local de l\u2019office de tourisme, depuis le 19 juillet, une exposition photographique retrace&hellip;\n","protected":false},"author":2,"featured_media":278386,"comment_status":"","ping_status":"","sticky":false,"template":"","format":"standard","meta":{"footnotes":""},"categories":[1358],"tags":[1348,1384,1385,1386,58,59,1011,27],"class_list":{"0":"post-278385","1":"post","2":"type-post","3":"status-publish","4":"format-standard","5":"has-post-thumbnail","7":"category-arts-et-design","8":"tag-arts","9":"tag-arts-and-design","10":"tag-arts-et-design","11":"tag-design","12":"tag-divertissement","13":"tag-entertainment","14":"tag-fr","15":"tag-france"},"share_on_mastodon":{"url":"https:\/\/pubeurope.com\/@fr\/114927792502172805","error":""},"_links":{"self":[{"href":"https:\/\/www.europesays.com\/fr\/wp-json\/wp\/v2\/posts\/278385","targetHints":{"allow":["GET"]}}],"collection":[{"href":"https:\/\/www.europesays.com\/fr\/wp-json\/wp\/v2\/posts"}],"about":[{"href":"https:\/\/www.europesays.com\/fr\/wp-json\/wp\/v2\/types\/post"}],"author":[{"embeddable":true,"href":"https:\/\/www.europesays.com\/fr\/wp-json\/wp\/v2\/users\/2"}],"replies":[{"embeddable":true,"href":"https:\/\/www.europesays.com\/fr\/wp-json\/wp\/v2\/comments?post=278385"}],"version-history":[{"count":0,"href":"https:\/\/www.europesays.com\/fr\/wp-json\/wp\/v2\/posts\/278385\/revisions"}],"wp:featuredmedia":[{"embeddable":true,"href":"https:\/\/www.europesays.com\/fr\/wp-json\/wp\/v2\/media\/278386"}],"wp:attachment":[{"href":"https:\/\/www.europesays.com\/fr\/wp-json\/wp\/v2\/media?parent=278385"}],"wp:term":[{"taxonomy":"category","embeddable":true,"href":"https:\/\/www.europesays.com\/fr\/wp-json\/wp\/v2\/categories?post=278385"},{"taxonomy":"post_tag","embeddable":true,"href":"https:\/\/www.europesays.com\/fr\/wp-json\/wp\/v2\/tags?post=278385"}],"curies":[{"name":"wp","href":"https:\/\/api.w.org\/{rel}","templated":true}]}}