{"id":278391,"date":"2025-07-27T23:30:15","date_gmt":"2025-07-27T23:30:15","guid":{"rendered":"https:\/\/www.europesays.com\/fr\/278391\/"},"modified":"2025-07-27T23:30:15","modified_gmt":"2025-07-27T23:30:15","slug":"selfie-avec-le-boss-qui-va-bientot-reapparaitre","status":"publish","type":"post","link":"https:\/\/www.europesays.com\/fr\/278391\/","title":{"rendered":"selfie avec le \u201cboss\u201d qui va bient\u00f4t r\u00e9appara\u00eetre"},"content":{"rendered":"<p>Il est le \u201cboss\u201d pour toutes les g\u00e9n\u00e9rations. Quel que soit leur style musical, les artistes fran\u00e7ais citent souvent <a data-i13n=\"cpos:1;pos:1\" href=\"https:\/\/www.purepeople.com\/people\/jean-jacques-goldman_p288\" rel=\"nofollow noopener\" target=\"_blank\" data-ylk=\"slk:Jean-Jacques Goldman;cpos:1;pos:1;elm:context_link;itc:0;sec:content-canvas\" class=\"link \">Jean-Jacques Goldman<\/a> comme une r\u00e9f\u00e9rence incontournable. L\u2019auteur-compositeur-interpr\u00e8te n\u2019a pas sorti d\u2019album depuis 2003. Il s\u2019est<strong> retir\u00e9 de la vie publique depuis son retrait des Enfoir\u00e9s en 2016<\/strong>. Il y a neuf ans donc. Mais il devrait bient\u00f4t faire son retour, pour le plus grand plaisir des Fran\u00e7ais qui le citent toujours parmi leurs personnalit\u00e9s pr\u00e9f\u00e9r\u00e9es de l\u2019ann\u00e9e malgr\u00e9 son absence sous les projecteurs.<\/p>\n<p>Et cet \u00e9t\u00e9, il a crois\u00e9 un fan inattendu. Un rappeur a <a data-i13n=\"cpos:2;pos:1\" href=\"https:\/\/fr.news.yahoo.com\/jean-jacques-goldman-retour-france-073800834.html\" data-ylk=\"slk:vu le chanteur par hasard;cpos:2;pos:1;elm:context_link;itc:0;sec:content-canvas;outcm:mb_qualified_link;_E:mb_qualified_link;ct:story;\" class=\"link  yahoo-link\" target=\"_blank\" rel=\"noopener\">vu le chanteur par hasard<\/a> et n\u2019a pu s\u2019emp\u00eacher d\u2019immortaliser l\u2019instant. Samedi 26 juillet 2025, Oli a publi\u00e9 en story Instagram un selfie avec Jean-Jacques Goldman. On peut lire en l\u00e9gende : \u201c<strong>Balade nocturne avec le boss final<\/strong>\u201d. Les deux artistes apparaissent debout, de nuit, dans ce qui semble \u00eatre un m\u00e9tro. Avec son fr\u00e8re BigFlo, <a data-i13n=\"cpos:3;pos:1\" href=\"https:\/\/fr.news.yahoo.com\/lautre-vie-doli-bigflo-oli-212900019.html\" data-ylk=\"slk:l\u2019ancien coach de The Voice;cpos:3;pos:1;elm:context_link;itc:0;sec:content-canvas;outcm:mb_qualified_link;_E:mb_qualified_link;ct:story;\" class=\"link  yahoo-link\" target=\"_blank\" rel=\"noopener\">l\u2019ancien coach de The Voice<\/a> \u00e9tait au festival Ecaussysteme \u00e0 Gignac ce week-end.<\/p>\n<p>Jean-Jacques Goldman bient\u00f4t de retour<\/p>\n<p>Le 3 juillet dernier, Purem\u00e9dias a publi\u00e9 une <a data-i13n=\"cpos:4;pos:1\" href=\"https:\/\/fr.news.yahoo.com\/9-ans-apr%C3%A8s-s%C3%AAtre-retir%C3%A9-113600627.html\" data-ylk=\"slk:interview exclusive de Anne Marcassus;cpos:4;pos:1;elm:context_link;itc:0;sec:content-canvas;outcm:mb_qualified_link;_E:mb_qualified_link;ct:story;\" class=\"link  yahoo-link\" target=\"_blank\" rel=\"noopener\">interview exclusive de Anne Marcassus<\/a> \u00e9voquant le retour prochain de Jean-Jacques Goldman. La co-dirigeante avec Mathieu Vergne de la soci\u00e9t\u00e9 de production DMLSTV a annonc\u00e9 la diffusion sur M6 d\u2019<strong>un documentaire pour les 30 ans de l\u2019album <\/strong><strong>D\u2019eux<\/strong> de <a data-i13n=\"cpos:5;pos:1\" href=\"https:\/\/www.purepeople.com\/people\/celine-dion_p53\" rel=\"nofollow noopener\" target=\"_blank\" data-ylk=\"slk:C\u00e9line Dion;cpos:5;pos:1;elm:context_link;itc:0;sec:content-canvas\" class=\"link \">C\u00e9line Dion<\/a>. Mais ce n&rsquo;est pas tout !<\/p>\n<p>Sur TF1, l\u2019artiste <strong>fera une rare apparition dans <\/strong><strong>Les Enfoir\u00e9s, le doc<\/strong>. Pr\u00e9vu la saison prochaine, le reportage r\u00e9unira plus d\u2019une cinquantaine d\u2019artistes et t\u00e9moins privil\u00e9gi\u00e9s. Et c\u2019est confirm\u00e9 par Anne Marcassus : \u201cJean-Jacques Goldman en fait partie\u201d !<\/p>\n<p><img decoding=\"async\" class=\"caas-img caas-lazy has-preview\" alt=\"Story Instagram de Oli : \" src=\"https:\/\/www.europesays.com\/fr\/wp-content\/uploads\/2025\/07\/bbabfc66c774eee1225fce8edd8ef337.jpeg\"\/><\/p>\n<p>\u00a9 Instagram, Oli_real<\/p>\n<p>Apr\u00e8s un message de soutien aux soignants lors de la pand\u00e9mie de Covid, l\u2019interpr\u00e8te de Quand la musique est bonne a \u00e9crit <a data-i13n=\"cpos:6;pos:1\" href=\"https:\/\/fr.news.yahoo.com\/jean-jacques-goldman-n-disparu-144400138.html\" data-ylk=\"slk:une chanson en mars 2025 pour Le Bleuet de France;cpos:6;pos:1;elm:context_link;itc:0;sec:content-canvas;outcm:mb_qualified_link;_E:mb_qualified_link;ct:story;\" class=\"link  yahoo-link\" target=\"_blank\" rel=\"noopener\">une chanson en mars 2025 pour Le Bleuet de France<\/a>. Il vient en aide aux militaires bless\u00e9s, aux veuves de guerre, aux victimes du terrorisme&#8230; <strong>Le titre <\/strong><strong>On sera l\u00e0<\/strong><strong> interpr\u00e9t\u00e9 par Yvard et \u00c9lo\u00efz<\/strong> est sorti le 11 avril dernier.<\/p>\n<p>Le p\u00e8re de 6 enfants (<a data-i13n=\"cpos:7;pos:1\" href=\"https:\/\/fr.news.yahoo.com\/jean-jacques-goldman-papa-6-213000466.html\" data-ylk=\"slk:dont une c\u00e9l\u00e8bre psychologue;cpos:7;pos:1;elm:context_link;itc:0;sec:content-canvas;outcm:mb_qualified_link;_E:mb_qualified_link;ct:story;\" class=\"link  yahoo-link\" target=\"_blank\" rel=\"noopener\">dont une c\u00e9l\u00e8bre psychologue<\/a> et <a data-i13n=\"cpos:8;pos:1\" href=\"https:\/\/fr.news.yahoo.com\/aime-bien-lucie-bernardoni-star-172300984.html\" data-ylk=\"slk:l\u2019ancien directeur de la Star Academy;cpos:8;pos:1;elm:context_link;itc:0;sec:content-canvas;outcm:mb_qualified_link;_E:mb_qualified_link;ct:story;\" class=\"link  yahoo-link\" target=\"_blank\" rel=\"noopener\">l\u2019ancien directeur de la Star Academy<\/a>) aura quoi qu\u2019il en soit fait un heureux ce week-end. Oli n\u2019est pas pr\u00e8s d\u2019oublier cette balade nocturne avec l\u2019ic\u00f4ne de la chanson fran\u00e7aise. Cette rencontre fructueuse va-t-elle aboutit sur <strong>une collaboration artistique dans le futur<\/strong> ? Tout est possible avec \u201cle boss\u201d&#8230;<\/p>\n<p><a data-i13n=\"cpos:9;pos:1\" href=\"https:\/\/www.purepeople.com\/article\/ce-rappeur-francais-croise-jean-jacques-goldman-par-hasard-selfie-avec-le-boss-qui-va-bientot-reapparaitre_a540852\/1\" rel=\"nofollow noopener\" target=\"_blank\" data-ylk=\"slk:Article original sur Purepeople;cpos:9;pos:1;elm:context_link;itc:0;sec:content-canvas\" class=\"link \">Article original sur Purepeople<\/a><\/p>\n","protected":false},"excerpt":{"rendered":"Il est le \u201cboss\u201d pour toutes les g\u00e9n\u00e9rations. Quel que soit leur style musical, les artistes fran\u00e7ais citent&hellip;\n","protected":false},"author":2,"featured_media":278392,"comment_status":"","ping_status":"","sticky":false,"template":"","format":"standard","meta":{"footnotes":""},"categories":[1355],"tags":[27027,58,59,1011,27,2014,4006,41781,33154,1361,873],"class_list":{"0":"post-278391","1":"post","2":"type-post","3":"status-publish","4":"format-standard","5":"has-post-thumbnail","7":"category-musique","8":"tag-boss","9":"tag-divertissement","10":"tag-entertainment","11":"tag-fr","12":"tag-france","13":"tag-goldman","14":"tag-le-chanteur","15":"tag-les-artistes-francais","16":"tag-les-generations","17":"tag-music","18":"tag-musique"},"share_on_mastodon":{"url":"https:\/\/pubeurope.com\/@fr\/114927804424143540","error":""},"_links":{"self":[{"href":"https:\/\/www.europesays.com\/fr\/wp-json\/wp\/v2\/posts\/278391","targetHints":{"allow":["GET"]}}],"collection":[{"href":"https:\/\/www.europesays.com\/fr\/wp-json\/wp\/v2\/posts"}],"about":[{"href":"https:\/\/www.europesays.com\/fr\/wp-json\/wp\/v2\/types\/post"}],"author":[{"embeddable":true,"href":"https:\/\/www.europesays.com\/fr\/wp-json\/wp\/v2\/users\/2"}],"replies":[{"embeddable":true,"href":"https:\/\/www.europesays.com\/fr\/wp-json\/wp\/v2\/comments?post=278391"}],"version-history":[{"count":0,"href":"https:\/\/www.europesays.com\/fr\/wp-json\/wp\/v2\/posts\/278391\/revisions"}],"wp:featuredmedia":[{"embeddable":true,"href":"https:\/\/www.europesays.com\/fr\/wp-json\/wp\/v2\/media\/278392"}],"wp:attachment":[{"href":"https:\/\/www.europesays.com\/fr\/wp-json\/wp\/v2\/media?parent=278391"}],"wp:term":[{"taxonomy":"category","embeddable":true,"href":"https:\/\/www.europesays.com\/fr\/wp-json\/wp\/v2\/categories?post=278391"},{"taxonomy":"post_tag","embeddable":true,"href":"https:\/\/www.europesays.com\/fr\/wp-json\/wp\/v2\/tags?post=278391"}],"curies":[{"name":"wp","href":"https:\/\/api.w.org\/{rel}","templated":true}]}}