{"id":278399,"date":"2025-07-27T23:35:10","date_gmt":"2025-07-27T23:35:10","guid":{"rendered":"https:\/\/www.europesays.com\/fr\/278399\/"},"modified":"2025-07-27T23:35:10","modified_gmt":"2025-07-27T23:35:10","slug":"la-plus-gigantesque-fusion-de-trous-noirs-jamais-detectee-revele-un-monstre-stellaire","status":"publish","type":"post","link":"https:\/\/www.europesays.com\/fr\/278399\/","title":{"rendered":"la plus gigantesque fusion de trous noirs jamais d\u00e9tect\u00e9e r\u00e9v\u00e8le un monstre stellaire !"},"content":{"rendered":"<p><strong>Depuis des d\u00e9cennies, <a href=\"https:\/\/sciencepost.fr\/voici-la-taille-reelle-dune-boulette-de-viande-faite-avec-toute-lhumanite-spoiler-cest-minuscule\/\" target=\"_blank\" rel=\"noopener nofollow\">l\u2019humanit\u00e9<\/a> scrute le cosmos \u00e0 la<br \/>\nrecherche des ph\u00e9nom\u00e8nes les plus myst\u00e9rieux et spectaculaires que<br \/>\nl\u2019univers puisse offrir. Parmi ces \u00e9nigmes, les trous noirs<br \/>\noccupent une place \u00e0 part : ces objets d\u2019une densit\u00e9 inimaginable,<br \/>\ncapables de d\u00e9former l\u2019espace-temps \u00e0 un point que la physique<br \/>\nmoderne continue \u00e0 peine \u00e0 comprendre. La r\u00e9cente d\u00e9tection, par<br \/>\ndes instruments de pointe, de la plus grande fusion de trous noirs<br \/>\njamais enregistr\u00e9e ouvre une nouvelle \u00e8re dans notre compr\u00e9hension<br \/>\nde ces ph\u00e9nom\u00e8nes cosmiques et pourrait r\u00e9v\u00e9ler des secrets<br \/>\nprofonds sur la structure m\u00eame de l\u2019univers.<\/strong><\/p>\n<p><strong>Une collision titanesque dans les confins de la Voie<br \/>\nLact\u00e9e<\/strong><\/p>\n<p>En novembre 2023, un groupe international de chercheurs,<br \/>\nutilisant un r\u00e9seau de d\u00e9tecteurs appel\u00e9s LIGO, Virgo et KAGRA, a<br \/>\nenregistr\u00e9 un signal d\u2019ondes gravitationnelles exceptionnel par sa<br \/>\nmagnitude. Ces ondes, des ondulations dans la courbure de<br \/>\nl\u2019espace-temps, avaient \u00e9t\u00e9 pr\u00e9dite par Albert Einstein il y a plus<br \/>\nd\u2019un si\u00e8cle, mais leur d\u00e9tection n\u2019\u00e9tait devenue possible qu\u2019au<br \/>\ncours des derni\u00e8res d\u00e9cennies gr\u00e2ce \u00e0 ces instruments sophistiqu\u00e9s.<br \/>\nLa derni\u00e8re observation met en lumi\u00e8re une collision de deux trous<br \/>\nnoirs gigantesques, situ\u00e9s \u00e0 la p\u00e9riph\u00e9rie de notre galaxie, la<br \/>\nVoie Lact\u00e9e.<\/p>\n<p>Ce qui rend cette collision particuli\u00e8rement remarquable, c\u2019est<br \/>\nla masse des deux corps impliqu\u00e9s : l\u2019un pesant environ 100 fois<br \/>\ncelle de notre Soleil, l\u2019autre pr\u00e8s de 140 fois sa masse.<br \/>\nLorsqu\u2019ils se sont fusionn\u00e9s, ils ont cr\u00e9\u00e9 un nouveau trou noir<br \/>\nd\u2019une masse avoisinant 225 fois celle du Soleil, \u00e9tablissant ainsi<br \/>\nun nouveau record dans l\u2019histoire de l\u2019astrophysique. La puissance<br \/>\nde cette fusion ne peut \u00eatre sous-estim\u00e9e : elle a lib\u00e9r\u00e9 une<br \/>\nquantit\u00e9 colossale d\u2019\u00e9nergie sous forme d\u2019ondes gravitationnelles,<br \/>\ntraversant silencieusement l\u2019espace, jusqu\u2019\u00e0 atteindre la<br \/>\nTerre.<\/p>\n<p><strong>Les enjeux de cette d\u00e9couverte : repenser la formation<br \/>\ndes trous noirs<\/strong><\/p>\n<p>Cette d\u00e9tection n\u2019est pas simplement une prouesse technologique<br \/>\n; elle remet en question nos connaissances sur la formation et<br \/>\nl\u2019\u00e9volution des trous noirs. Jusqu\u2019\u00e0 pr\u00e9sent, la majorit\u00e9 des<br \/>\nmod\u00e8les scientifiques consid\u00e9rait que les trous noirs de masse<br \/>\ninterm\u00e9diaire, compris entre 60 et 130 fois la masse solaire,<br \/>\n\u00e9taient extr\u00eamement rares, voire inexistants. La raison en est que,<br \/>\nselon la th\u00e9orie, lorsque des \u00e9toiles massives s\u2019effondrent en trou<br \/>\nnoir lors de leur fin de vie, leur masse ne d\u00e9passe g\u00e9n\u00e9ralement<br \/>\npas cette limite. Au-del\u00e0, la majorit\u00e9 de la mati\u00e8re est expuls\u00e9e<br \/>\npar des explosions de supernova, emp\u00eachant la formation d\u2019un trou<br \/>\nnoir aussi massif.<\/p>\n<p>Or, cette <a href=\"https:\/\/www.eurekalert.org\/news-releases\/1090777\" target=\"_blank\" rel=\"noopener nofollow\">nouvelle observation<\/a> montre des trous noirs dans<br \/>\ncette gamme de masse interm\u00e9diaire, ce qui laisse penser qu\u2019il<br \/>\nexiste des m\u00e9canismes de formation ou de croissance que nous ne<br \/>\ncomprenons pas encore enti\u00e8rement. Une hypoth\u00e8se est que ces trous<br \/>\nnoirs se forment par la fusion successive de plusieurs plus petits,<br \/>\nou par d\u2019autres processus astrophysiques encore insoup\u00e7onn\u00e9s. La<br \/>\nd\u00e9tection de tels \u00e9v\u00e9nements pourrait donc repr\u00e9senter une \u00e9tape<br \/>\ncl\u00e9 pour mieux comprendre la dynamique de la mati\u00e8re dans<br \/>\nl\u2019univers, ainsi que la mani\u00e8re dont se forment et \u00e9voluent ces<br \/>\nobjets myst\u00e9rieux.<\/p>\n<p><strong>Les d\u00e9fis de l\u2019analyse : des mod\u00e8les en<br \/>\n\u00e9volution<\/strong><\/p>\n<p>L\u2019interpr\u00e9tation des signaux gravitationnels est une t\u00e2che<br \/>\ncomplexe, n\u00e9cessitant une mod\u00e9lisation pr\u00e9cise des syst\u00e8mes en jeu.<br \/>\nLorsqu\u2019un signal de fusion de deux trous noirs est d\u00e9tect\u00e9, les<br \/>\nscientifiques doivent le comparer avec des simulations num\u00e9riques,<br \/>\nqui reposent sur les \u00e9quations d\u2019Einstein. Mais ces \u00e9quations<br \/>\ndeviennent rapidement difficiles \u00e0 r\u00e9soudre, surtout lorsqu\u2019il<br \/>\ns\u2019agit de trous noirs en rotation rapide ou tr\u00e8s massifs.<\/p>\n<p>Dans le cas de la collision enregistr\u00e9e en novembre 2023, les<br \/>\nchercheurs ont constat\u00e9 que les trous noirs impliqu\u00e9s pr\u00e9sentaient<br \/>\nune rotation extr\u00eame. Cela complique la mod\u00e9lisation, car<br \/>\ndiff\u00e9rents mod\u00e8les donnent des r\u00e9sultats divergents quant aux<br \/>\nmasses exactes et aux caract\u00e9ristiques du ph\u00e9nom\u00e8ne. La pr\u00e9cision<br \/>\ndes mesures est donc encore \u00e0 am\u00e9liorer, ce qui implique la<br \/>\nn\u00e9cessit\u00e9 de davantage d\u2019observations similaires. Ces efforts<br \/>\npermettront d\u2019affiner les mod\u00e8les et de mieux comprendre la<br \/>\nphysique des trous noirs en rotation.<\/p>\n<p><strong>Les implications pour la science et l\u2019avenir de<br \/>\nl\u2019astronomie gravitationnelle<\/strong><\/p>\n<p>La d\u00e9tection de cette collision de masse exceptionnelle<br \/>\nintervient dans un contexte o\u00f9 les instruments d\u2019ondes<br \/>\ngravitationnelles ont d\u00e9j\u00e0 permis d\u2019identifier plus de 300<br \/>\n\u00e9v\u00e9nements depuis 2015. Cependant, le futur de cette discipline<br \/>\nrepose sur la capacit\u00e9 \u00e0 poursuivre ces observations, \u00e0 affiner les<br \/>\nmod\u00e8les et \u00e0 r\u00e9pondre \u00e0 des questions fondamentales sur la nature<br \/>\nde la mati\u00e8re noire, la formation des galaxies et, plus<br \/>\ng\u00e9n\u00e9ralement, la structure de l\u2019univers.<\/p>\n<p>Malheureusement, des enjeux politiques et financiers menacent ce<br \/>\nchamp de recherche. Les coupes budg\u00e9taires potentielles pour les<br \/>\nlaboratoires comme LIGO risquent de limiter la fr\u00e9quence des<br \/>\nobservations futures et, par cons\u00e9quent, la progression de nos<br \/>\nconnaissances. Pourtant, chaque nouvelle d\u00e9tection apporte une<br \/>\npi\u00e8ce essentielle au puzzle cosmologique, et l\u2019aspiration \u00e0<br \/>\ncomprendre ces ph\u00e9nom\u00e8nes extr\u00eames demeure une ambition majeure<br \/>\npour la communaut\u00e9 scientifique.<\/p>\n<p><strong>Une nouvelle \u00e9tape dans la compr\u00e9hension de<br \/>\nl\u2019univers<\/strong><\/p>\n<p>En somme, la d\u00e9couverte de la plus grande collision de trous<br \/>\nnoirs jamais enregistr\u00e9e n\u2019est pas seulement une victoire<br \/>\ntechnologique ou une curiosit\u00e9 scientifique. C\u2019est une avanc\u00e9e<br \/>\nmajeure qui remet en question nos th\u00e9ories sur la formation des<br \/>\nobjets compacts, sur la dynamique de l\u2019espace-temps, et sur la<br \/>\nmani\u00e8re dont l\u2019univers \u00e9volue au fil du temps. Elle ouvre \u00e9galement<br \/>\nla voie \u00e0 de futures explorations, o\u00f9 chaque nouvelle d\u00e9tection<br \/>\npourrait r\u00e9v\u00e9ler des ph\u00e9nom\u00e8nes encore plus extraordinaires, et<br \/>\nnous rapprocher un peu plus de la compr\u00e9hension du cosmos dans sa<br \/>\nsplendeur et sa complexit\u00e9.<\/p>\n<p>Ce qui est certain, c\u2019est que l\u2019univers continue de nous<br \/>\nsurprendre, et que chaque d\u00e9couverte nous pousse \u00e0 r\u00e9viser nos<br \/>\ncertitudes pour mieux appr\u00e9hender les myst\u00e8res de l\u2019espace. La<br \/>\nqu\u00eate de connaissance ne fait que commencer.<\/p>\n","protected":false},"excerpt":{"rendered":"Depuis des d\u00e9cennies, l\u2019humanit\u00e9 scrute le cosmos \u00e0 la recherche des ph\u00e9nom\u00e8nes les plus myst\u00e9rieux et spectaculaires que&hellip;\n","protected":false},"author":2,"featured_media":278400,"comment_status":"","ping_status":"","sticky":false,"template":"","format":"standard","meta":{"footnotes":""},"categories":[7],"tags":[1011,27,43,40,41,39,42,44],"class_list":{"0":"post-278399","1":"post","2":"type-post","3":"status-publish","4":"format-standard","5":"has-post-thumbnail","7":"category-sciences-et-technologies","8":"tag-fr","9":"tag-france","10":"tag-science","11":"tag-science-and-technology","12":"tag-sciences","13":"tag-sciences-et-technologies","14":"tag-technologies","15":"tag-technology"},"share_on_mastodon":{"url":"https:\/\/pubeurope.com\/@fr\/114927823954427958","error":""},"_links":{"self":[{"href":"https:\/\/www.europesays.com\/fr\/wp-json\/wp\/v2\/posts\/278399","targetHints":{"allow":["GET"]}}],"collection":[{"href":"https:\/\/www.europesays.com\/fr\/wp-json\/wp\/v2\/posts"}],"about":[{"href":"https:\/\/www.europesays.com\/fr\/wp-json\/wp\/v2\/types\/post"}],"author":[{"embeddable":true,"href":"https:\/\/www.europesays.com\/fr\/wp-json\/wp\/v2\/users\/2"}],"replies":[{"embeddable":true,"href":"https:\/\/www.europesays.com\/fr\/wp-json\/wp\/v2\/comments?post=278399"}],"version-history":[{"count":0,"href":"https:\/\/www.europesays.com\/fr\/wp-json\/wp\/v2\/posts\/278399\/revisions"}],"wp:featuredmedia":[{"embeddable":true,"href":"https:\/\/www.europesays.com\/fr\/wp-json\/wp\/v2\/media\/278400"}],"wp:attachment":[{"href":"https:\/\/www.europesays.com\/fr\/wp-json\/wp\/v2\/media?parent=278399"}],"wp:term":[{"taxonomy":"category","embeddable":true,"href":"https:\/\/www.europesays.com\/fr\/wp-json\/wp\/v2\/categories?post=278399"},{"taxonomy":"post_tag","embeddable":true,"href":"https:\/\/www.europesays.com\/fr\/wp-json\/wp\/v2\/tags?post=278399"}],"curies":[{"name":"wp","href":"https:\/\/api.w.org\/{rel}","templated":true}]}}