{"id":278403,"date":"2025-07-27T23:37:11","date_gmt":"2025-07-27T23:37:11","guid":{"rendered":"https:\/\/www.europesays.com\/fr\/278403\/"},"modified":"2025-07-27T23:37:11","modified_gmt":"2025-07-27T23:37:11","slug":"donald-trump-et-ursula-von-der-leyen-ont-conclu-un-accord-commercial-in-extremis","status":"publish","type":"post","link":"https:\/\/www.europesays.com\/fr\/278403\/","title":{"rendered":"Donald Trump et Ursula von\u00a0der\u00a0Leyen ont \u00ab\u00a0conclu un accord\u00a0\u00bb commercial in extremis"},"content":{"rendered":"<p>        <img decoding=\"async\" loading=\"lazy\" src=\"https:\/\/www.europesays.com\/fr\/wp-content\/uploads\/2025\/07\/cdce062_upload-1-nd4vdzbjaxes-afp-20250727-67z86mr-v1-highres-britainscotlanduseutrump.jpg\"  width=\"728\" height=\"409\" alt=\"Droits de douane\u00a0: Donald Trump et Ursula von\u00a0der\u00a0Leyen ont \u00ab\u00a0conclu un accord\u00a0\u00bb commercial lors de leur rencontre en \u00c9cosse.\"\/>  <\/p>\n<p>BRENDAN SMIALOWSKI \/ AFP<\/p>\n<p>Droits de douane\u00a0: Donald Trump et Ursula von\u00a0der\u00a0Leyen ont \u00ab\u00a0conclu un accord\u00a0\u00bb commercial lors de leur rencontre en \u00c9cosse.<\/p>\n<p class=\"asset asset-text\">INTERNATIONAL &#8211; Ils disaient n\u2019avoir que \u00ab\u00a050\u00a0% de chances\u00a0\u00bb de s\u2019entendre, mais ils y sont parvenus. Le pr\u00e9sident am\u00e9ricain <a href=\"https:\/\/www.huffingtonpost.fr\/international\/video\/en-ecosse-donald-trump-joue-au-golf-sous-la-pluie-pendant-de-nouvelles-manifestations-a-edimbourg_253009.html\" rel=\"nofollow noopener\" target=\"_blank\">Donald Trump<\/a> et la pr\u00e9sidente de la Commission europ\u00e9enne <a href=\"https:\/\/www.huffingtonpost.fr\/politique\/article\/ursula-von-der-leyen-etrillee-par-valerie-hayer-les-macronistes-furieux-contre-la-presidente-de-la-commission_252361.html\" rel=\"nofollow noopener\" target=\"_blank\">Ursula von\u00a0der\u00a0Leyen<\/a> ont arrach\u00e9 un accord douanier ce dimanche 27\u00a0juillet en d\u00e9but de soir\u00e9e, apr\u00e8s une r\u00e9union \u00e9clair d\u2019un peu plus d\u2019une heure \u00e0 Turnberry en \u00c9cosse.<\/p>\n<p class=\"asset asset-text\">\u00ab\u00a0We have a deal\u00a0\u00bb, a annonc\u00e9 la cheffe de l\u2019ex\u00e9cutif europ\u00e9en, annon\u00e7ant que \u00ab\u00a0les deux plus grandes \u00e9conomies du monde\u00a0\u00bb sont parvenues \u00e0 s\u2019entendre et estimant \u00eatre arriv\u00e9e \u00e0 \u00ab\u00a0un bon accord\u00a0\u00bb qui apportera de la \u00ab\u00a0stabilit\u00e9\u00a0\u00bb. \u00ab\u00a0Je crois que c\u2019est le plus grand accord jamais sign\u00e9\u00a0\u00bb, s\u2019est pour sa part f\u00e9licit\u00e9 Donald Trump, disant y voir une promesse \u00ab\u00a0d\u2019unit\u00e9 et d\u2019amiti\u00e9\u00a0\u00bb.<\/p>\n<p class=\"asset asset-text\">Rien n\u2019assurait pourtant que les deux dirigeants, qui ont \u00e9chang\u00e9 \u00e0 deux reprises une poign\u00e9e de main sous les applaudissements de leurs d\u00e9l\u00e9gations respectives, parviendraient \u00e0 un accord ce dimanche. Les n\u00e9gociations ont abouti in extremis, apr\u00e8s des mois de discussions tendues et quelques jours \u00e0 peine avant la deadline fatidique du 1er\u00a0ao\u00fbt.<\/p>\n<p class=\"asset asset-text\">\u00c0 cette date, la Maison Blanche en pleine offensive protectionniste avait <a href=\"https:\/\/www.huffingtonpost.fr\/international\/article\/donald-trump-impose-30-de-droits-de-douane-a-l-union-europeenne-et-accentue-la-pression_252528.html\" rel=\"nofollow noopener\" target=\"_blank\">pr\u00e9vu d\u2019infliger des surtaxes de 30\u00a0%<\/a> sur les produits europ\u00e9ens, ce que Bruxelles voulait absolument \u00e9viter.<\/p>\n<p>                     15\u00a0% de droits de douane sur les produits europ\u00e9ens    <\/p>\n<p class=\"asset asset-text\">Les contours de l\u2019accord, dont les d\u00e9tails ne sont pas encore connus, ont \u00e9t\u00e9 expliqu\u00e9s principalement par Donald Trump. Au menu\u00a0: 15\u00a0% de droits de douane impos\u00e9s par les \u00c9tats-Unis aux produits venus de l\u2019Union europ\u00e9enne. Cette derni\u00e8re s\u2019engage par ailleurs \u00e0 750\u00a0milliards de dollars d\u2019achats dans de l\u2019\u00e9nergie et du mat\u00e9riel militaire am\u00e9ricains, mais aussi \u00e0 600\u00a0milliards d\u2019investissements suppl\u00e9mentaires dans le pays de l\u2019Oncle Sam.<\/p>\n<p class=\"asset asset-text\">Des d\u00e9penses assez impressionnantes, mais dont il n\u2019a pas \u00e9t\u00e9 pr\u00e9cis\u00e9 sur quelle dur\u00e9e elles devront \u00eatre effectu\u00e9es ou comment elles seront r\u00e9parties, rel\u00e8ve le <a href=\"https:\/\/www.nytimes.com\/live\/2025\/07\/27\/us\/trump-news\/668406d2-110b-5f34-9414-3aeb19e6f8af?smid=url-share\" target=\"_blank\" rel=\"noopener nofollow\" title=\"Nouvelle fen\u00eatre\">New York Times<\/a>. Le chiffre de 15\u00a0% de droits de douane est \u00ab\u00a0align\u00e9 avec l\u2019accord que le pr\u00e9sident [Trump] a r\u00e9cemment pass\u00e9 avec le Japon\u00a0\u00bb, souligne par ailleurs le journal am\u00e9ricain de r\u00e9f\u00e9rence, selon qui ce chiffre reste \u00ab\u00a0plus \u00e9lev\u00e9 que ce que d\u00e9fendait l\u2019Union europ\u00e9enne\u00a0et que ce qui est impos\u00e9 au Royaume-Uni\u00a0\u00bb.<\/p>\n<p class=\"asset asset-text\">De son c\u00f4t\u00e9, l\u2019AFP estime que le taux effectif appliqu\u00e9 par Washington aux marchandises europ\u00e9ennes \u00ab\u00a0se montait d\u00e9j\u00e0 \u00e0 pr\u00e8s de 15\u00a0%, si l\u2019on additionne la surtaxe de 10\u00a0% d\u2019ores et d\u00e9j\u00e0 appliqu\u00e9e par le gouvernement am\u00e9ricain et le taux de 4,8\u00a0% pr\u00e9existant\u00a0\u00bb. Les \u00c9tats-Unis et l\u2019UE ont par ailleurs d\u00e9cid\u00e9 de lever r\u00e9ciproquement tous leurs droits de douane \u00ab\u00a0sur un certain nombre de produits strat\u00e9giques\u00a0\u00bb, a indiqu\u00e9 Ursula von\u00a0der\u00a0Leyen.<\/p>\n<p class=\"asset asset-text\">Parmi eux, les \u00e9quipements a\u00e9ronautiques, mais aussi \u00ab\u00a0certains produits chimiques, des \u00e9quipements pour semi-conducteurs, certains produits agricoles et des mati\u00e8res premi\u00e8res critiques\u00a0\u00bb, a-t-elle pr\u00e9cis\u00e9.<\/p>\n<p>    L\u2019UE mena\u00e7ait de sortir le \u00ab\u00a0bazooka\u00a0\u00bb face \u00e0 Washington    <\/p>\n<p class=\"asset asset-text\">L\u2019accord trouv\u00e9 ce dimanche doit encore \u00eatre valid\u00e9 par les \u00c9tats membres de l\u2019UE. Leurs ambassadeurs avaient suivi les derni\u00e8res tractations dimanche matin depuis le Groenland o\u00f9 ils sont en d\u00e9placement, mais ils devront \u00e0 nouveau se concerter pour le valider. L\u2019entente d\u2019Ursula von\u00a0der\u00a0Leyen et Donald Trump aura en tout cas permis d\u2019\u00e9viter pour le moment une escalade diplomatico-\u00e9conomique d\u2019envergure.<\/p>\n<p class=\"asset asset-text\">Bruxelles se disait pr\u00eat \u00e0 riposter aux droits de douane am\u00e9ricains \u00e0 30\u00a0% avec des taxes sur les produits et les services am\u00e9ricains. L\u2019ex\u00e9cutif europ\u00e9en, sous l\u2019impulsion de certains pays comme la France, avait aussi menac\u00e9 de lever l\u2019acc\u00e8s aux march\u00e9s publics europ\u00e9ens ou de bloquer certains investissements. D\u00e9gainer ce \u00ab\u00a0bazooka\u00a0\u00bb \u2013 ou instrument \u00ab\u00a0anticoercition\u00a0\u00bb dans le jargon bruxellois \u2013 n\u2019aurait sans doute pas plus \u00e0 Donald Trump qui mena\u00e7ait l\u2019UE de repr\u00e9sailles si elle r\u00e9pliquait \u00e0 ses surtaxes.<\/p>\n<p class=\"asset asset-text\">Si le pr\u00e9sident am\u00e9ricain affirme \u00eatre en position de force, certains sondages montrent que les Am\u00e9ricains doutent de sa strat\u00e9gie douani\u00e8re et de sa conduite des affaires en g\u00e9n\u00e9ral. Des critiques sur le fond auxquelles se sont ajout\u00e9s les pol\u00e9miques et les scandales en lien avec l\u2019\u00ab\u00a0affaire Epstein\u00a0\u00bb, le locataire de la Maison Blanche \u00e9tant accus\u00e9 de manquer de transparence sur ses relations avec ce riche financier, mort en prison avant un proc\u00e8s pour crimes sexuels qui s\u2019annon\u00e7ait retentissant.<\/p>\n<p class=\"asset asset-text\">En annon\u00e7ant un accord avec l\u2019UE, dans la foul\u00e9e de ceux conclus ces derniers jours avec le Japon, le Vietnam, les Philippines et l\u2019Indon\u00e9sie, Donald Trump essaie-t-il de faire diversion\u00a0? Un journaliste lui a pos\u00e9 la question dimanche. \u00ab\u00a0C\u2019est une blague n\u2019est-ce pas\u00a0? Cela n\u2019a rien \u00e0 voir. Il n\u2019y a que vous pour penser \u00e7a, en ce jour qui est un bon jour pour l\u2019\u00e9conomie europ\u00e9enne et l\u2019\u00e9conomie am\u00e9ricaine\u00a0\u00bb, a s\u00e8chement r\u00e9pondu le pr\u00e9sident am\u00e9ricain.<\/p>\n<p class=\"asset asset-text\">Washington est loin d\u2019en avoir fini avec les discussions commerciales. D\u00e8s lundi, c\u2019est avec la Chine que les n\u00e9gociateurs am\u00e9ricains s\u2019efforceront d\u2019\u00e9viter une reprise de l\u2019escalade douani\u00e8re, au cours d\u2019une rencontre \u00e0 Stockholm.<\/p>\n","protected":false},"excerpt":{"rendered":"BRENDAN SMIALOWSKI \/ AFP Droits de douane\u00a0: Donald Trump et Ursula von\u00a0der\u00a0Leyen ont \u00ab\u00a0conclu un accord\u00a0\u00bb commercial lors&hellip;\n","protected":false},"author":2,"featured_media":278404,"comment_status":"","ping_status":"","sticky":false,"template":"","format":"standard","meta":{"footnotes":""},"categories":[5],"tags":[11,75,2822,73,1011,27,14,12,364,2544,28],"class_list":{"0":"post-278403","1":"post","2":"type-post","3":"status-publish","4":"format-standard","5":"has-post-thumbnail","7":"category-international","8":"tag-actualites","9":"tag-donald-trump","10":"tag-douanes","11":"tag-etats-unis","12":"tag-fr","13":"tag-france","14":"tag-international","15":"tag-news","16":"tag-union-europeenne","17":"tag-ursula-von-der-leyen","18":"tag-world"},"share_on_mastodon":{"url":"https:\/\/pubeurope.com\/@fr\/114927831931198950","error":""},"_links":{"self":[{"href":"https:\/\/www.europesays.com\/fr\/wp-json\/wp\/v2\/posts\/278403","targetHints":{"allow":["GET"]}}],"collection":[{"href":"https:\/\/www.europesays.com\/fr\/wp-json\/wp\/v2\/posts"}],"about":[{"href":"https:\/\/www.europesays.com\/fr\/wp-json\/wp\/v2\/types\/post"}],"author":[{"embeddable":true,"href":"https:\/\/www.europesays.com\/fr\/wp-json\/wp\/v2\/users\/2"}],"replies":[{"embeddable":true,"href":"https:\/\/www.europesays.com\/fr\/wp-json\/wp\/v2\/comments?post=278403"}],"version-history":[{"count":0,"href":"https:\/\/www.europesays.com\/fr\/wp-json\/wp\/v2\/posts\/278403\/revisions"}],"wp:featuredmedia":[{"embeddable":true,"href":"https:\/\/www.europesays.com\/fr\/wp-json\/wp\/v2\/media\/278404"}],"wp:attachment":[{"href":"https:\/\/www.europesays.com\/fr\/wp-json\/wp\/v2\/media?parent=278403"}],"wp:term":[{"taxonomy":"category","embeddable":true,"href":"https:\/\/www.europesays.com\/fr\/wp-json\/wp\/v2\/categories?post=278403"},{"taxonomy":"post_tag","embeddable":true,"href":"https:\/\/www.europesays.com\/fr\/wp-json\/wp\/v2\/tags?post=278403"}],"curies":[{"name":"wp","href":"https:\/\/api.w.org\/{rel}","templated":true}]}}