{"id":278409,"date":"2025-07-27T23:40:25","date_gmt":"2025-07-27T23:40:25","guid":{"rendered":"https:\/\/www.europesays.com\/fr\/278409\/"},"modified":"2025-07-27T23:40:25","modified_gmt":"2025-07-27T23:40:25","slug":"firminy-le-centre-social-du-soleil-levant-abandonne-la-bourse-aux-vetements","status":"publish","type":"post","link":"https:\/\/www.europesays.com\/fr\/278409\/","title":{"rendered":"Firminy. Le centre social du Soleil Levant abandonne la bourse aux v\u00eatements"},"content":{"rendered":"<p>Cette ann\u00e9e encore, le centre de loisirs du Soleil Levant, dirig\u00e9 par Hugo Fayol assist\u00e9 de G\u00e9rald Russier, a tourn\u00e9 \u00e0 plein r\u00e9gime avec un taux de fr\u00e9quentation pratiquement maximum. \u00ab\u00a0On a une capacit\u00e9 \u00e0 99 et on fr\u00f4le les 99 chaque jour\u00a0\u00bb, pr\u00e9cise Sabrina Merle, la directrice du centre social.<\/p>\n<p>Quatre jeunes du centre social ont particip\u00e9 \u00e0 un stage \u00e0 l\u2019ASSE<\/p>\n<p>Parmi ces participants, il y a eu plusieurs nouveaux. Deux camps ont \u00e9t\u00e9 organis\u00e9s, l\u2019un \u00e0 Saint-Pierre-de-B\u0153uf et le deuxi\u00e8me \u00e0 Charlieu&#8230;.<\/p>\n","protected":false},"excerpt":{"rendered":"Cette ann\u00e9e encore, le centre de loisirs du Soleil Levant, dirig\u00e9 par Hugo Fayol assist\u00e9 de G\u00e9rald Russier,&hellip;\n","protected":false},"author":2,"featured_media":278410,"comment_status":"","ping_status":"","sticky":false,"template":"","format":"standard","meta":{"footnotes":""},"categories":[9653],"tags":[1111,11,2430,7539,1777,674,10282,10283,1011,27,12,25,4001,104,1631],"class_list":{"0":"post-278409","1":"post","2":"type-post","3":"status-publish","4":"format-standard","5":"has-post-thumbnail","7":"category-saint-etienne","8":"tag-actu","9":"tag-actualites","10":"tag-auvergne-rhone-alpes","11":"tag-edition-loire-sud","12":"tag-eu","13":"tag-europe","14":"tag-firminy","15":"tag-firminy-ville","16":"tag-fr","17":"tag-france","18":"tag-news","19":"tag-republique-francaise","20":"tag-saint-etienne","21":"tag-societe","22":"tag-vie-associative"},"share_on_mastodon":{"url":"https:\/\/pubeurope.com\/@fr\/114927843683930938","error":""},"_links":{"self":[{"href":"https:\/\/www.europesays.com\/fr\/wp-json\/wp\/v2\/posts\/278409","targetHints":{"allow":["GET"]}}],"collection":[{"href":"https:\/\/www.europesays.com\/fr\/wp-json\/wp\/v2\/posts"}],"about":[{"href":"https:\/\/www.europesays.com\/fr\/wp-json\/wp\/v2\/types\/post"}],"author":[{"embeddable":true,"href":"https:\/\/www.europesays.com\/fr\/wp-json\/wp\/v2\/users\/2"}],"replies":[{"embeddable":true,"href":"https:\/\/www.europesays.com\/fr\/wp-json\/wp\/v2\/comments?post=278409"}],"version-history":[{"count":0,"href":"https:\/\/www.europesays.com\/fr\/wp-json\/wp\/v2\/posts\/278409\/revisions"}],"wp:featuredmedia":[{"embeddable":true,"href":"https:\/\/www.europesays.com\/fr\/wp-json\/wp\/v2\/media\/278410"}],"wp:attachment":[{"href":"https:\/\/www.europesays.com\/fr\/wp-json\/wp\/v2\/media?parent=278409"}],"wp:term":[{"taxonomy":"category","embeddable":true,"href":"https:\/\/www.europesays.com\/fr\/wp-json\/wp\/v2\/categories?post=278409"},{"taxonomy":"post_tag","embeddable":true,"href":"https:\/\/www.europesays.com\/fr\/wp-json\/wp\/v2\/tags?post=278409"}],"curies":[{"name":"wp","href":"https:\/\/api.w.org\/{rel}","templated":true}]}}