{"id":278415,"date":"2025-07-27T23:43:29","date_gmt":"2025-07-27T23:43:29","guid":{"rendered":"https:\/\/www.europesays.com\/fr\/278415\/"},"modified":"2025-07-27T23:43:29","modified_gmt":"2025-07-27T23:43:29","slug":"lola-picard-prend-de-la-hauteur","status":"publish","type":"post","link":"https:\/\/www.europesays.com\/fr\/278415\/","title":{"rendered":"Lola Picard prend de la hauteur"},"content":{"rendered":"<p>   Open de France \u00c0 Thonon-les-Bains <\/p>\n<p>C\u00f4t\u00e9 lorrain, l\u2019une des sensations de cette deuxi\u00e8me journ\u00e9e est venue du concours de la hauteur f\u00e9minine. Le jardin de Lola Picard, qui a quitt\u00e9 la Haute-Savoie avec l\u2019or autour du cou. L\u2019infirmi\u00e8re nanc\u00e9ienne aurait m\u00eame pu repartir avec un bagage un peu plus lourd, si elle avait r\u00e9ussi l\u2019une de ses trois tentatives \u00e0 1,87 m, pour effacer son record personnel (1,86 m, en f\u00e9vrier 2024). L\u2019athl\u00e8te du NAM a finalement d\u00fb se contenter d\u2019un saut \u00e0 1,83 m r\u00e9ussi au premier essai (4e meilleure performance fran\u00e7aise de la saison) et synonyme de victoire dans le concours.<\/p>\n<p>  Un deuxi\u00e8me \u00ab doubl\u00e9 \u00bb pour Caroline Dennilauler<\/p>\n<p>Une autre titre dans la vitrine lorraine : celui de la Vosgienne Caroline Dennilauler (AVEC), qui a battu le record des championnats sur 3.000m steeple (10\u201923\u2019\u201958), en devan\u00e7ant sa s\u0153ur Constance (3e en 10\u201940\u2019\u201992) et en s\u2019offrant donc un nouveau doubl\u00e9 5.000m &#8211; 3.000m steeple, apr\u00e8s celui r\u00e9alis\u00e9 aux championnats de France U23, le week-end dernier.<\/p>\n<p>La Forbachoise M\u00e9lissa Grosjean est elle aussi mont\u00e9e sur la plus haute marche du podium, apr\u00e8s avoir domin\u00e9 la finale du 400m (53\u2019\u201980), devan\u00e7ant notamment Emma Philippe (NAM, 7e  en 55\u2019\u201961). Sur cette m\u00eame distance, Hedi Sayhi (NAM) est quant \u00e0 lui rest\u00e9 au pied du podium (4e en 47\u2019\u201926). Les deux athl\u00e8tes du NAM qui ont tous deux doubl\u00e9 avec le 200m, avec \u00e0 la cl\u00e9, une (autre) finale A pour Sayhi (7e en 21\u2019\u201959) et une finale B pour Philippe (8e en 25\u2019\u201965).<\/p>\n<p>Si le Vosgien Lansana Marico (Athl\u00e9 Vosges) est all\u00e9e chercher une m\u00e9daille sur 110m haies (3e en 14\u2019\u201914), les autres Lorrains finalistes se sont majoritairement \u00ab content\u00e9s \u00bb de places d\u2019honneur. \u00c0 l\u2019image de Charlize Nisy (NAM) sur 800 m (5e en 2\u201907\u2019\u201986, record personnel), de Florian Vauthrin (NAM) en finale du 1.500 m (5e en 3\u201951\u2019\u201912), ou encore de Sarah Payeur et Lucie Perrin (NAM), respectivement 4e  et 6e  de la finale A du 400m haies (59\u2019\u201937 et 59\u2019\u201943). \u00c0 noter enfin, la victoire de Noa Bibi (NAM)\u2026 en finale B du 200m (21\u2019\u201925). En conclusion d\u2019un Open forc\u00e9ment d\u00e9cevant pour la \u00ab fl\u00e8che \u00bb mauricienne du NAM.<\/p>\n","protected":false},"excerpt":{"rendered":"Open de France \u00c0 Thonon-les-Bains C\u00f4t\u00e9 lorrain, l\u2019une des sensations de cette deuxi\u00e8me journ\u00e9e est venue du concours&hellip;\n","protected":false},"author":2,"featured_media":278416,"comment_status":"","ping_status":"","sticky":false,"template":"","format":"standard","meta":{"footnotes":""},"categories":[9635],"tags":[1111,11,4132,1704,1777,674,107,1701,1011,27,775,10634,1702,1703,9847,12,10422,25,517,1700,14984],"class_list":{"0":"post-278415","1":"post","2":"type-post","3":"status-publish","4":"format-standard","5":"has-post-thumbnail","7":"category-nancy","8":"tag-actu","9":"tag-actualites","10":"tag-athletisme","11":"tag-edition-nancy-et-agglomeration","12":"tag-eu","13":"tag-europe","14":"tag-fil-info","15":"tag-fil-info-sport","16":"tag-fr","17":"tag-france","18":"tag-grand-est","19":"tag-luneville","20":"tag-nancy","21":"tag-nancy-ville-54b","22":"tag-neuves-maisons","23":"tag-news","24":"tag-pont-a-mousson","25":"tag-republique-francaise","26":"tag-sport","27":"tag-sport-lorrain","28":"tag-toul"},"share_on_mastodon":{"url":"https:\/\/pubeurope.com\/@fr\/114927855376866869","error":""},"_links":{"self":[{"href":"https:\/\/www.europesays.com\/fr\/wp-json\/wp\/v2\/posts\/278415","targetHints":{"allow":["GET"]}}],"collection":[{"href":"https:\/\/www.europesays.com\/fr\/wp-json\/wp\/v2\/posts"}],"about":[{"href":"https:\/\/www.europesays.com\/fr\/wp-json\/wp\/v2\/types\/post"}],"author":[{"embeddable":true,"href":"https:\/\/www.europesays.com\/fr\/wp-json\/wp\/v2\/users\/2"}],"replies":[{"embeddable":true,"href":"https:\/\/www.europesays.com\/fr\/wp-json\/wp\/v2\/comments?post=278415"}],"version-history":[{"count":0,"href":"https:\/\/www.europesays.com\/fr\/wp-json\/wp\/v2\/posts\/278415\/revisions"}],"wp:featuredmedia":[{"embeddable":true,"href":"https:\/\/www.europesays.com\/fr\/wp-json\/wp\/v2\/media\/278416"}],"wp:attachment":[{"href":"https:\/\/www.europesays.com\/fr\/wp-json\/wp\/v2\/media?parent=278415"}],"wp:term":[{"taxonomy":"category","embeddable":true,"href":"https:\/\/www.europesays.com\/fr\/wp-json\/wp\/v2\/categories?post=278415"},{"taxonomy":"post_tag","embeddable":true,"href":"https:\/\/www.europesays.com\/fr\/wp-json\/wp\/v2\/tags?post=278415"}],"curies":[{"name":"wp","href":"https:\/\/api.w.org\/{rel}","templated":true}]}}