{"id":278419,"date":"2025-07-27T23:46:11","date_gmt":"2025-07-27T23:46:11","guid":{"rendered":"https:\/\/www.europesays.com\/fr\/278419\/"},"modified":"2025-07-27T23:46:11","modified_gmt":"2025-07-27T23:46:11","slug":"previsions-du-lundi-28-juillet-2025","status":"publish","type":"post","link":"https:\/\/www.europesays.com\/fr\/278419\/","title":{"rendered":"pr\u00e9visions du lundi 28 juillet 2025"},"content":{"rendered":"<p>Montpellier aura le plaisir de pouvoir profiter d&rsquo;une superbe journ\u00e9e ensoleill\u00e9e. Le mercure affichera 24\u00b0C en moyenne. Un vent de nord-ouest est pr\u00e9vu le matin : il soufflera \u00e0 31 km\/h. Une m\u00e9t\u00e9o plus chaude est pr\u00e9vue l&rsquo;apr\u00e8s-midi \u00e9tant donn\u00e9 que les temp\u00e9ratures vont enregistrer une hausse. Les maximales iront jusqu&rsquo;\u00e0 29\u00b0C tandis que les minimales seront de 27\u00b0C. Le passage de lundi \u00e0 mardi s&rsquo;effectuera sous un ciel clair.<\/p>\n<p>Demain, les Montpelli\u00e9rains vont pouvoir profiter d&rsquo;un soleil radieux. Les temp\u00e9ratures afficheront entre 18 et 29\u00b0C. Un petit vent de nord sera ressenti par les habitants. Les temp\u00e9ratures vont conna\u00eetre une augmentation de plusieurs degr\u00e9s dans l&rsquo;apr\u00e8s-midi. Les valeurs seront de 28\u00b0C au plus bas et de 29\u00b0C au maximum. Le ciel sera assez lumineux, avec quelques \u00e9claircies demain soir. Les temp\u00e9ratures avoisineront les 26\u00b0C.<\/p>\n<p>Peu de changements au fil des jours. Il va faire un temps plut\u00f4t ensoleill\u00e9 avec des temp\u00e9ratures autour de 31\u00b0C.<\/p>\n<p><\/p>\n","protected":false},"excerpt":{"rendered":"Montpellier aura le plaisir de pouvoir profiter d&rsquo;une superbe journ\u00e9e ensoleill\u00e9e. Le mercure affichera 24\u00b0C en moyenne. Un&hellip;\n","protected":false},"author":2,"featured_media":278420,"comment_status":"","ping_status":"","sticky":false,"template":"","format":"standard","meta":{"footnotes":""},"categories":[9599],"tags":[1111,11,1777,674,1011,27,7089,2681,2208,12,2680,2119,25],"class_list":{"0":"post-278419","1":"post","2":"type-post","3":"status-publish","4":"format-standard","5":"has-post-thumbnail","7":"category-montpellier","8":"tag-actu","9":"tag-actualites","10":"tag-eu","11":"tag-europe","12":"tag-fr","13":"tag-france","14":"tag-herault","15":"tag-languedoc-roussillon","16":"tag-montpellier","17":"tag-news","18":"tag-occitanie","19":"tag-previsions-meteo","20":"tag-republique-francaise"},"share_on_mastodon":{"url":"https:\/\/pubeurope.com\/@fr\/114927867242019798","error":""},"_links":{"self":[{"href":"https:\/\/www.europesays.com\/fr\/wp-json\/wp\/v2\/posts\/278419","targetHints":{"allow":["GET"]}}],"collection":[{"href":"https:\/\/www.europesays.com\/fr\/wp-json\/wp\/v2\/posts"}],"about":[{"href":"https:\/\/www.europesays.com\/fr\/wp-json\/wp\/v2\/types\/post"}],"author":[{"embeddable":true,"href":"https:\/\/www.europesays.com\/fr\/wp-json\/wp\/v2\/users\/2"}],"replies":[{"embeddable":true,"href":"https:\/\/www.europesays.com\/fr\/wp-json\/wp\/v2\/comments?post=278419"}],"version-history":[{"count":0,"href":"https:\/\/www.europesays.com\/fr\/wp-json\/wp\/v2\/posts\/278419\/revisions"}],"wp:featuredmedia":[{"embeddable":true,"href":"https:\/\/www.europesays.com\/fr\/wp-json\/wp\/v2\/media\/278420"}],"wp:attachment":[{"href":"https:\/\/www.europesays.com\/fr\/wp-json\/wp\/v2\/media?parent=278419"}],"wp:term":[{"taxonomy":"category","embeddable":true,"href":"https:\/\/www.europesays.com\/fr\/wp-json\/wp\/v2\/categories?post=278419"},{"taxonomy":"post_tag","embeddable":true,"href":"https:\/\/www.europesays.com\/fr\/wp-json\/wp\/v2\/tags?post=278419"}],"curies":[{"name":"wp","href":"https:\/\/api.w.org\/{rel}","templated":true}]}}