{"id":278430,"date":"2025-07-27T23:57:10","date_gmt":"2025-07-27T23:57:10","guid":{"rendered":"https:\/\/www.europesays.com\/fr\/278430\/"},"modified":"2025-07-27T23:57:10","modified_gmt":"2025-07-27T23:57:10","slug":"previsions-du-lundi-28-juillet-2025-2","status":"publish","type":"post","link":"https:\/\/www.europesays.com\/fr\/278430\/","title":{"rendered":"pr\u00e9visions du lundi 28 juillet 2025"},"content":{"rendered":"<p>Aujourd&rsquo;hui, toujours des nuages dans le ciel qui emp\u00eachent le soleil d&rsquo;appara\u00eetre \u00e0 Nice. Les valeurs seront comprises entre 20 et 25\u00b0C. Le matin, des nuages ne voudront pas laisser leur place au soleil. Des pluies \u00e9parses sont pr\u00e9vues. Les temp\u00e9ratures s&rsquo;\u00e9chelonneront entre 22 et 24\u00b0C. Une brise de sud-est soufflera l\u00e9g\u00e8rement. L&rsquo;apr\u00e8s-midi qui s&rsquo;annonce, promet d&rsquo;\u00eatre superbe et ensoleill\u00e9 ! Les valeurs afficheront entre 22\u00b0C et 25\u00b0C. Des \u00e9claircies feront leur apparition dans la soir\u00e9e. Les temp\u00e9ratures seront de 21\u00b0C au plus bas et de 22\u00b0C au maximum. Pendant votre sommeil, dans la nuit de lundi \u00e0 mardi, le ciel sera clair.<\/p>\n<p>Demain, des nuages feront leur apparition sur Nice. Les valeurs seront comprises entre 20 et 25\u00b0C. Un vent de nord-ouest rafra\u00eechira l\u00e9g\u00e8rement l&rsquo;atmosph\u00e8re. D&rsquo;un autre c\u00f4t\u00e9, le ciel va s&rsquo;\u00e9claircir dans la matin\u00e9e. Les temp\u00e9ratures s&rsquo;\u00e9chelonneront entre 21 et 25\u00b0C. Les nuages seront peu \u00e0 peu visibles au fil de l&rsquo;apr\u00e8s-midi. Il faudra pr\u00e9voir des perturbations, les Ni\u00e7ois se retrouveront sous des pluies \u00e9parses. Les valeurs seront de 23\u00b0C au minimum et de 24\u00b0C au plus haut. La grisaille ne se disperse toujours pas, il y aura encore des nuages demain soir. Du mauvais temps est \u00e0 pr\u00e9voir. Des pluies \u00e9parses vont tomber. Les temp\u00e9ratures s&rsquo;\u00e9chelonneront de 22 \u00e0 23\u00b0C.<\/p>\n<p>Le temps va s&rsquo;am\u00e9liorer dans les jours qui suivent. On anticipe des journ\u00e9es ensoleill\u00e9es, avec des temp\u00e9ratures dans les 26\u00b0C en moyenne.<\/p>\n<p><\/p>\n","protected":false},"excerpt":{"rendered":"Aujourd&rsquo;hui, toujours des nuages dans le ciel qui emp\u00eachent le soleil d&rsquo;appara\u00eetre \u00e0 Nice. Les valeurs seront comprises&hellip;\n","protected":false},"author":2,"featured_media":278431,"comment_status":"","ping_status":"","sticky":false,"template":"","format":"standard","meta":{"footnotes":""},"categories":[2819],"tags":[1111,11,2898,1777,674,1011,27,12,2401,883,2119,882,25],"class_list":{"0":"post-278430","1":"post","2":"type-post","3":"status-publish","4":"format-standard","5":"has-post-thumbnail","7":"category-nice","8":"tag-actu","9":"tag-actualites","10":"tag-alpes-maritimes","11":"tag-eu","12":"tag-europe","13":"tag-fr","14":"tag-france","15":"tag-news","16":"tag-nice","17":"tag-paca","18":"tag-previsions-meteo","19":"tag-provence-alpes-cote-dazur","20":"tag-republique-francaise"},"share_on_mastodon":{"url":"https:\/\/pubeurope.com\/@fr\/114927910528633741","error":""},"_links":{"self":[{"href":"https:\/\/www.europesays.com\/fr\/wp-json\/wp\/v2\/posts\/278430","targetHints":{"allow":["GET"]}}],"collection":[{"href":"https:\/\/www.europesays.com\/fr\/wp-json\/wp\/v2\/posts"}],"about":[{"href":"https:\/\/www.europesays.com\/fr\/wp-json\/wp\/v2\/types\/post"}],"author":[{"embeddable":true,"href":"https:\/\/www.europesays.com\/fr\/wp-json\/wp\/v2\/users\/2"}],"replies":[{"embeddable":true,"href":"https:\/\/www.europesays.com\/fr\/wp-json\/wp\/v2\/comments?post=278430"}],"version-history":[{"count":0,"href":"https:\/\/www.europesays.com\/fr\/wp-json\/wp\/v2\/posts\/278430\/revisions"}],"wp:featuredmedia":[{"embeddable":true,"href":"https:\/\/www.europesays.com\/fr\/wp-json\/wp\/v2\/media\/278431"}],"wp:attachment":[{"href":"https:\/\/www.europesays.com\/fr\/wp-json\/wp\/v2\/media?parent=278430"}],"wp:term":[{"taxonomy":"category","embeddable":true,"href":"https:\/\/www.europesays.com\/fr\/wp-json\/wp\/v2\/categories?post=278430"},{"taxonomy":"post_tag","embeddable":true,"href":"https:\/\/www.europesays.com\/fr\/wp-json\/wp\/v2\/tags?post=278430"}],"curies":[{"name":"wp","href":"https:\/\/api.w.org\/{rel}","templated":true}]}}