{"id":278434,"date":"2025-07-27T23:59:10","date_gmt":"2025-07-27T23:59:10","guid":{"rendered":"https:\/\/www.europesays.com\/fr\/278434\/"},"modified":"2025-07-27T23:59:10","modified_gmt":"2025-07-27T23:59:10","slug":"previsions-du-lundi-28-juillet-2025-3","status":"publish","type":"post","link":"https:\/\/www.europesays.com\/fr\/278434\/","title":{"rendered":"pr\u00e9visions du lundi 28 juillet 2025"},"content":{"rendered":"<p>Le ciel va l\u00e9g\u00e8rement se d\u00e9gager \u00e0 Nantes dans la journ\u00e9e avec des \u00e9claircies. Les valeurs seront comprises entre 15 et 26\u00b0C. Le matin, le thermom\u00e8tre affichera 20\u00b0C en moyenne. Une brise de nord soufflera doucement. Les temp\u00e9ratures vont conna\u00eetre une augmentation de plusieurs degr\u00e9s dans l&rsquo;apr\u00e8s-midi. Les valeurs s&rsquo;\u00e9chelonneront entre 25 et 26\u00b0C. Un vent de nord-ouest, enregistrant 20 km\/h, soufflera. Le soir, on pr\u00e9voit des valeurs d&rsquo;environ 21\u00b0C. Entre lundi et mardi, la nuit sera claire.<\/p>\n<p>Demain, le mercure va descendre de quelques degr\u00e9s \u00e0 Nantes. Les temp\u00e9ratures afficheront entre 12 et 26\u00b0C. Un vent de nord-ouest rafra\u00eechira un peu l&rsquo;atmosph\u00e8re. Cette matin\u00e9e sera synonyme de grand soleil. Il va faire en moyenne 19\u00b0C. Le temps devrait s&rsquo;am\u00e9liorer durant l&rsquo;apr\u00e8s-midi. Les temp\u00e9ratures vont conna\u00eetre une hausse de plusieurs degr\u00e9s. Les valeurs seront de 23\u00b0C au minimum et de 26\u00b0C au maximum. Dans la soir\u00e9e, les temp\u00e9ratures avoisineront les 21\u00b0C.<\/p>\n<p>Peu de changements au fil des jours. On s&rsquo;attend \u00e0 des journ\u00e9es ensoleill\u00e9es, avec des temp\u00e9ratures dans les 27\u00b0C en moyenne.<\/p>\n<p><\/p>\n","protected":false},"excerpt":{"rendered":"Le ciel va l\u00e9g\u00e8rement se d\u00e9gager \u00e0 Nantes dans la journ\u00e9e avec des \u00e9claircies. Les valeurs seront comprises&hellip;\n","protected":false},"author":2,"featured_media":278435,"comment_status":"","ping_status":"","sticky":false,"template":"","format":"standard","meta":{"footnotes":""},"categories":[2818],"tags":[1111,11,1777,674,1011,27,766,12,2636,2119,25],"class_list":{"0":"post-278434","1":"post","2":"type-post","3":"status-publish","4":"format-standard","5":"has-post-thumbnail","7":"category-nantes","8":"tag-actu","9":"tag-actualites","10":"tag-eu","11":"tag-europe","12":"tag-fr","13":"tag-france","14":"tag-nantes","15":"tag-news","16":"tag-pays-de-la-loire","17":"tag-previsions-meteo","18":"tag-republique-francaise"},"share_on_mastodon":{"url":"https:\/\/pubeurope.com\/@fr\/114927918392561652","error":""},"_links":{"self":[{"href":"https:\/\/www.europesays.com\/fr\/wp-json\/wp\/v2\/posts\/278434","targetHints":{"allow":["GET"]}}],"collection":[{"href":"https:\/\/www.europesays.com\/fr\/wp-json\/wp\/v2\/posts"}],"about":[{"href":"https:\/\/www.europesays.com\/fr\/wp-json\/wp\/v2\/types\/post"}],"author":[{"embeddable":true,"href":"https:\/\/www.europesays.com\/fr\/wp-json\/wp\/v2\/users\/2"}],"replies":[{"embeddable":true,"href":"https:\/\/www.europesays.com\/fr\/wp-json\/wp\/v2\/comments?post=278434"}],"version-history":[{"count":0,"href":"https:\/\/www.europesays.com\/fr\/wp-json\/wp\/v2\/posts\/278434\/revisions"}],"wp:featuredmedia":[{"embeddable":true,"href":"https:\/\/www.europesays.com\/fr\/wp-json\/wp\/v2\/media\/278435"}],"wp:attachment":[{"href":"https:\/\/www.europesays.com\/fr\/wp-json\/wp\/v2\/media?parent=278434"}],"wp:term":[{"taxonomy":"category","embeddable":true,"href":"https:\/\/www.europesays.com\/fr\/wp-json\/wp\/v2\/categories?post=278434"},{"taxonomy":"post_tag","embeddable":true,"href":"https:\/\/www.europesays.com\/fr\/wp-json\/wp\/v2\/tags?post=278434"}],"curies":[{"name":"wp","href":"https:\/\/api.w.org\/{rel}","templated":true}]}}