{"id":278436,"date":"2025-07-28T00:00:56","date_gmt":"2025-07-28T00:00:56","guid":{"rendered":"https:\/\/www.europesays.com\/fr\/278436\/"},"modified":"2025-07-28T00:00:56","modified_gmt":"2025-07-28T00:00:56","slug":"statue-de-louis-xvi-a-nantes-il-fallait-oser-johanna-rolland-la-fait-lagora","status":"publish","type":"post","link":"https:\/\/www.europesays.com\/fr\/278436\/","title":{"rendered":"Statue de Louis XVI \u00e0 Nantes. Il fallait oser, Johanna Rolland l&rsquo;a fait ! [L&rsquo;Agora]"},"content":{"rendered":"<p>Tout le\u00a0monde conna\u00eet la colonne Louis XVI \u00e9rig\u00e9e \u00e0 Nantes en 1790 et qui devait \u00eatre couronn\u00e9e d\u2019une statue du Roi bienfaisant, selon\u00a0les v\u0153ux de bourgeois nantais, coiffant l\u2019\u00e9difice de 28 m\u00e8tres de haut,\u00a0en remerciement de l\u2019essor de la ville. Les al\u00e9as h\u00e9las connus de l\u2019Histoire emp\u00eacheront la pose de la statue qui n\u2019aura lieu qu\u2019en 1825.<\/p>\n<p>La colonne et la statue sont restaur\u00e9es en 2013, photo ci-dessus.<\/p>\n<p>En juin 2025 la maire de Nantes, Johanna Rolland,\u00a0 confie \u00e0 un Colombien le nouvel habillage de cette colonne pour le farfelu \u00ab\u00a0Voyage \u00e0 Nantes\u00a0\u00bb invent\u00e9 par l\u2019ancien enfant de ch\u0153ur de Maul\u00e9vrier, Jean-Marc Ayrault. Voil\u00e0 ce que cela donne :<\/p>\n<p>Cette colonne n\u2019est pas class\u00e9e malgr\u00e9 son anciennet\u00e9.\u00a0Alors que d\u2019autres monuments de moindre int\u00e9r\u00eat le sont !<\/p>\n<p>Donc la statue de Louis XVI est cach\u00e9e par un ensemble de miroirs qui refl\u00e8tent la lumi\u00e8re du soleil mais pas celle des municipaux de Nantes.<\/p>\n<p>Le haut de la colonne,\u00a0 o\u00f9 Louis XVI est dissimul\u00e9, est attaqu\u00e9 par un escaladeur qui a les pieds \u00e0 l\u2019envers. Si une chanson populaire ironise sur le bon roi Dagobert qui avait mis sa culotte \u00e0 l\u2019envers, cette sculpture en bronze de 200 Kg illustre bien une municipalit\u00e9 dont la culture avance avec les pieds \u00e0 rebours et qui aurait du avoir la t\u00eate de m\u00eame, ignorant son Histoire et dont\u00a0la culture est au niveau d\u2019un bachelier actuel ! \u00ab\u00a0L\u2019artiste\u00a0\u00bb Colombien (Pr\u00e9colombien ?), qui \u00e0 priori ne conna\u00eet rien \u00e0 la culture fran\u00e7aise, invite \u00ab\u00a0<strong>\u00e0 r\u00e9interroger la pr\u00e9sence des symboles monarchiques dans l\u2019espace public<\/strong>\u00ab\u00a0(aurait-il pr\u00e9f\u00e9r\u00e9 une statue de dealer ?)\u00a0. Cela s\u2019appelle\u00a0<strong>Antipodos<\/strong>. Honn\u00eatement, dans le langage actuel \u00ab\u00a0C\u2019est pas l\u2019pied\u00a0\u00bb ! Mais c\u2019est du niveau de la pauvret\u00e9 culturelle de la municipalit\u00e9 de Nantes dans une ville dont la dette approche les 300 millions d\u2019\u20ac !<\/p>\n<p><strong>Pauvre Nantes, pauvre France !<\/strong><\/p>\n<p>No\u00ebl Stassinet via <a href=\"https:\/\/souvenirchouandebretagne.over-blog.com\/\" target=\"_blank\" rel=\"noopener\">Souvenir chouan de Bretagne<\/a><\/p>\n<p>Cr\u00e9dit photo : DR<br \/>[cc] Breizh-info.com, 2025, d\u00e9p\u00eaches libres de copie et de diffusion sous r\u00e9serve de mention et de lien vers la source d\u2019origine<\/p>\n","protected":false},"excerpt":{"rendered":"Tout le\u00a0monde conna\u00eet la colonne Louis XVI \u00e9rig\u00e9e \u00e0 Nantes en 1790 et qui devait \u00eatre couronn\u00e9e d\u2019une&hellip;\n","protected":false},"author":2,"featured_media":278437,"comment_status":"","ping_status":"","sticky":false,"template":"","format":"standard","meta":{"footnotes":""},"categories":[2818],"tags":[1111,11,31583,1777,674,1011,27,766,12,2636,25],"class_list":{"0":"post-278436","1":"post","2":"type-post","3":"status-publish","4":"format-standard","5":"has-post-thumbnail","7":"category-nantes","8":"tag-actu","9":"tag-actualites","10":"tag-chouan","11":"tag-eu","12":"tag-europe","13":"tag-fr","14":"tag-france","15":"tag-nantes","16":"tag-news","17":"tag-pays-de-la-loire","18":"tag-republique-francaise"},"share_on_mastodon":{"url":"https:\/\/pubeurope.com\/@fr\/114927926178574357","error":""},"_links":{"self":[{"href":"https:\/\/www.europesays.com\/fr\/wp-json\/wp\/v2\/posts\/278436","targetHints":{"allow":["GET"]}}],"collection":[{"href":"https:\/\/www.europesays.com\/fr\/wp-json\/wp\/v2\/posts"}],"about":[{"href":"https:\/\/www.europesays.com\/fr\/wp-json\/wp\/v2\/types\/post"}],"author":[{"embeddable":true,"href":"https:\/\/www.europesays.com\/fr\/wp-json\/wp\/v2\/users\/2"}],"replies":[{"embeddable":true,"href":"https:\/\/www.europesays.com\/fr\/wp-json\/wp\/v2\/comments?post=278436"}],"version-history":[{"count":0,"href":"https:\/\/www.europesays.com\/fr\/wp-json\/wp\/v2\/posts\/278436\/revisions"}],"wp:featuredmedia":[{"embeddable":true,"href":"https:\/\/www.europesays.com\/fr\/wp-json\/wp\/v2\/media\/278437"}],"wp:attachment":[{"href":"https:\/\/www.europesays.com\/fr\/wp-json\/wp\/v2\/media?parent=278436"}],"wp:term":[{"taxonomy":"category","embeddable":true,"href":"https:\/\/www.europesays.com\/fr\/wp-json\/wp\/v2\/categories?post=278436"},{"taxonomy":"post_tag","embeddable":true,"href":"https:\/\/www.europesays.com\/fr\/wp-json\/wp\/v2\/tags?post=278436"}],"curies":[{"name":"wp","href":"https:\/\/api.w.org\/{rel}","templated":true}]}}