{"id":278440,"date":"2025-07-28T00:03:11","date_gmt":"2025-07-28T00:03:11","guid":{"rendered":"https:\/\/www.europesays.com\/fr\/278440\/"},"modified":"2025-07-28T00:03:11","modified_gmt":"2025-07-28T00:03:11","slug":"previsions-du-lundi-28-juillet-2025-4","status":"publish","type":"post","link":"https:\/\/www.europesays.com\/fr\/278440\/","title":{"rendered":"pr\u00e9visions du lundi 28 juillet 2025"},"content":{"rendered":"<p>Aujourd&rsquo;hui, les temp\u00e9ratures afficheront entre 16 et 28\u00b0C \u00e0 Bordeaux. Un vent de nord-ouest rafra\u00eechira un peu l&rsquo;atmosph\u00e8re. Le ciel va s&rsquo;\u00e9claircir dans la matin\u00e9e. Un beau soleil est attendu l&rsquo;apr\u00e8s-midi. Les temp\u00e9ratures vont conna\u00eetre une augmentation de plusieurs degr\u00e9s. Les valeurs s&rsquo;\u00e9chelonneront entre 25\u00b0C et 28\u00b0C. Le soir, on anticipe des temp\u00e9ratures avoisinant 21\u00b0C. Durant la nuit de lundi \u00e0 mardi, le ciel sera clair.<\/p>\n<p>Demain, les Bordelais vont pouvoir profiter d&rsquo;un soleil radieux. Une chute des temp\u00e9ratures est pr\u00e9vue. Les valeurs seront comprises entre 14 et 28\u00b0C. Une l\u00e9g\u00e8re brise de nord-ouest sera ressentie par les habitants. Dans la matin\u00e9e, les temp\u00e9ratures seront de 22\u00b0C. Demain apr\u00e8s-midi, c&rsquo;est une hausse de plusieurs degr\u00e9s que vont enregistrer les temp\u00e9ratures. Ces valeurs s&rsquo;\u00e9chelonneront de 24 \u00e0 28\u00b0C.<\/p>\n<p>Pour les jours qui suivent, le temps ne changera pas. On s&rsquo;attend \u00e0 des journ\u00e9es ensoleill\u00e9es, accompagn\u00e9es par des temp\u00e9ratures dans les 28\u00b0C en moyenne.<\/p>\n<p><\/p>\n","protected":false},"excerpt":{"rendered":"Aujourd&rsquo;hui, les temp\u00e9ratures afficheront entre 16 et 28\u00b0C \u00e0 Bordeaux. Un vent de nord-ouest rafra\u00eechira un peu l&rsquo;atmosph\u00e8re.&hellip;\n","protected":false},"author":2,"featured_media":278441,"comment_status":"","ping_status":"","sticky":false,"template":"","format":"standard","meta":{"footnotes":""},"categories":[2817],"tags":[1111,11,3177,1997,1777,674,1011,27,2905,12,2219,2119,25],"class_list":{"0":"post-278440","1":"post","2":"type-post","3":"status-publish","4":"format-standard","5":"has-post-thumbnail","7":"category-bordeaux","8":"tag-actu","9":"tag-actualites","10":"tag-aquitaine","11":"tag-bordeaux","12":"tag-eu","13":"tag-europe","14":"tag-fr","15":"tag-france","16":"tag-gironde","17":"tag-news","18":"tag-nouvelle-aquitaine","19":"tag-previsions-meteo","20":"tag-republique-francaise"},"share_on_mastodon":{"url":"https:\/\/pubeurope.com\/@fr\/114927934058543327","error":""},"_links":{"self":[{"href":"https:\/\/www.europesays.com\/fr\/wp-json\/wp\/v2\/posts\/278440","targetHints":{"allow":["GET"]}}],"collection":[{"href":"https:\/\/www.europesays.com\/fr\/wp-json\/wp\/v2\/posts"}],"about":[{"href":"https:\/\/www.europesays.com\/fr\/wp-json\/wp\/v2\/types\/post"}],"author":[{"embeddable":true,"href":"https:\/\/www.europesays.com\/fr\/wp-json\/wp\/v2\/users\/2"}],"replies":[{"embeddable":true,"href":"https:\/\/www.europesays.com\/fr\/wp-json\/wp\/v2\/comments?post=278440"}],"version-history":[{"count":0,"href":"https:\/\/www.europesays.com\/fr\/wp-json\/wp\/v2\/posts\/278440\/revisions"}],"wp:featuredmedia":[{"embeddable":true,"href":"https:\/\/www.europesays.com\/fr\/wp-json\/wp\/v2\/media\/278441"}],"wp:attachment":[{"href":"https:\/\/www.europesays.com\/fr\/wp-json\/wp\/v2\/media?parent=278440"}],"wp:term":[{"taxonomy":"category","embeddable":true,"href":"https:\/\/www.europesays.com\/fr\/wp-json\/wp\/v2\/categories?post=278440"},{"taxonomy":"post_tag","embeddable":true,"href":"https:\/\/www.europesays.com\/fr\/wp-json\/wp\/v2\/tags?post=278440"}],"curies":[{"name":"wp","href":"https:\/\/api.w.org\/{rel}","templated":true}]}}