{"id":278444,"date":"2025-07-28T00:05:11","date_gmt":"2025-07-28T00:05:11","guid":{"rendered":"https:\/\/www.europesays.com\/fr\/278444\/"},"modified":"2025-07-28T00:05:11","modified_gmt":"2025-07-28T00:05:11","slug":"previsions-du-lundi-28-juillet-2025-5","status":"publish","type":"post","link":"https:\/\/www.europesays.com\/fr\/278444\/","title":{"rendered":"pr\u00e9visions du lundi 28 juillet 2025"},"content":{"rendered":"<p>\u00c0 Toulouse, la m\u00e9t\u00e9o va progressivement s&rsquo;am\u00e9liorer dans la journ\u00e9e et laisser place \u00e0 des \u00e9claircies. Les temp\u00e9ratures s&rsquo;\u00e9chelonneront entre 16 et 27\u00b0C. Une modeste brise de nord-ouest sera ressentie par les habitants. L&rsquo;apr\u00e8s-midi, c&rsquo;est une hausse de plusieurs degr\u00e9s que vont enregistrer les temp\u00e9ratures. Les valeurs seront comprises entre 25\u00b0C et 27\u00b0C. Le soir, le vent va peu \u00e0 peu chasser les nuages. On passera de lundi \u00e0 mardi par une nuit claire.<\/p>\n<p>Demain, les Toulousains vont pouvoir b\u00e9n\u00e9ficier d&rsquo;un soleil radieux. Les temp\u00e9ratures afficheront entre 14 et 29\u00b0C. Un vent de nord-ouest rafra\u00eechira l\u00e9g\u00e8rement l&rsquo;atmosph\u00e8re. L&rsquo;air ambiant va se r\u00e9chauffer demain apr\u00e8s-midi avec une augmentation de plusieurs degr\u00e9s. Les valeurs seront de 27\u00b0C au minimum et de 29\u00b0C au maximum. Des \u00e9claircies sont attendues : on passera une soir\u00e9e agr\u00e9able. On pr\u00e9voit des temp\u00e9ratures d&rsquo;environ 26\u00b0C.<\/p>\n<p>Les jours s&rsquo;encha\u00eenent et se ressemblent. Pr\u00e9voyez 29\u00b0C en moyenne qui accompagneront des journ\u00e9es ensoleill\u00e9es.<\/p>\n<p><\/p>\n","protected":false},"excerpt":{"rendered":"\u00c0 Toulouse, la m\u00e9t\u00e9o va progressivement s&rsquo;am\u00e9liorer dans la journ\u00e9e et laisser place \u00e0 des \u00e9claircies. Les temp\u00e9ratures&hellip;\n","protected":false},"author":2,"featured_media":278445,"comment_status":"","ping_status":"","sticky":false,"template":"","format":"standard","meta":{"footnotes":""},"categories":[2816],"tags":[1111,11,1777,674,1011,27,2722,2721,12,2680,2119,25,2312],"class_list":{"0":"post-278444","1":"post","2":"type-post","3":"status-publish","4":"format-standard","5":"has-post-thumbnail","7":"category-toulouse","8":"tag-actu","9":"tag-actualites","10":"tag-eu","11":"tag-europe","12":"tag-fr","13":"tag-france","14":"tag-haute-garonne","15":"tag-midi-pyrenees","16":"tag-news","17":"tag-occitanie","18":"tag-previsions-meteo","19":"tag-republique-francaise","20":"tag-toulouse"},"share_on_mastodon":{"url":"https:\/\/pubeurope.com\/@fr\/114927941893071349","error":""},"_links":{"self":[{"href":"https:\/\/www.europesays.com\/fr\/wp-json\/wp\/v2\/posts\/278444","targetHints":{"allow":["GET"]}}],"collection":[{"href":"https:\/\/www.europesays.com\/fr\/wp-json\/wp\/v2\/posts"}],"about":[{"href":"https:\/\/www.europesays.com\/fr\/wp-json\/wp\/v2\/types\/post"}],"author":[{"embeddable":true,"href":"https:\/\/www.europesays.com\/fr\/wp-json\/wp\/v2\/users\/2"}],"replies":[{"embeddable":true,"href":"https:\/\/www.europesays.com\/fr\/wp-json\/wp\/v2\/comments?post=278444"}],"version-history":[{"count":0,"href":"https:\/\/www.europesays.com\/fr\/wp-json\/wp\/v2\/posts\/278444\/revisions"}],"wp:featuredmedia":[{"embeddable":true,"href":"https:\/\/www.europesays.com\/fr\/wp-json\/wp\/v2\/media\/278445"}],"wp:attachment":[{"href":"https:\/\/www.europesays.com\/fr\/wp-json\/wp\/v2\/media?parent=278444"}],"wp:term":[{"taxonomy":"category","embeddable":true,"href":"https:\/\/www.europesays.com\/fr\/wp-json\/wp\/v2\/categories?post=278444"},{"taxonomy":"post_tag","embeddable":true,"href":"https:\/\/www.europesays.com\/fr\/wp-json\/wp\/v2\/tags?post=278444"}],"curies":[{"name":"wp","href":"https:\/\/api.w.org\/{rel}","templated":true}]}}