{"id":278452,"date":"2025-07-28T00:10:15","date_gmt":"2025-07-28T00:10:15","guid":{"rendered":"https:\/\/www.europesays.com\/fr\/278452\/"},"modified":"2025-07-28T00:10:15","modified_gmt":"2025-07-28T00:10:15","slug":"tabac-contrefait-cachets-et-cannabis","status":"publish","type":"post","link":"https:\/\/www.europesays.com\/fr\/278452\/","title":{"rendered":"tabac contrefait, cachets et cannabis"},"content":{"rendered":"<p itemprop=\"description\"><strong>Un contr\u00f4le de plus dans un quartier o\u00f9 le commerce ill\u00e9gal ne baisse jamais le rideau.<\/strong><\/p>\n<p>\u00c0 Lyon, les contr\u00f4les s\u2019encha\u00eenent \u00e0 La Guilloti\u00e8re, mais les produits illicites continuent de circuler. Jeudi vers 17 heures, une op\u00e9ration conjointe a mobilis\u00e9 les policiers de la brigade sp\u00e9cialis\u00e9e de terrain (BST) et les agents des douanes autour de la place Gabriel-P\u00e9ri.<\/p>\n<p>Six individus ont \u00e9t\u00e9 contr\u00f4l\u00e9s en possession de tabac \u00e0 chiquer et de\u00a031 paquets de cigarettes contrefaites, \u00e9copant chacun d\u2019une\u00a0transaction douani\u00e8re de 1 010 euros. L\u2019un d\u2019eux a \u00e9galement \u00e9t\u00e9 verbalis\u00e9 pour usage de cannabis, pr\u00e9cise Le Progr\u00e8s.<\/p>\n<p>Sur place, les forces de l\u2019ordre ont par ailleurs mis la main sur une petite quantit\u00e9 de produits non rattach\u00e9s \u00e0 un suspect :\u00a010 paquets de tabac \u00e0 chiquer,\u00a08 paquets de cigarettes\u00a0suppl\u00e9mentaires, ainsi que\u00a06 comprim\u00e9s de psychotropes potentiellement destin\u00e9s \u00e0 la revente. Une goutte dans l\u2019oc\u00e9an du trafic qui noie depuis longtemps la place Gabriel-P\u00e9ri.<\/p>\n","protected":false},"excerpt":{"rendered":"Un contr\u00f4le de plus dans un quartier o\u00f9 le commerce ill\u00e9gal ne baisse jamais le rideau. \u00c0 Lyon,&hellip;\n","protected":false},"author":2,"featured_media":278453,"comment_status":"","ping_status":"","sticky":false,"template":"","format":"standard","meta":{"footnotes":""},"categories":[1889],"tags":[1111,11,2813,2190,2430,1109,251,1112,2811,1777,674,118,1011,27,1922,1110,1114,2428,2810,12,241,316,25,2812,517,800],"class_list":{"0":"post-278452","1":"post","2":"type-post","3":"status-publish","4":"format-standard","5":"has-post-thumbnail","7":"category-lyon","8":"tag-actu","9":"tag-actualites","10":"tag-article","11":"tag-asvel","12":"tag-auvergne-rhone-alpes","13":"tag-breves","14":"tag-culture","15":"tag-depeches","16":"tag-economique","17":"tag-eu","18":"tag-europe","19":"tag-faits-divers","20":"tag-fr","21":"tag-france","22":"tag-info","23":"tag-informations","24":"tag-infos","25":"tag-lyon","26":"tag-lyonmag","27":"tag-news","28":"tag-ol","29":"tag-politique","30":"tag-republique-francaise","31":"tag-sociale","32":"tag-sport","33":"tag-transports"},"share_on_mastodon":{"url":"https:\/\/pubeurope.com\/@fr\/114927961581464747","error":""},"_links":{"self":[{"href":"https:\/\/www.europesays.com\/fr\/wp-json\/wp\/v2\/posts\/278452","targetHints":{"allow":["GET"]}}],"collection":[{"href":"https:\/\/www.europesays.com\/fr\/wp-json\/wp\/v2\/posts"}],"about":[{"href":"https:\/\/www.europesays.com\/fr\/wp-json\/wp\/v2\/types\/post"}],"author":[{"embeddable":true,"href":"https:\/\/www.europesays.com\/fr\/wp-json\/wp\/v2\/users\/2"}],"replies":[{"embeddable":true,"href":"https:\/\/www.europesays.com\/fr\/wp-json\/wp\/v2\/comments?post=278452"}],"version-history":[{"count":0,"href":"https:\/\/www.europesays.com\/fr\/wp-json\/wp\/v2\/posts\/278452\/revisions"}],"wp:featuredmedia":[{"embeddable":true,"href":"https:\/\/www.europesays.com\/fr\/wp-json\/wp\/v2\/media\/278453"}],"wp:attachment":[{"href":"https:\/\/www.europesays.com\/fr\/wp-json\/wp\/v2\/media?parent=278452"}],"wp:term":[{"taxonomy":"category","embeddable":true,"href":"https:\/\/www.europesays.com\/fr\/wp-json\/wp\/v2\/categories?post=278452"},{"taxonomy":"post_tag","embeddable":true,"href":"https:\/\/www.europesays.com\/fr\/wp-json\/wp\/v2\/tags?post=278452"}],"curies":[{"name":"wp","href":"https:\/\/api.w.org\/{rel}","templated":true}]}}