{"id":278454,"date":"2025-07-28T00:11:10","date_gmt":"2025-07-28T00:11:10","guid":{"rendered":"https:\/\/www.europesays.com\/fr\/278454\/"},"modified":"2025-07-28T00:11:10","modified_gmt":"2025-07-28T00:11:10","slug":"previsions-du-lundi-28-juillet-2025-6","status":"publish","type":"post","link":"https:\/\/www.europesays.com\/fr\/278454\/","title":{"rendered":"pr\u00e9visions du lundi 28 juillet 2025"},"content":{"rendered":"<p>On observera la pr\u00e9sence persistante de nuages aujourd&rsquo;hui \u00e0 Lyon. Les temp\u00e9ratures iront de 14 \u00e0 23\u00b0C. Un vent de nord-ouest rafra\u00eechira l\u00e9g\u00e8rement l&rsquo;atmosph\u00e8re. Encore de la grisaille le matin. Les nuages vont stationner. Des pluies \u00e9parses vont tomber sur la ville. Les temp\u00e9ratures seront de 18\u00b0C. Des \u00e9claircies feront leur apparition dans l&rsquo;apr\u00e8s-midi. Les temp\u00e9ratures vont enregistrer une augmentation de quelques degr\u00e9s. Les valeurs afficheront entre 22\u00b0C et 23\u00b0C. C&rsquo;est un ciel d\u00e9pourvu de nuages que conna\u00eetra la nuit de lundi \u00e0 mardi.<\/p>\n<p>Demain, un important soleil brillera sur Lyon. Les temp\u00e9ratures seront comprises entre 13 et 25\u00b0C. Une modeste brise de nord-ouest sera ressentie par les habitants. Il va faire 20\u00b0C en moyenne le matin. Les temp\u00e9ratures vont monter pendant l&rsquo;apr\u00e8s-midi de plusieurs degr\u00e9s. Les valeurs s&rsquo;\u00e9chelonneront entre 24 et 25\u00b0C. Demain soir, on anticipe des temp\u00e9ratures d&rsquo;environ 20\u00b0C.<\/p>\n<p>Le temps restera inchang\u00e9 les prochains jours. On s&rsquo;attend \u00e0 des journ\u00e9es ensoleill\u00e9es, accompagn\u00e9es par des temp\u00e9ratures dans les 28\u00b0C en moyenne.<\/p>\n<p><\/p>\n","protected":false},"excerpt":{"rendered":"On observera la pr\u00e9sence persistante de nuages aujourd&rsquo;hui \u00e0 Lyon. Les temp\u00e9ratures iront de 14 \u00e0 23\u00b0C. Un&hellip;\n","protected":false},"author":2,"featured_media":278455,"comment_status":"","ping_status":"","sticky":false,"template":"","format":"standard","meta":{"footnotes":""},"categories":[1889],"tags":[1111,11,2430,1777,674,1011,27,2428,12,2119,25,2429,2431],"class_list":{"0":"post-278454","1":"post","2":"type-post","3":"status-publish","4":"format-standard","5":"has-post-thumbnail","7":"category-lyon","8":"tag-actu","9":"tag-actualites","10":"tag-auvergne-rhone-alpes","11":"tag-eu","12":"tag-europe","13":"tag-fr","14":"tag-france","15":"tag-lyon","16":"tag-news","17":"tag-previsions-meteo","18":"tag-republique-francaise","19":"tag-rhone","20":"tag-rhone-alpes"},"share_on_mastodon":{"url":"https:\/\/pubeurope.com\/@fr\/114927965511799297","error":""},"_links":{"self":[{"href":"https:\/\/www.europesays.com\/fr\/wp-json\/wp\/v2\/posts\/278454","targetHints":{"allow":["GET"]}}],"collection":[{"href":"https:\/\/www.europesays.com\/fr\/wp-json\/wp\/v2\/posts"}],"about":[{"href":"https:\/\/www.europesays.com\/fr\/wp-json\/wp\/v2\/types\/post"}],"author":[{"embeddable":true,"href":"https:\/\/www.europesays.com\/fr\/wp-json\/wp\/v2\/users\/2"}],"replies":[{"embeddable":true,"href":"https:\/\/www.europesays.com\/fr\/wp-json\/wp\/v2\/comments?post=278454"}],"version-history":[{"count":0,"href":"https:\/\/www.europesays.com\/fr\/wp-json\/wp\/v2\/posts\/278454\/revisions"}],"wp:featuredmedia":[{"embeddable":true,"href":"https:\/\/www.europesays.com\/fr\/wp-json\/wp\/v2\/media\/278455"}],"wp:attachment":[{"href":"https:\/\/www.europesays.com\/fr\/wp-json\/wp\/v2\/media?parent=278454"}],"wp:term":[{"taxonomy":"category","embeddable":true,"href":"https:\/\/www.europesays.com\/fr\/wp-json\/wp\/v2\/categories?post=278454"},{"taxonomy":"post_tag","embeddable":true,"href":"https:\/\/www.europesays.com\/fr\/wp-json\/wp\/v2\/tags?post=278454"}],"curies":[{"name":"wp","href":"https:\/\/api.w.org\/{rel}","templated":true}]}}