{"id":278458,"date":"2025-07-28T00:17:12","date_gmt":"2025-07-28T00:17:12","guid":{"rendered":"https:\/\/www.europesays.com\/fr\/278458\/"},"modified":"2025-07-28T00:17:12","modified_gmt":"2025-07-28T00:17:12","slug":"un-moment-unique-cetait-fou-malgre-la-pluie-la-rue-lepic-sest-completement-enflammee-pour-le-tour","status":"publish","type":"post","link":"https:\/\/www.europesays.com\/fr\/278458\/","title":{"rendered":"\u00ab\u00a0Un moment unique, c\u2019\u00e9tait fou\u00a0\u00bb\u00a0: malgr\u00e9 la pluie, la rue Lepic s\u2019est compl\u00e8tement enflamm\u00e9e pour le Tour"},"content":{"rendered":"<p class=\"paragraph text_align_left lp-f-body-02\">C\u2019est reparti pour un Tour. Un an apr\u00e8s les images folles et pleines de joie de la rue Lepic, <a href=\"https:\/\/www.leparisien.fr\/paris-75\/une-pente-a-59-trois-ascensions-150-coureurs-la-rue-lepic-en-mode-tour-de-france-anatomie-dune-butte-26-07-2025-V322GHMKDFA7DCZQNREL3QQO2E.php\" target=\"_self\" rel=\"nofollow noopener\">la mythique mont\u00e9e de Montmartre<\/a> a connu une journ\u00e9e tout aussi dingue. Remplie de cris, de chants et de couleurs, elle a une fois encore rugi aux trois passages du peloton du <a href=\"https:\/\/www.leparisien.fr\/sports\/cyclisme\/tour-de-france\/\" target=\"_self\" rel=\"nofollow noopener\">Tour de France<\/a>.<\/p>\n<p class=\"paragraph text_align_left lp-f-body-02\">Les touristes venus passer un week-end \u00e0 <a href=\"https:\/\/www.leparisien.fr\/paris-75\/\" target=\"_self\" rel=\"nofollow noopener\">Paris<\/a> n\u2019ont pas d\u00fb comprendre ce qui se tramait autour d\u2019eux. Le temps d\u2019une journ\u00e9e, les sandwichs merguez sauce mayo sont venus remplacer les cartes des restaurants hupp\u00e9s de la rue pav\u00e9e. C\u00f4t\u00e9 boisson, on n\u2019est pas all\u00e9 dans la dentelle. \u00ab Aujourd\u2019hui, c\u2019est ros\u00e9, Ricard, bi\u00e8re. Point \u00bb, r\u00e9sume un restaurateur.<\/p>\n","protected":false},"excerpt":{"rendered":"C\u2019est reparti pour un Tour. Un an apr\u00e8s les images folles et pleines de joie de la rue&hellip;\n","protected":false},"author":2,"featured_media":278459,"comment_status":"","ping_status":"","sticky":false,"template":"","format":"standard","meta":{"footnotes":""},"categories":[1888],"tags":[1111,1928,11,1927,1777,674,1011,27,1944,12,1926,626,1925,25,60],"class_list":{"0":"post-278458","1":"post","2":"type-post","3":"status-publish","4":"format-standard","5":"has-post-thumbnail","7":"category-paris","8":"tag-actu","9":"tag-actu-paris","10":"tag-actualites","11":"tag-actualites-paris","12":"tag-eu","13":"tag-europe","14":"tag-fr","15":"tag-france","16":"tag-ma-ville","17":"tag-news","18":"tag-news-paris","19":"tag-paris","20":"tag-paris-news","21":"tag-republique-francaise","22":"tag-sports"},"share_on_mastodon":{"url":"https:\/\/pubeurope.com\/@fr\/114927989612922948","error":""},"_links":{"self":[{"href":"https:\/\/www.europesays.com\/fr\/wp-json\/wp\/v2\/posts\/278458","targetHints":{"allow":["GET"]}}],"collection":[{"href":"https:\/\/www.europesays.com\/fr\/wp-json\/wp\/v2\/posts"}],"about":[{"href":"https:\/\/www.europesays.com\/fr\/wp-json\/wp\/v2\/types\/post"}],"author":[{"embeddable":true,"href":"https:\/\/www.europesays.com\/fr\/wp-json\/wp\/v2\/users\/2"}],"replies":[{"embeddable":true,"href":"https:\/\/www.europesays.com\/fr\/wp-json\/wp\/v2\/comments?post=278458"}],"version-history":[{"count":0,"href":"https:\/\/www.europesays.com\/fr\/wp-json\/wp\/v2\/posts\/278458\/revisions"}],"wp:featuredmedia":[{"embeddable":true,"href":"https:\/\/www.europesays.com\/fr\/wp-json\/wp\/v2\/media\/278459"}],"wp:attachment":[{"href":"https:\/\/www.europesays.com\/fr\/wp-json\/wp\/v2\/media?parent=278458"}],"wp:term":[{"taxonomy":"category","embeddable":true,"href":"https:\/\/www.europesays.com\/fr\/wp-json\/wp\/v2\/categories?post=278458"},{"taxonomy":"post_tag","embeddable":true,"href":"https:\/\/www.europesays.com\/fr\/wp-json\/wp\/v2\/tags?post=278458"}],"curies":[{"name":"wp","href":"https:\/\/api.w.org\/{rel}","templated":true}]}}