{"id":278460,"date":"2025-07-28T00:18:37","date_gmt":"2025-07-28T00:18:37","guid":{"rendered":"https:\/\/www.europesays.com\/fr\/278460\/"},"modified":"2025-07-28T00:18:37","modified_gmt":"2025-07-28T00:18:37","slug":"les-heures-de-passage-des-coureurs-et-de-la-caravane-entre-mantes-la-ville-et-paris","status":"publish","type":"post","link":"https:\/\/www.europesays.com\/fr\/278460\/","title":{"rendered":"les heures de passage des coureurs et de la caravane entre Mantes-la-Ville et Paris"},"content":{"rendered":"<p class=\"mb-4 text-lg md:leading-8 break-words\">Apr\u00e8s 20 jours de course, le <a href=\"https:\/\/rmcsport.bfmtv.com\/cyclisme\/tour-de-france\/\" rel=\"nofollow noopener\" target=\"_blank\" data-ylk=\"slk:Tour de France 2025;elm:context_link;itc:0;sec:content-canvas\" class=\"link \">Tour de France 2025<\/a> s&rsquo;ach\u00e8ve. La 21e et ultime \u00e9tape partira de Mantes-la-Ville pour retrouver, dans la tradition, l&rsquo;avenue des Champs-\u00c9lys\u00e9es ce dimanche 27 juillet. Le peloton du <a href=\"https:\/\/fr.news.yahoo.com\/sport\/tour-france-2025-dates-parcours-061100754.html\" data-ylk=\"slk:Tour de France 2025;elm:context_link;itc:0;sec:content-canvas;outcm:mb_qualified_link;_E:mb_qualified_link;ct:story;\" class=\"link  yahoo-link\" target=\"_blank\" rel=\"noopener\">Tour de France 2025<\/a> retrouvera ainsi la plus belle avenue du monde, un an apr\u00e8s l&rsquo;arriv\u00e9e finale organis\u00e9e \u00e0 Nice en raison de la tenue des Jeux olympiques de Paris 2024. Mais la grosse nouveaut\u00e9 de cette derni\u00e8re \u00e9tape est qu&rsquo;elle empruntera les explosives pentes de la <a href=\"https:\/\/fr.news.yahoo.com\/sport\/tour-france-2025-cest-confirm%C3%A9-152453794.html\" data-ylk=\"slk:butte Montmartre;elm:context_link;itc:0;sec:content-canvas;outcm:mb_qualified_link;_E:mb_qualified_link;ct:story;\" class=\"link  yahoo-link\" target=\"_blank\" rel=\"noopener\">butte Montmartre<\/a>, inspir\u00e9e par le succ\u00e8s de la course olympique l&rsquo;an pass\u00e9. De quoi mettre du piment pour les <a href=\"https:\/\/fr.news.yahoo.com\/sport\/tour-france-2025-pogacar-vingegaard-101921256.html\" data-ylk=\"slk:favoris;elm:context_link;itc:0;sec:content-canvas;outcm:mb_qualified_link;_E:mb_qualified_link;ct:story;\" class=\"link  yahoo-link\" target=\"_blank\" rel=\"noopener\">favoris<\/a> dans ce final.<\/p>\n<p class=\"mb-4 text-lg md:leading-8 break-words\">Le d\u00e9part fictif de cette derni\u00e8re \u00e9tape du <a href=\"https:\/\/fr.news.yahoo.com\/sport\/tour-france-2025-parcours-complet-060300787.html\" data-ylk=\"slk:Tour de France 2025;elm:context_link;itc:0;sec:content-canvas;outcm:mb_qualified_link;_E:mb_qualified_link;ct:story;\" class=\"link  yahoo-link\" target=\"_blank\" rel=\"noopener\">Tour de France 2025<\/a> sera donn\u00e9 \u00e0 16h10 et l&rsquo;arriv\u00e9e devrait avoir lieu autour de 19h26. Les horaires du parcours sont donn\u00e9s \u00e0 titre indicatif et sont susceptibles d&rsquo;\u00eatre ajust\u00e9s en fonction des conditions de <b><a href=\"https:\/\/rmcsport.bfmtv.com\/cyclisme\/tour-de-france\/course\/\" rel=\"nofollow noopener\" target=\"_blank\" data-ylk=\"slk:course;elm:context_link;itc:0;sec:content-canvas\" class=\"link \">course<\/a><\/b>, de circulation et de temps le jour de l&rsquo;<b><a href=\"https:\/\/rmcsport.bfmtv.com\/cyclisme\/tour-de-france\/etapes\/\" rel=\"nofollow noopener\" target=\"_blank\" data-ylk=\"slk:\u00e9tape;elm:context_link;itc:0;sec:content-canvas\" class=\"link \">\u00e9tape<\/a><\/b>. Il est conseill\u00e9 d&rsquo;arriver 30 minutes avant le d\u00e9but du passage estim\u00e9 afin de profiter du passage des coureurs et de la caravane.<\/p>\n<p>Quels sont les horaires de passage des coureurs et de la caravane lors de l&rsquo;\u00e9tape 21 du Tour de France 2025?<\/p>\n<p class=\"mb-4 text-lg md:leading-8 break-words\">VC MANTES-LA-VILLE 16:10 MANTES-LA-JOLIE (VC-D983 A) 16:15 D983 A LIMAY (D983 A-D146) 16:17 D146 PORCHEVILLE 16:21 Les Garennes (ISSOU) 16:25 MANTES-LA-VILLE 16:25 GARGENVILLE (D146-D130) 16:27 D130 \u00cele de Rangiport 16:28 \u00c9P\u00d4NE (D130-D113-D191) 16:30 D191 N\u00c9ZEL 16:33 Passage \u00e0 niveau N\u00b0 14. 16:35 AULNAY-SUR-MAULDRE (D191-VC) 16:36 VC BAZEMONT 16:38 C\u00f4te de Bazemont 16:40 Beulle (MAULE) (VC-D45) 16:41 D45 Les Joncs Marins (HERBEVILLE) (pr\u00e8s) 16:42 LES ALLUETS-LE-ROI (D45-D198) 16:45 D198 CRESPI\u00c8RES (D198-D307) 16:51 D307 DAVRON (pr\u00e8s) 16:55 FEUCHEROLLES (D307-D30) (pr\u00e8s) 16:57 D30 Carrefour D30-D74 16:59 D74 CHAVENAY (D74-D97) 16:59 D97 VILLEPREUX (D97-D161-D12) 17:05 D12 Carrefour D12-D11 17:09 D11 FONTENAY-LE-FLEURY 17:11 SAINT-CYR-L&rsquo;\u00c9COLE (D11-D10) 17:13 Ch\u00e2teau de Versailles 17:20 VERSAILLES (D10-VC-D186-D10-D56) 17:21 D56 VIROFLAY (D56-VC-D53) 17:26 D53 V\u00c9LIZY-VILLACOUBLAY 17:28 HAUTS-DE-SEINE (92) 17:29 CHAVILLE (D53-D181) 17:29 D181 C\u00f4te du Pav\u00e9 des Gardes 17:32 S\u00c8VRES 17:32 MEUDON (D181-VC) 17:33 VC ISSY-LES-MOULINEAUX (VC-D7) 17:37 PARIS (75) 17:40 PARIS (entr\u00e9e) 17:41 Tour Eiffel 17:45 Palais du Louvre 17:51 1er passage sur la ligne d&rsquo;arriv\u00e9e 17:55 2e passage sur la ligne d&rsquo;arriv\u00e9e 18:05 3e passage sur la ligne d&rsquo;arriv\u00e9e 18:15 PARIS &#8211; HAUT DES CHAMPS-ELYS\u00c9ES (3E PASSAGE) 18:16 4e passage sur la ligne d&rsquo;arriv\u00e9e 18:25 C\u00f4te de la Butte Montmartre 18:37 5e passage sur la ligne d&rsquo;arriv\u00e9e 18:46 C\u00f4te de la Butte Montmartre 19:02 6e passage sur la ligne d&rsquo;arriv\u00e9e 19:11 C\u00f4te de la Butte Montmartre 19:26 PARIS Champs-\u00c9lys\u00e9es 19:35<\/p>\n<p class=\"mb-4 text-lg md:leading-8 break-words\"><a href=\"https:\/\/rmcsport.bfmtv.com\/cyclisme\/tour-de-france\/tour-de-france-2025-etape-21-les-heures-de-passage-des-coureurs-et-de-la-caravane-entre-mantes-la-ville-et-paris_AV-202507270001.html#xtor=AL-68\" rel=\"nofollow noopener\" target=\"_blank\" data-ylk=\"slk:Article original publi\u00e9 sur RMC Sport;elm:context_link;itc:0;sec:content-canvas\" class=\"link \">Article original publi\u00e9 sur RMC Sport<\/a><\/p>\n","protected":false},"excerpt":{"rendered":"Apr\u00e8s 20 jours de course, le Tour de France 2025 s&rsquo;ach\u00e8ve. La 21e et ultime \u00e9tape partira de&hellip;\n","protected":false},"author":2,"featured_media":278461,"comment_status":"","ping_status":"","sticky":false,"template":"","format":"standard","meta":{"footnotes":""},"categories":[1888],"tags":[1111,1928,11,1927,6984,1777,674,1011,27,21405,41785,12,1926,626,1925,41786,25,210],"class_list":{"0":"post-278460","1":"post","2":"type-post","3":"status-publish","4":"format-standard","5":"has-post-thumbnail","7":"category-paris","8":"tag-actu","9":"tag-actu-paris","10":"tag-actualites","11":"tag-actualites-paris","12":"tag-champs-elysees","13":"tag-eu","14":"tag-europe","15":"tag-fr","16":"tag-france","17":"tag-jeux-olympiques-de-paris","18":"tag-mantes-la-ville","19":"tag-news","20":"tag-news-paris","21":"tag-paris","22":"tag-paris-news","23":"tag-passage-sur-la-ligne","24":"tag-republique-francaise","25":"tag-tour-de-france"},"share_on_mastodon":{"url":"https:\/\/pubeurope.com\/@fr\/114927993094676145","error":""},"_links":{"self":[{"href":"https:\/\/www.europesays.com\/fr\/wp-json\/wp\/v2\/posts\/278460","targetHints":{"allow":["GET"]}}],"collection":[{"href":"https:\/\/www.europesays.com\/fr\/wp-json\/wp\/v2\/posts"}],"about":[{"href":"https:\/\/www.europesays.com\/fr\/wp-json\/wp\/v2\/types\/post"}],"author":[{"embeddable":true,"href":"https:\/\/www.europesays.com\/fr\/wp-json\/wp\/v2\/users\/2"}],"replies":[{"embeddable":true,"href":"https:\/\/www.europesays.com\/fr\/wp-json\/wp\/v2\/comments?post=278460"}],"version-history":[{"count":0,"href":"https:\/\/www.europesays.com\/fr\/wp-json\/wp\/v2\/posts\/278460\/revisions"}],"wp:featuredmedia":[{"embeddable":true,"href":"https:\/\/www.europesays.com\/fr\/wp-json\/wp\/v2\/media\/278461"}],"wp:attachment":[{"href":"https:\/\/www.europesays.com\/fr\/wp-json\/wp\/v2\/media?parent=278460"}],"wp:term":[{"taxonomy":"category","embeddable":true,"href":"https:\/\/www.europesays.com\/fr\/wp-json\/wp\/v2\/categories?post=278460"},{"taxonomy":"post_tag","embeddable":true,"href":"https:\/\/www.europesays.com\/fr\/wp-json\/wp\/v2\/tags?post=278460"}],"curies":[{"name":"wp","href":"https:\/\/api.w.org\/{rel}","templated":true}]}}