{"id":278462,"date":"2025-07-28T00:19:11","date_gmt":"2025-07-28T00:19:11","guid":{"rendered":"https:\/\/www.europesays.com\/fr\/278462\/"},"modified":"2025-07-28T00:19:11","modified_gmt":"2025-07-28T00:19:11","slug":"previsions-du-lundi-28-juillet-2025-7","status":"publish","type":"post","link":"https:\/\/www.europesays.com\/fr\/278462\/","title":{"rendered":"pr\u00e9visions du lundi 28 juillet 2025"},"content":{"rendered":"<p>\u00c0 Paris, la m\u00e9t\u00e9o va peu \u00e0 peu s&rsquo;am\u00e9liorer dans la journ\u00e9e et laisser place \u00e0 des \u00e9claircies. Les temp\u00e9ratures seront comprises entre 15\u00b0C et 23\u00b0C. Une petite brise de nord-ouest soufflera. Un temps plus chaud est attendu l&rsquo;apr\u00e8s-midi puisque le mercure va conna\u00eetre une hausse. Il va faire 21\u00b0C en moyenne le soir. Le passage de lundi \u00e0 mardi se fera sous un ciel limpide.<\/p>\n<p>Demain, c&rsquo;est une hausse de quelques degr\u00e9s que vont enregistrer les temp\u00e9ratures dans la ville de Paris. Le thermom\u00e8tre affichera 21\u00b0C en moyenne. Un l\u00e9ger vent d&rsquo;ouest sera ressenti par les habitants. Le soleil sera au rendez-vous : une belle matin\u00e9e se profile ! La ville aura quelques \u00e9claircies demain apr\u00e8s-midi. Les temp\u00e9ratures vont conna\u00eetre une augmentation de quelques degr\u00e9s. Les valeurs seront de 21\u00b0C au minimum et de 26\u00b0C au maximum. Les temp\u00e9ratures avoisineront les 18\u00b0C au cours de la soir\u00e9e.<\/p>\n<p>Les jours se suivent mais ne se ressemblent pas. Les conditions m\u00e9t\u00e9orologiques seront changeantes les jours qui suivent. On pr\u00e9voit une am\u00e9lioration jeudi, apr\u00e8s une journ\u00e9e pluvieuse mercredi.<\/p>\n<p><\/p>\n","protected":false},"excerpt":{"rendered":"\u00c0 Paris, la m\u00e9t\u00e9o va peu \u00e0 peu s&rsquo;am\u00e9liorer dans la journ\u00e9e et laisser place \u00e0 des \u00e9claircies.&hellip;\n","protected":false},"author":2,"featured_media":278463,"comment_status":"","ping_status":"","sticky":false,"template":"","format":"standard","meta":{"footnotes":""},"categories":[1888],"tags":[11,1777,674,1011,27,662,12,626,2119,25],"class_list":{"0":"post-278462","1":"post","2":"type-post","3":"status-publish","4":"format-standard","5":"has-post-thumbnail","7":"category-paris","8":"tag-actualites","9":"tag-eu","10":"tag-europe","11":"tag-fr","12":"tag-france","13":"tag-ile-de-france","14":"tag-news","15":"tag-paris","16":"tag-previsions-meteo","17":"tag-republique-francaise"},"share_on_mastodon":{"url":"https:\/\/pubeurope.com\/@fr\/114927997023006206","error":""},"_links":{"self":[{"href":"https:\/\/www.europesays.com\/fr\/wp-json\/wp\/v2\/posts\/278462","targetHints":{"allow":["GET"]}}],"collection":[{"href":"https:\/\/www.europesays.com\/fr\/wp-json\/wp\/v2\/posts"}],"about":[{"href":"https:\/\/www.europesays.com\/fr\/wp-json\/wp\/v2\/types\/post"}],"author":[{"embeddable":true,"href":"https:\/\/www.europesays.com\/fr\/wp-json\/wp\/v2\/users\/2"}],"replies":[{"embeddable":true,"href":"https:\/\/www.europesays.com\/fr\/wp-json\/wp\/v2\/comments?post=278462"}],"version-history":[{"count":0,"href":"https:\/\/www.europesays.com\/fr\/wp-json\/wp\/v2\/posts\/278462\/revisions"}],"wp:featuredmedia":[{"embeddable":true,"href":"https:\/\/www.europesays.com\/fr\/wp-json\/wp\/v2\/media\/278463"}],"wp:attachment":[{"href":"https:\/\/www.europesays.com\/fr\/wp-json\/wp\/v2\/media?parent=278462"}],"wp:term":[{"taxonomy":"category","embeddable":true,"href":"https:\/\/www.europesays.com\/fr\/wp-json\/wp\/v2\/categories?post=278462"},{"taxonomy":"post_tag","embeddable":true,"href":"https:\/\/www.europesays.com\/fr\/wp-json\/wp\/v2\/tags?post=278462"}],"curies":[{"name":"wp","href":"https:\/\/api.w.org\/{rel}","templated":true}]}}