{"id":278464,"date":"2025-07-28T00:20:28","date_gmt":"2025-07-28T00:20:28","guid":{"rendered":"https:\/\/www.europesays.com\/fr\/278464\/"},"modified":"2025-07-28T00:20:28","modified_gmt":"2025-07-28T00:20:28","slug":"van-aert-dernier-vainqueur-a-paris-pogacar-sacre-pour-la-quatrieme-fois","status":"publish","type":"post","link":"https:\/\/www.europesays.com\/fr\/278464\/","title":{"rendered":"Van Aert dernier vainqueur \u00e0 Paris, Pogacar sacr\u00e9 pour la quatri\u00e8me fois"},"content":{"rendered":"<p>Ce dimanche sur les Champs-\u00c9lys\u00e9es, Wout Van Aert a remport\u00e9 la derni\u00e8re \u00e9tape. Tadej Pogacar, lui, a remport\u00e9 sa 4e Grande Boucle.<\/p>\n<p class=\"fig-paragraph\">Sur des Champs-\u00c9lys\u00e9es d\u00e9tremp\u00e9es et sous les \u00e9clats des \u00e9clairages,\u00a0<a href=\"https:\/\/www.lefigaro.fr\/sports\/cyclisme\/tour-de-france\/en-direct-tour-de-france-suivez-la-21e-et-derniere-etape-entre-mantes-la-ville-et-paris-20250727\" data-fig-type=\"Live\" data-gtm-custom-categorie=\"navigation\" data-gtm-custom-action=\"crossclick\" data-gtm-custom-label=\"Contextuel\" data-gtm-event=\"customEventSPE\" data-fig-domain=\"LEFIGARO\" target=\"_blank\" rel=\"noopener\">Wout Van Aert\u00a0<\/a>a illumin\u00e9 la derni\u00e8re \u00e9tape du\u00a0<a href=\"http:\/\/www.lefigaro.fr\/sports\/cyclisme\/tour-de-france\/tour-de-france-en-video-l-attaque-de-julian-alaphilippe-dans-une-rue-lepic-en-fusion-20250727\" data-fig-type=\"NewsFlash\" data-gtm-custom-categorie=\"navigation\" data-gtm-custom-action=\"crossclick\" data-gtm-custom-label=\"Contextuel\" data-gtm-event=\"customEventSPE\" data-fig-domain=\"LEFIGARO\" target=\"_blank\" rel=\"noopener\">Tour de France<\/a>. Le Belge, fid\u00e8le \u00e0 son style puissant, a offert un spectacle compl\u00e8tement fou dans la derni\u00e8re ascension de la\u00a0<a href=\"http:\/\/www.lefigaro.fr\/sports\/cyclisme\/tour-de-france\/il-y-a-encore-plus-de-monde-que-l-an-dernier-dans-les-pentes-de-la-rue-lepic-un-volcan-en-eruption-pour-la-derniere-etape-20250727\" data-fig-type=\"Article\" data-gtm-custom-categorie=\"navigation\" data-gtm-custom-action=\"crossclick\" data-gtm-custom-label=\"Contextuel\" data-gtm-event=\"customEventSPE\" data-fig-domain=\"LEFIGARO\" target=\"_blank\" rel=\"noopener\">rue Lepic<\/a>. Signant la deuxi\u00e8me de sa carri\u00e8re sur les Champs-\u00c9lys\u00e9es, trois ans apr\u00e8s sa derni\u00e8re victoire d\u2019\u00e9tape sur le Tour. Peut-\u00eatre m\u00eame sa plus belle&#8230;<\/p>\n<p class=\"fig-paragraph\">Derri\u00e8re lui ce dimanche,\u00a0<a href=\"http:\/\/www.lefigaro.fr\/sports\/tadej-pogacar-vainqueur-du-tour-de-france-pour-la-quatrieme-fois-jusqu-ou-peut-il-et-surtout-veut-il-aller-20250727\" data-fig-type=\"Article\" data-gtm-custom-categorie=\"navigation\" data-gtm-custom-action=\"crossclick\" data-gtm-custom-label=\"Contextuel\" data-gtm-event=\"customEventSPE\" data-fig-domain=\"LEFIGARO\" target=\"_blank\" rel=\"noopener\">Tadej Pogacar<\/a>\u00a0a tout donn\u00e9 pour remporter la derni\u00e8re \u00e9tape. Ce n\u2019\u00e9tait pas son jour. Mais il ne retiendra pas \u00e7a. Le Slov\u00e8ne a remport\u00e9 sa 4e Grande Boucle, apr\u00e8s avoir \u00e9t\u00e9 sacr\u00e9 en 2020, 2021 et 2024.<\/p>\n<p>                                    <a class=\"fig-a11y-skip a11y-hidden\" href=\"#fig-a11y-skip-main-inarticle\"><br \/>\n        Passer la publicit\u00e9<br \/>\n    <\/a><\/p>\n<p>Froome \u00e9gal\u00e9<\/p>\n<p class=\"fig-paragraph\">Malgr\u00e9 un soup\u00e7on de lassitude ou la pol\u00e9mique incessante du\u00a0<a href=\"http:\/\/www.lefigaro.fr\/sports\/cyclisme\/tour-de-france\/thomas-voeckler-un-vainqueur-francais-sur-le-tour-pas-l-an-prochain-ni-dans-deux-ans-peut-etre-apres-20250723\" data-fig-type=\"Article\" data-gtm-custom-categorie=\"navigation\" data-gtm-custom-action=\"crossclick\" data-gtm-custom-label=\"Contextuel\" data-gtm-event=\"customEventSPE\" data-fig-domain=\"LEFIGARO\" target=\"_blank\" rel=\"noopener\">dopage<\/a>, le gamin de la petite commune de Klanec, en Slov\u00e9nie, \u00e9tait seul au monde. Il inscrit encore un plus son nom dans le livre d\u2019histoire du cyclisme. Et n\u2019est pas encore pr\u00e8s de s\u2019arr\u00eater.<\/p>\n<p class=\"fig-paragraph\">Ce quatri\u00e8me triomphe illustre une nouvelle fois sa supr\u00e9matie hors norme, contre laquelle Jonas Vingegaard (et les autres) n\u2019a rien pu faire. Imaginez un peu, 14 \u00e9tapes en jaune. Le Mont Ventoux, lors de la 16e \u00e9tape, aurait pu tout changer. La surprise n\u2019a pas eu lieu. Pogacar \u00e9tait bien trop fort. Avant \u00e7a, les Pyr\u00e9n\u00e9es auraient pu aussi tout changer. Le Slov\u00e8ne de 26 ans a choisi d\u2019assommer la concurrence. N\u2019oublions pas que le coureur d\u2019UAE Team Emirates XRG avait perdu sur abandon son \u00ablieutenant\u00bb Joao Almeida. Cela ne l\u2019a m\u00eame pas perturb\u00e9.<\/p>\n<p class=\"fig-paragraph\">Avec quatre victoires dans le Tour de France et deux deuxi\u00e8mes places en six participations, Tadej Pogacar \u00e9gale Chris Froome et se rapproche, \u00e0 seulement une unit\u00e9, du record d\u00e9tenu par Eddy Merckx, Bernard Hinault, Jacques Anquetil et Miguel Indurain. Le Slov\u00e8ne y file tout droit.<\/p>\n","protected":false},"excerpt":{"rendered":"Ce dimanche sur les Champs-\u00c9lys\u00e9es, Wout Van Aert a remport\u00e9 la derni\u00e8re \u00e9tape. Tadej Pogacar, lui, a remport\u00e9&hellip;\n","protected":false},"author":2,"featured_media":278465,"comment_status":"","ping_status":"","sticky":false,"template":"","format":"standard","meta":{"footnotes":""},"categories":[1888],"tags":[11,1777,674,1011,27,27884,12,626,25,1138,11698],"class_list":{"0":"post-278464","1":"post","2":"type-post","3":"status-publish","4":"format-standard","5":"has-post-thumbnail","7":"category-paris","8":"tag-actualites","9":"tag-eu","10":"tag-europe","11":"tag-fr","12":"tag-france","13":"tag-jonas-vingegaard","14":"tag-news","15":"tag-paris","16":"tag-republique-francaise","17":"tag-tadej-pogacar","18":"tag-wout-van-aert"},"share_on_mastodon":{"url":"https:\/\/pubeurope.com\/@fr\/114928000959329770","error":""},"_links":{"self":[{"href":"https:\/\/www.europesays.com\/fr\/wp-json\/wp\/v2\/posts\/278464","targetHints":{"allow":["GET"]}}],"collection":[{"href":"https:\/\/www.europesays.com\/fr\/wp-json\/wp\/v2\/posts"}],"about":[{"href":"https:\/\/www.europesays.com\/fr\/wp-json\/wp\/v2\/types\/post"}],"author":[{"embeddable":true,"href":"https:\/\/www.europesays.com\/fr\/wp-json\/wp\/v2\/users\/2"}],"replies":[{"embeddable":true,"href":"https:\/\/www.europesays.com\/fr\/wp-json\/wp\/v2\/comments?post=278464"}],"version-history":[{"count":0,"href":"https:\/\/www.europesays.com\/fr\/wp-json\/wp\/v2\/posts\/278464\/revisions"}],"wp:featuredmedia":[{"embeddable":true,"href":"https:\/\/www.europesays.com\/fr\/wp-json\/wp\/v2\/media\/278465"}],"wp:attachment":[{"href":"https:\/\/www.europesays.com\/fr\/wp-json\/wp\/v2\/media?parent=278464"}],"wp:term":[{"taxonomy":"category","embeddable":true,"href":"https:\/\/www.europesays.com\/fr\/wp-json\/wp\/v2\/categories?post=278464"},{"taxonomy":"post_tag","embeddable":true,"href":"https:\/\/www.europesays.com\/fr\/wp-json\/wp\/v2\/tags?post=278464"}],"curies":[{"name":"wp","href":"https:\/\/api.w.org\/{rel}","templated":true}]}}