{"id":278470,"date":"2025-07-28T00:23:10","date_gmt":"2025-07-28T00:23:10","guid":{"rendered":"https:\/\/www.europesays.com\/fr\/278470\/"},"modified":"2025-07-28T00:23:10","modified_gmt":"2025-07-28T00:23:10","slug":"une-collegienne-dalencon-part-vivre-seule-aux-etats-unis","status":"publish","type":"post","link":"https:\/\/www.europesays.com\/fr\/278470\/","title":{"rendered":"une coll\u00e9gienne d\u2019Alen\u00e7on part vivre seule aux \u00c9tats-Unis"},"content":{"rendered":"<p>            Par<br \/>\n        <strong><br \/>\n            <a href=\"https:\/\/actu.fr\/auteur\/jean-christophe-buchot\" title=\"Consulter tous les articles de Jean-Christophe Buchot\" target=\"_blank\" rel=\"noopener\">Jean-Christophe Buchot<\/a><br \/>\n        <\/strong><\/p>\n<p>        Publi\u00e9 le<\/p>\n<p>            27 juil. 2025 \u00e0 18h04        <\/p>\n<p>Claire, 15 ans, a d\u00e9j\u00e0 des id\u00e9es bien arr\u00eat\u00e9es. Cette jeune fille originaire d\u2019un <b>village du pays d\u2019Alen\u00e7on<\/b> (<a href=\"https:\/\/actu.fr\/61actu\/\" target=\"_blank\" rel=\"noopener\">Orne<\/a>) voulait\u2009: \u00ab\u2009vivre une ann\u00e9e de lyc\u00e9e aux \u00c9tats-Unis, en immersion compl\u00e8te\u2009\u00bb. <br \/>Ce qu\u2019elle va faire\u2009? \u00ab\u2009Je pars le 8\u00a0ao\u00fbt pour rejoindre un petit lyc\u00e9e du centre des <b>\u00c9tats-Unis<\/b>, dans l\u2019Illinois.\u2009\u00bb<\/p>\n<p>Un d\u00e9clic californien<\/p>\n<p class=\" wall-content\">Ce projet, la <b>coll\u00e9gienne de Saint-Exup\u00e9ry<\/b>, le porte depuis 2023. \u00ab\u2009Lors d\u2019un voyage avec ma famille, en Californie, il y a trois ans, on a visit\u00e9 un \u00e9tablissement de la Silicon Valley. J\u2019ai ador\u00e9\u2009! Je croyais que les campus \u00e9taient r\u00e9serv\u00e9s aux \u00e9tudiants.\u2009\u00bb<\/p>\n<p class=\" wall-content\">Puis elle est tomb\u00e9e sur une vid\u00e9o TikTok d\u2019une lyc\u00e9enne fran\u00e7aise partie d\u00e8s l\u2019\u00e2ge de 15\u00a0ans\u2009: \u00ab\u2009J\u2019ai compris alors que <b>c\u2019\u00e9tait possible <\/b>pour moi aussi.\u2009\u00bb<\/p>\n<p class=\" wall-content\">\u00c0 son retour, Claire explore les programmes d\u2019\u00e9change. Elle contacte elle-m\u00eame plusieurs organismes, compare, et<b> choisit finalement World Education Program<\/b> (WEP), une structure belge sp\u00e9cialis\u00e9e dans les immersions scolaires. \u00ab\u2009Ils \u00e9taient beaucoup plus accessibles que les autres. Plus \u00e0 l\u2019\u00e9coute.\u2009\u00bb<\/p>\n<p>Un parcours du combattant<\/p>\n<p class=\" wall-content\">Pour \u00eatre s\u00e9lectionn\u00e9e, Claire a d\u00fb passer plusieurs \u00e9tapes au printemps 2024\u2009: un <b>long questionnaire \u00e9crit <\/b>sur ses habitudes, ses go\u00fbts, ses points forts et faibles, des tests d\u2019anglais (compr\u00e9hension orale, \u00e9crite, grammaire), un test de maths en anglais, une vid\u00e9o de pr\u00e9sentation, et un entretien de 30\u00a0minutes (25\u00a0minutes en fran\u00e7ais et 5 en anglais) avec une responsable WEP. Puis encore un autre avec un <b>psychologue<\/b>. \u00ab\u2009Elle m\u2019a pos\u00e9 des questions vraiment bizarres, tr\u00e8s personnelles.\u2009\u00bb Forc\u00e9ment un peu d\u00e9stabilisant \u00e0 son \u00e2ge.<\/p>\n<p>Parmi les poules et les cochons<\/p>\n<p class=\" wall-content\">Enfin, elle a \u00e9chang\u00e9 par visio avec la famille d\u2019accueil, qui a l\u2019habitude de recevoir des \u00e9tudiants \u00e9trangers. \u00ab\u2009La m\u00e8re m\u2019a dit que mon sourire leur rappelait celui de l\u2019Espagnole qu\u2019ils ont accueillie l\u2019an dernier. Ils ont plein d\u2019animaux chez eux, des chats, des chiens, mais aussi des poules, des cochons domestiques, et j\u2019aime les animaux. C\u2019est ce qui a fait pencher la balance pour me choisir.\u2009\u00bb Car c\u2019est la <b>famille d\u2019accueil <\/b>qui s\u00e9lectionne et non l\u2019inverse.<\/p>\n<p class=\" wall-content\">Les parents de Claire ont d\u00fb aussi remplir un dossier tr\u00e8s complet. \u00ab\u2009C\u2019est un projet qu\u2019on soutient \u00e0 100\u2009%, mais il faut que ce soit un vrai d\u00e9sir. L\u2019enfant <b>ne doit pas vouloir partir pour de mauvaises raisons<\/b>, pour fuir une r\u00e9alit\u00e9 qui le poursuivrait assur\u00e9ment l\u00e0-bas\u2009\u00bb, estime sa m\u00e8re.<\/p>\n<p>Dix mois en immersion<\/p>\n<p class=\" wall-content\">La famille a d\u00fb \u00e9galement mettre la main \u00e0 la poche.<b> Le co\u00fbt du programme est d\u2019environ 12\u2009000\u00a0\u20ac<\/b>, vols, scolarit\u00e9, h\u00e9bergement, nourriture et assurances compris. Les parents de Claire ont d\u00e9cid\u00e9 d\u2019ajouter une assurance annulation de 700\u00a0\u20ac, pour laisser \u00e0 Claire la possibilit\u00e9 de changer d\u2019id\u00e9e. Ce qui, \u00e0 un moins d\u2019un mois de son d\u00e9part, est loin d\u2019\u00eatre le cas.<\/p>\n<p class=\" wall-content\">En retour, la famille ornaise a accueilli, pendant six mois, une <b>lyc\u00e9enne australienne<\/b>, Mathilda. \u00ab\u2009C\u2019est un syst\u00e8me tr\u00e8s cadr\u00e9 (pas de cigarette, pas d\u2019alcool, pas de petit copain, etc.). Et il n\u2019y a pas de retour possible pendant l\u2019ann\u00e9e, pas de possibilit\u00e9 de visite des parents, sauf en cas d\u2019urgence.\u2009\u00bb<\/p>\n<p>Pas de visite<\/p>\n<p class=\" wall-content\">Claire et ses parents pourront bien s\u00fbr \u00e9changer par visio, mais <b>pas questions de se rendre visite<\/b> pendant les dix mois de la scolarit\u00e9. C\u2019est la meilleure fa\u00e7on que l\u2019exp\u00e9rience se passe au mieux, selon l\u2019organisme de placement.<\/p>\n<p class=\" wall-content\">WEP travaille avec un partenaire am\u00e9ricain, qui attribue les familles d\u2019accueil en fonction du profil de l\u2019\u00e9l\u00e8ve. Claire n\u2019a donc choisi ni l\u2019\u00c9tat ni le lyc\u00e9e ni sa famille. Mais elle est ravie de tout\u2009!<\/p>\n<p>Une vie de famille<\/p>\n<p class=\" wall-content\">Elle va vivre dans une famille recompos\u00e9e de l\u2019Illinois, avec une adolescente de 12\u00a0ans, Kaley, et une autre lyc\u00e9enne, Sophie, 15\u00a0ans \u00e9galement, venue, elle, d\u2019Allemagne et avec qui le contact passe d\u00e9j\u00e0. \u00ab\u2009On parle tous les jours ensemble sur Snapchat depuis f\u00e9vrier.\u2009\u00bb<\/p>\n<p class=\" wall-content\">Le lyc\u00e9e, construit en 2019, est \u00e0 proximit\u00e9. Claire et Sophie iront en bus.<\/p>\n<p class=\" wall-content\">Mais le jour de la rentr\u00e9e, d\u00e8s le 11\u00a0ao\u00fbt 2025, la m\u00e8re d\u2019accueil a promis d\u2019accompagner les jeunes europ\u00e9ennes dans leur nouvel \u00e9tablissement.<\/p>\n<p>Entre Saint-Louis et Louisville<\/p>\n<p class=\" wall-content\">\u00c0 quelque 300 kilom\u00e8tres au sud de Chicago, 150 kilom\u00e8tres de Saint-Louis et Louisville, elle va vivre, en pleine campagne, au c\u0153ur des \u00c9tats-Unis, dans un petit village,<b> seulement 600\u00a0habitants<\/b>. Le lyc\u00e9e ne compte que 130\u00a0\u00e9l\u00e8ves, \u00ab\u2009avec des classes de 14\u2009\u00bb, se r\u00e9jouit la maman de Claire, enseignante\u2009! La ville d\u2019Alen\u00e7on lui para\u00eetra peut-\u00eatre grande \u00e0 son retour\u2026<\/p>\n<p>Groupe WhatsApp<\/p>\n<p class=\" wall-content\">Depuis des mois, Claire, Sophie et leur future famille \u00e9changent r\u00e9guli\u00e8rement par messages et appels vid\u00e9o.<\/p>\n<p class=\" wall-content\">Un groupe WhatsApp a m\u00eame \u00e9t\u00e9 cr\u00e9\u00e9<b> avec les parents\u2009<\/b>: \u00ab\u2009Quand j\u2019ai eu mon brevet, ils m\u2019ont tout de suite envoy\u00e9 un message pour me f\u00e9liciter\u2009!\u2009\u00bb<\/p>\n<p class=\" wall-content\">Il faut dire que Claire l\u2019a obtenu avec mention Tr\u00e8s Bien.<\/p>\n<p>De grands r\u00eaves et de petites craintes<\/p>\n<p class=\" wall-content\">Claire se dit pr\u00eate. Mais elle ne cache pas deux sources d\u2019inqui\u00e9tude tr\u00e8s pr\u00e9cises\u2009: \u00ab\u2009Les piq\u00fbres pour les vaccins, c\u2019\u00e9tait vraiment dur. Et ce qui me stresse le plus, c\u2019est le moment de l\u2019embarquement \u00e0 l\u2019a\u00e9roport. Pas l\u2019avion lui-m\u00eame, juste le check-in.\u2009\u00bb<\/p>\n<p class=\" wall-content\">La jeune fille \u00e9voque surtout ses attentes li\u00e9es \u00e0 cette ann\u00e9e\u2009: les rencontres, la langue, la culture\u2009: \u00ab<b>\u2009Parler anglais<\/b>, vivre Thanksgiving, les bals de promo, les matchs, se faire de nouveaux amis pour la vie\u2026 j\u2019ai envie de vivre tout \u00e7a de l\u2019int\u00e9rieur.\u2009\u00bb Quoi qu\u2019il en soit\u2009: d\u00e9collage le 8\u00a0ao\u00fbt.<\/p>\n<p>Les retrouvailles\u2026 de Friends<\/p>\n<p class=\" wall-content\">Fan de s\u00e9ries am\u00e9ricaines, Claire a d\u00e9couvert, en version originale, Friends, feuilletons \u00e0 succ\u00e8s diffus\u00e9s entre\u00a01994 et\u00a02004, apr\u00e8s avoir vu les retrouvailles des acteurs en 2021.<\/p>\n<p class=\" wall-content\">Elle a regard\u00e9 les dix saisons, d\u2019abord avec sous-titres, puis sans aide.<\/p>\n<p class=\" wall-content\">Elle pratique aussi le<b> th\u00e9\u00e2tre depuis l\u2019\u00e2ge de 8\u00a0ans <\/b>au sein de la compagnie Bleu 202 \u00e0 Alen\u00e7on et le twirling b\u00e2ton. Plus tard, elle r\u00eave d\u2019une carri\u00e8re d\u2019actrice. Avec, cette fois, la Californie en ligne de mire\u2009?<\/p>\n<p>\u00ab\u2009On verra plus tard\u2009\u00bb<\/p>\n<p class=\" wall-content\">En septembre\u00a02026, apr\u00e8s cette parenth\u00e8se am\u00e9ricaine, elle doit <b>poursuivre sa scolarit\u00e9 \u00e0 Alen\u00e7on.<\/b> Avant de repenser \u00e0 l\u2019Universit\u00e9. \u00ab\u2009Mais les \u00e9tudes sup\u00e9rieures aux \u00c9tats-Unis, c\u2019est tr\u00e8s cher. On verra plus tard.\u2009\u00bb<\/p>\n<p class=\" wall-content\">Benjamine d\u2019une fratrie de quatre, bien dans ses baskets, Claire sait ce qu\u2019elle laisse ici et ce qu\u2019elle va chercher l\u00e0-bas\u2009: \u00ab\u2009<b>Si on a un r\u00eave, il ne faut pas h\u00e9siter<\/b>, il faut se donner les moyens de le r\u00e9aliser.\u2009\u00bb Le sien est clairement am\u00e9ricain.<\/p>\n<p class=\" wall-content\">Suivez toute l\u2019actualit\u00e9 de vos villes et m\u00e9dias favoris en vous inscrivant \u00e0 <a href=\"https:\/\/moncompte.actu.fr\" title=\"D\u00e9couvez Mon Actu\" rel=\"nofollow noopener\" data-trk=\"{&quot;cta&quot;:{&quot;action&quot;:&quot;https:\\\/\\\/moncompte.actu.fr&quot;,&quot;category&quot;:&quot;mon compte&quot;,&quot;from&quot;:&quot;article footer&quot;,&quot;name&quot;:&quot;Mon actu&quot;,&quot;type&quot;:&quot;cta&quot;}}\" target=\"_blank\">Mon Actu<\/a>.<\/p>\n","protected":false},"excerpt":{"rendered":"Par Jean-Christophe Buchot Publi\u00e9 le 27 juil. 2025 \u00e0 18h04 Claire, 15 ans, a d\u00e9j\u00e0 des id\u00e9es bien&hellip;\n","protected":false},"author":2,"featured_media":278471,"comment_status":"","ping_status":"","sticky":false,"template":"","format":"standard","meta":{"footnotes":""},"categories":[1589],"tags":[11,1057,73,1866,1119,12,104,1864,1865,1863,308,586],"class_list":{"0":"post-278470","1":"post","2":"type-post","3":"status-publish","4":"format-standard","5":"has-post-thumbnail","7":"category-etats-unis","8":"tag-actualites","9":"tag-education","10":"tag-etats-unis","11":"tag-etats-unis-damerique","12":"tag-formation","13":"tag-news","14":"tag-societe","15":"tag-united-states","16":"tag-united-states-of-america","17":"tag-us","18":"tag-usa","19":"tag-voyage"},"share_on_mastodon":{"url":"https:\/\/pubeurope.com\/@fr\/114928012724990732","error":""},"_links":{"self":[{"href":"https:\/\/www.europesays.com\/fr\/wp-json\/wp\/v2\/posts\/278470","targetHints":{"allow":["GET"]}}],"collection":[{"href":"https:\/\/www.europesays.com\/fr\/wp-json\/wp\/v2\/posts"}],"about":[{"href":"https:\/\/www.europesays.com\/fr\/wp-json\/wp\/v2\/types\/post"}],"author":[{"embeddable":true,"href":"https:\/\/www.europesays.com\/fr\/wp-json\/wp\/v2\/users\/2"}],"replies":[{"embeddable":true,"href":"https:\/\/www.europesays.com\/fr\/wp-json\/wp\/v2\/comments?post=278470"}],"version-history":[{"count":0,"href":"https:\/\/www.europesays.com\/fr\/wp-json\/wp\/v2\/posts\/278470\/revisions"}],"wp:featuredmedia":[{"embeddable":true,"href":"https:\/\/www.europesays.com\/fr\/wp-json\/wp\/v2\/media\/278471"}],"wp:attachment":[{"href":"https:\/\/www.europesays.com\/fr\/wp-json\/wp\/v2\/media?parent=278470"}],"wp:term":[{"taxonomy":"category","embeddable":true,"href":"https:\/\/www.europesays.com\/fr\/wp-json\/wp\/v2\/categories?post=278470"},{"taxonomy":"post_tag","embeddable":true,"href":"https:\/\/www.europesays.com\/fr\/wp-json\/wp\/v2\/tags?post=278470"}],"curies":[{"name":"wp","href":"https:\/\/api.w.org\/{rel}","templated":true}]}}