{"id":278472,"date":"2025-07-28T00:24:25","date_gmt":"2025-07-28T00:24:25","guid":{"rendered":"https:\/\/www.europesays.com\/fr\/278472\/"},"modified":"2025-07-28T00:24:25","modified_gmt":"2025-07-28T00:24:25","slug":"la-france-et-le-royaume-uni-a-la-manoeuvre-pour-envoyer-des-troupes","status":"publish","type":"post","link":"https:\/\/www.europesays.com\/fr\/278472\/","title":{"rendered":"la France et le Royaume-Uni \u00e0 la man\u0153uvre pour envoyer des troupes"},"content":{"rendered":"<p>\u00c0 Kiev, on parle de \u00ab\u00a0l\u2019alliance des audacieux\u00a0\u00bb, un regroupement de cinq \u00e0 sept pays europ\u00e9ens en faveur d\u2019un d\u00e9ploiement de troupes sur le sol ukrainien. Port\u00e9 publiquement par la France depuis le mois de f\u00e9vrier et \u00e0 nouveau \u00e9voqu\u00e9 par Emmanuel Macron en juin, en marge de la c\u00e9l\u00e9bration du 80\u1d49 anniversaire du D\u00e9barquement, ce projet semble en passe de se concr\u00e9tiser.<\/p>\n<p>Cet article est r\u00e9serv\u00e9 aux abonn\u00e9s<\/p>\n<p>\n                    Vous souhaitez lire la suite\u00a0? Abonnez-vous sans engagement \u00e0 notre offre num\u00e9rique\n                <\/p>\n<p>                <a href=\"https:\/\/www.la-croix.com\/abonnement\" class=\"default-paywall__subscribe-button\" data-tracking=\"cta_click\" data-tracking-action=\"voir la page abonnement\" data-tracking-category=\"abonnement\" rel=\"nofollow noopener\" target=\"_blank\">Je m&rsquo;abonne<\/a><\/p>\n","protected":false},"excerpt":{"rendered":"\u00c0 Kiev, on parle de \u00ab\u00a0l\u2019alliance des audacieux\u00a0\u00bb, un regroupement de cinq \u00e0 sept pays europ\u00e9ens en faveur&hellip;\n","protected":false},"author":2,"featured_media":278473,"comment_status":"","ping_status":"","sticky":false,"template":"","format":"standard","meta":{"footnotes":""},"categories":[1588],"tags":[11,1777,674,12,473,1853,1851,1850,1852],"class_list":{"0":"post-278472","1":"post","2":"type-post","3":"status-publish","4":"format-standard","5":"has-post-thumbnail","7":"category-royaume-uni","8":"tag-actualites","9":"tag-eu","10":"tag-europe","11":"tag-news","12":"tag-royaume-uni","13":"tag-royaume-uni-de-grande-bretagne-et-dirlande-du-nord","14":"tag-uk","15":"tag-united-kingdom","16":"tag-united-kingdom-of-great-britain-and-northern-ireland"},"share_on_mastodon":{"url":"https:\/\/pubeurope.com\/@fr\/114928016659857533","error":""},"_links":{"self":[{"href":"https:\/\/www.europesays.com\/fr\/wp-json\/wp\/v2\/posts\/278472","targetHints":{"allow":["GET"]}}],"collection":[{"href":"https:\/\/www.europesays.com\/fr\/wp-json\/wp\/v2\/posts"}],"about":[{"href":"https:\/\/www.europesays.com\/fr\/wp-json\/wp\/v2\/types\/post"}],"author":[{"embeddable":true,"href":"https:\/\/www.europesays.com\/fr\/wp-json\/wp\/v2\/users\/2"}],"replies":[{"embeddable":true,"href":"https:\/\/www.europesays.com\/fr\/wp-json\/wp\/v2\/comments?post=278472"}],"version-history":[{"count":0,"href":"https:\/\/www.europesays.com\/fr\/wp-json\/wp\/v2\/posts\/278472\/revisions"}],"wp:featuredmedia":[{"embeddable":true,"href":"https:\/\/www.europesays.com\/fr\/wp-json\/wp\/v2\/media\/278473"}],"wp:attachment":[{"href":"https:\/\/www.europesays.com\/fr\/wp-json\/wp\/v2\/media?parent=278472"}],"wp:term":[{"taxonomy":"category","embeddable":true,"href":"https:\/\/www.europesays.com\/fr\/wp-json\/wp\/v2\/categories?post=278472"},{"taxonomy":"post_tag","embeddable":true,"href":"https:\/\/www.europesays.com\/fr\/wp-json\/wp\/v2\/tags?post=278472"}],"curies":[{"name":"wp","href":"https:\/\/api.w.org\/{rel}","templated":true}]}}