{"id":278474,"date":"2025-07-28T00:25:12","date_gmt":"2025-07-28T00:25:12","guid":{"rendered":"https:\/\/www.europesays.com\/fr\/278474\/"},"modified":"2025-07-28T00:25:12","modified_gmt":"2025-07-28T00:25:12","slug":"manifestations-contre-touristes-allemands-a-majorque","status":"publish","type":"post","link":"https:\/\/www.europesays.com\/fr\/278474\/","title":{"rendered":"manifestations contre touristes allemands \u00e0 Majorque"},"content":{"rendered":"<p>Principaux renseignements<\/p>\n<ul class=\"wp-block-list\">\n<li><strong>\u00c0 Majorque, des manifestations contre les touristes allemands ont lieu.<\/strong><\/li>\n<li><strong>Les manifestations suscitent l\u2019inqui\u00e9tude en Allemagne et d\u00e9clenchent un d\u00e9bat politique.<\/strong><\/li>\n<li><strong>La soci\u00e9t\u00e9 de voyage TUI cherche des solutions et souhaite jouer un r\u00f4le de m\u00e9diateur avec les autorit\u00e9s locales.<\/strong><\/li>\n<\/ul>\n<p>Les tensions entre les touristes allemands et les Majorquins augmentent en raison de facteurs tels que la hausse des prix de l\u2019immobilier et l\u2019impact du tourisme de masse. Des protestations ont \u00e9clat\u00e9, avec des slogans tels que \u00ab\u00a0Germans out\u00a0\u00bb (les Allemands dehors). La situation a suscit\u00e9 des inqui\u00e9tudes en Allemagne, o\u00f9 les politiciens mettent en garde contre le sentiment anti-allemand.<\/p>\n<p>Le PDG de TUI critique l\u2019intervention politique<\/p>\n<p>Sebastian Ebel, PDG de <a href=\"https:\/\/fr.businessam.be\/tui-vise-une-marge-beneficiaire-superieure-a-3-pour-cent-dans-les-marches-et-la-division-aerienne\/\" rel=\"nofollow noopener\" target=\"_blank\">TUI<\/a>, a critiqu\u00e9 les hommes politiques allemands pour leurs conseils \u00e0 l\u2019Espagne, estimant qu\u2019ils devraient plut\u00f4t se concentrer sur les questions nationales. Cependant, Manfred Pentz (CDU), d\u00e9put\u00e9 europ\u00e9en de Hesse, a d\u00e9fendu la n\u00e9cessit\u00e9 d\u2019intervenir en affirmant que les voyagistes sont conscients du probl\u00e8me et devraient agir en cons\u00e9quence. Il a sugg\u00e9r\u00e9 des r\u00e9ductions de prix ou des destinations alternatives comme solutions possibles.<\/p>\n<p>Pentz a critiqu\u00e9 la publicit\u00e9 faite par TUI pour Majorque en d\u00e9pit des protestations, l\u2019accusant de dissimuler la situation r\u00e9elle. Il a appel\u00e9 les voyagistes \u00e0 la transparence et les a exhort\u00e9s \u00e0 refl\u00e9ter fid\u00e8lement le sentiment anti-allemand sur l\u2019\u00eele.<\/p>\n<p>TUI demande une m\u00e9diation<\/p>\n<p>Cependant, apr\u00e8s un article paru dans le journal allemand <a href=\"https:\/\/www.bild.de\/politik\/mallorca-hass-auf-deutsche-touristen-tui-zofft-sich-mit-der-politik-688099c4c1ef6365168b770b\" target=\"_blank\" rel=\"noreferrer noopener nofollow\">BILD<\/a>, qui mettait en lumi\u00e8re les tensions, TUI a demand\u00e9 l\u2019aide et la m\u00e9diation de Pentz. La compagnie craint des cons\u00e9quences financi\u00e8res si les touristes se plaignent en masse. Elle a propos\u00e9 un sommet de crise avec le gouvernement des \u00eeles Bal\u00e9ares, l\u2019archipel espagnol qui comprend Majorque. L\u2019objectif est de s\u2019attaquer aux causes profondes de l\u2019hostilit\u00e9 \u00e0 l\u2019\u00e9gard des Allemands.<\/p>\n<p>Le sommet a eu lieu le 16 juillet, avec la participation de repr\u00e9sentants de TUI, de Pentz et de la pr\u00e9sidente des Bal\u00e9ares, Marga Prohens. Les discussions ont port\u00e9 sur la compr\u00e9hension des raisons des manifestations, les solutions possibles et la responsabilit\u00e9 des fournisseurs de voyages. Bien que TUI ait exprim\u00e9 ses remerciements pour le dialogue constructif, le PDG Ebel a ensuite ouvertement critiqu\u00e9 les politiciens allemands. Il a r\u00e9it\u00e9r\u00e9 sa conviction que les questions nationales devaient \u00eatre prioritaires. (em)<\/p>\n","protected":false},"excerpt":{"rendered":"Principaux renseignements \u00c0 Majorque, des manifestations contre les touristes allemands ont lieu. Les manifestations suscitent l\u2019inqui\u00e9tude en Allemagne&hellip;\n","protected":false},"author":2,"featured_media":278475,"comment_status":"","ping_status":"","sticky":false,"template":"","format":"standard","meta":{"footnotes":""},"categories":[1587],"tags":[11,672,1804,1805,1803,123,1777,674,1801,41236,12,41787,1802,602,41788],"class_list":{"0":"post-278474","1":"post","2":"type-post","3":"status-publish","4":"format-standard","5":"has-post-thumbnail","7":"category-allemagne","8":"tag-actualites","9":"tag-allemagne","10":"tag-bundesrepublik-deutschland","11":"tag-de","12":"tag-deutschland","13":"tag-espagne","14":"tag-eu","15":"tag-europe","16":"tag-germany","17":"tag-majorque","18":"tag-news","19":"tag-protestes","20":"tag-republique-federale-dallemagne","21":"tag-tourisme","22":"tag-tui"},"share_on_mastodon":{"url":"https:\/\/pubeurope.com\/@fr\/114928020602936522","error":""},"_links":{"self":[{"href":"https:\/\/www.europesays.com\/fr\/wp-json\/wp\/v2\/posts\/278474","targetHints":{"allow":["GET"]}}],"collection":[{"href":"https:\/\/www.europesays.com\/fr\/wp-json\/wp\/v2\/posts"}],"about":[{"href":"https:\/\/www.europesays.com\/fr\/wp-json\/wp\/v2\/types\/post"}],"author":[{"embeddable":true,"href":"https:\/\/www.europesays.com\/fr\/wp-json\/wp\/v2\/users\/2"}],"replies":[{"embeddable":true,"href":"https:\/\/www.europesays.com\/fr\/wp-json\/wp\/v2\/comments?post=278474"}],"version-history":[{"count":0,"href":"https:\/\/www.europesays.com\/fr\/wp-json\/wp\/v2\/posts\/278474\/revisions"}],"wp:featuredmedia":[{"embeddable":true,"href":"https:\/\/www.europesays.com\/fr\/wp-json\/wp\/v2\/media\/278475"}],"wp:attachment":[{"href":"https:\/\/www.europesays.com\/fr\/wp-json\/wp\/v2\/media?parent=278474"}],"wp:term":[{"taxonomy":"category","embeddable":true,"href":"https:\/\/www.europesays.com\/fr\/wp-json\/wp\/v2\/categories?post=278474"},{"taxonomy":"post_tag","embeddable":true,"href":"https:\/\/www.europesays.com\/fr\/wp-json\/wp\/v2\/tags?post=278474"}],"curies":[{"name":"wp","href":"https:\/\/api.w.org\/{rel}","templated":true}]}}