{"id":278478,"date":"2025-07-28T00:27:09","date_gmt":"2025-07-28T00:27:09","guid":{"rendered":"https:\/\/www.europesays.com\/fr\/278478\/"},"modified":"2025-07-28T00:27:09","modified_gmt":"2025-07-28T00:27:09","slug":"le-president-xi-jinping-appelle-la-chine-et-lue-a-garantir-plus-de-stabilite-et-de-securite-dans-le-monde","status":"publish","type":"post","link":"https:\/\/www.europesays.com\/fr\/278478\/","title":{"rendered":"Le pr\u00e9sident Xi Jinping appelle la Chine et l\u2019UE \u00e0 garantir plus de stabilit\u00e9 et de s\u00e9curit\u00e9 dans le monde"},"content":{"rendered":"<p>Le 24 juillet, \u00e0 l\u2019occasion du 50e anniversaire de l\u2019\u00e9tablissement des relations diplomatiques entre la Chine et l\u2019Union europ\u00e9enne, le pr\u00e9sident chinois Xi Jinping a d\u00e9clar\u00e9 que les relations sino-europ\u00e9ennes se trouvaient \u00e0 un nouveau tournant de leur histoire.<\/p>\n<p>\u00ab\u00a0Il n\u2019existe aucun conflit d\u2019int\u00e9r\u00eats fondamental ni contradiction g\u00e9opolitique entre la Chine et l\u2019UE\u00a0\u00bb, a-t-il d\u00e9clar\u00e9 au pr\u00e9sident du Conseil europ\u00e9en, Antonio Costa, et \u00e0 la pr\u00e9sidente de la Commission europ\u00e9enne, Ursula von der Leyen, lors d\u2019une rencontre au Grand Palais du Peuple \u00e0 P\u00e9kin.<\/p>\n<p>\u00ab\u00a0Les d\u00e9fis actuels auxquels l\u2019UE est confront\u00e9e ne viennent pas de la Chine\u00a0\u00bb, a-t-il affirm\u00e9, ajoutant que les fondamentaux et la tendance dominante des relations sino-europ\u00e9ennes, privil\u00e9giant la coop\u00e9ration plut\u00f4t que la concurrence et le consensus plut\u00f4t que les divergences, \u00e9taient rest\u00e9s inchang\u00e9s.<\/p>\n<p>Il a avanc\u00e9 trois propositions pour l\u2019avenir des relations entre la Chine et l\u2019UE\u00a0: les deux parties doivent pr\u00e9server le respect mutuel et consolider leur partenariat, privil\u00e9gier l\u2019ouverture et la coop\u00e9ration tout en g\u00e9rant efficacement les divergences et les frictions, et pratiquer le multilat\u00e9ralisme en respectant les r\u00e8gles et l\u2019ordre internationaux.<\/p>\n<p><strong>Commerce et investissement<\/strong><\/p>\n<p>Le 24 juillet, lors de la r\u00e9union, le pr\u00e9sident chinois a d\u00e9clar\u00e9 que les relations \u00e9conomiques et commerciales entre la Chine et l\u2019UE sont par nature compl\u00e9mentaires et mutuellement b\u00e9n\u00e9fiques, et peuvent effectivement atteindre un \u00e9quilibre dynamique gr\u00e2ce au d\u00e9veloppement.<\/p>\n<p>Il a soulign\u00e9 que le d\u00e9veloppement et l\u2019ouverture de qualit\u00e9 de la Chine offriraient de nouvelles opportunit\u00e9s et un potentiel accru \u00e0 la coop\u00e9ration entre les deux parties, et a appel\u00e9 les deux parties \u00e0 renforcer leur partenariat \u00e9cologique et num\u00e9rique, ainsi qu\u2019\u00e0 stimuler les investissements et la coop\u00e9ration mutuels.<\/p>\n<p>Selon les autorit\u00e9s douani\u00e8res chinoises, les \u00e9changes commerciaux entre la Chine et l\u2019UE ont atteint 785,8 milliards de dollars en 2024, soit une multiplication par plus de 300 par rapport \u00e0 1975, date de l\u2019\u00e9tablissement des relations diplomatiques.<\/p>\n<p>Les flux d\u2019investissement bilat\u00e9raux ont \u00e9galement enregistr\u00e9 une croissance soutenue ces derni\u00e8res ann\u00e9es, indiquant une tendance positive. Le fabricant chinois de batteries CALB construit ainsi une usine de 2,2 milliards de dollars \u00e0 Sines, au Portugal, qui devrait cr\u00e9er 1 800 emplois.<\/p>\n<p>Xi Jinping a exprim\u00e9 l\u2019espoir que l\u2019UE reste ouverte au commerce et \u00e0 l\u2019investissement, qu\u2019elle s\u2019abstienne d\u2019utiliser des instruments \u00e9conomiques et commerciaux restrictifs et favorise un environnement commercial sain pour les entreprises chinoises qui investissent et op\u00e8rent dans l\u2019UE.<\/p>\n<p>Le 24 juillet, lors du 25e sommet Chine-UE, les deux parties ont convenu de mettre en place une \u00ab\u00a0version am\u00e9lior\u00e9e\u00a0\u00bb du m\u00e9canisme de dialogue Chine-UE sur le contr\u00f4le des exportations, de communiquer rapidement sur leurs pr\u00e9occupations respectives et de maintenir ensemble la stabilit\u00e9 et la fluidit\u00e9 des cha\u00eenes industrielles et d\u2019approvisionnement entre la Chine et l\u2019Europe.<\/p>\n<p><strong>Multilat\u00e9ralisme<\/strong><\/p>\n<p>Le pr\u00e9sident chinois a d\u00e9clar\u00e9 que la Chine consid\u00e9rait et d\u00e9veloppait les relations Chine-UE dans une perspective strat\u00e9gique et \u00e0 long terme, consid\u00e9rant l\u2019UE comme un p\u00f4le important dans un monde multipolaire, et soutenant syst\u00e9matiquement l\u2019int\u00e9gration europ\u00e9enne et l\u2019autonomie strat\u00e9gique de l\u2019UE.<\/p>\n<p>Selon lui, les relations entre la Chine et l\u2019UE ne sont ni cibl\u00e9es, ni soumises, ni contr\u00f4l\u00e9es par une tierce partie. Il a appel\u00e9 les deux parties \u00e0 approfondir la communication strat\u00e9gique, \u00e0 renforcer la compr\u00e9hension et la confiance mutuelles, et \u00e0 favoriser une perception juste de l\u2019autre.<\/p>\n<p>Pascal Lamy, ancien commissaire europ\u00e9en au commerce, a d\u00e9clar\u00e9 \u00e0 CGTN que, malgr\u00e9 leurs divergences, la Chine et l\u2019UE partageaient un terrain d\u2019entente crucial pour d\u00e9fendre le multilat\u00e9ralisme et coop\u00e9rer face aux d\u00e9fis mondiaux, tels que le changement climatique, la perte de biodiversit\u00e9 et la protection des oc\u00e9ans.<\/p>\n<p>Parmi les r\u00e9sultats du sommet de jeudi, les dirigeants chinois et europ\u00e9ens ont publi\u00e9 une d\u00e9claration commune sur le changement climatique, dans laquelle ils r\u00e9affirment leur engagement commun \u00e0 lutter contre ce ph\u00e9nom\u00e8ne et \u00e0 poursuivre un d\u00e9veloppement durable.<\/p>\n<p>Xi Jinping a soulign\u00e9 l\u2019importance de la Chine et de l\u2019UE en tant que forces constructives pour le multilat\u00e9ralisme, l\u2019ouverture et la coop\u00e9ration, et a appel\u00e9 les deux parties \u00e0 apporter davantage de stabilit\u00e9 et de certitude au monde.<\/p>\n<p>Image de Une\u00a0: Le pr\u00e9sident chinois Xi Jinping (au centre) rencontre le pr\u00e9sident du Conseil europ\u00e9en Antonio Costa (\u00e0 gauche) et la pr\u00e9sidente de la Commission europ\u00e9enne Ursula von der Leyen, qui sont en Chine pour le 25e sommet Chine-UE, au Grand Palais du Peuple \u00e0 P\u00e9kin, en Chine, le 24 juillet 2025. \/Xinhua<\/p>\n","protected":false},"excerpt":{"rendered":"Le 24 juillet, \u00e0 l\u2019occasion du 50e anniversaire de l\u2019\u00e9tablissement des relations diplomatiques entre la Chine et l\u2019Union&hellip;\n","protected":false},"author":2,"featured_media":278479,"comment_status":"","ping_status":"","sticky":false,"template":"","format":"standard","meta":{"footnotes":""},"categories":[1586],"tags":[11,1777,674,1779,1011,27,12,25,1778,364],"class_list":{"0":"post-278478","1":"post","2":"type-post","3":"status-publish","4":"format-standard","5":"has-post-thumbnail","7":"category-europe","8":"tag-actualites","9":"tag-eu","10":"tag-europe","11":"tag-european-union","12":"tag-fr","13":"tag-france","14":"tag-news","15":"tag-republique-francaise","16":"tag-ue","17":"tag-union-europeenne"},"share_on_mastodon":{"url":"https:\/\/pubeurope.com\/@fr\/114928028487437435","error":""},"_links":{"self":[{"href":"https:\/\/www.europesays.com\/fr\/wp-json\/wp\/v2\/posts\/278478","targetHints":{"allow":["GET"]}}],"collection":[{"href":"https:\/\/www.europesays.com\/fr\/wp-json\/wp\/v2\/posts"}],"about":[{"href":"https:\/\/www.europesays.com\/fr\/wp-json\/wp\/v2\/types\/post"}],"author":[{"embeddable":true,"href":"https:\/\/www.europesays.com\/fr\/wp-json\/wp\/v2\/users\/2"}],"replies":[{"embeddable":true,"href":"https:\/\/www.europesays.com\/fr\/wp-json\/wp\/v2\/comments?post=278478"}],"version-history":[{"count":0,"href":"https:\/\/www.europesays.com\/fr\/wp-json\/wp\/v2\/posts\/278478\/revisions"}],"wp:featuredmedia":[{"embeddable":true,"href":"https:\/\/www.europesays.com\/fr\/wp-json\/wp\/v2\/media\/278479"}],"wp:attachment":[{"href":"https:\/\/www.europesays.com\/fr\/wp-json\/wp\/v2\/media?parent=278478"}],"wp:term":[{"taxonomy":"category","embeddable":true,"href":"https:\/\/www.europesays.com\/fr\/wp-json\/wp\/v2\/categories?post=278478"},{"taxonomy":"post_tag","embeddable":true,"href":"https:\/\/www.europesays.com\/fr\/wp-json\/wp\/v2\/tags?post=278478"}],"curies":[{"name":"wp","href":"https:\/\/api.w.org\/{rel}","templated":true}]}}