{"id":278480,"date":"2025-07-28T00:28:22","date_gmt":"2025-07-28T00:28:22","guid":{"rendered":"https:\/\/www.europesays.com\/fr\/278480\/"},"modified":"2025-07-28T00:28:22","modified_gmt":"2025-07-28T00:28:22","slug":"si-vous-ny-voyez-rien-vous-pouvez-toujours-lever-le-pied","status":"publish","type":"post","link":"https:\/\/www.europesays.com\/fr\/278480\/","title":{"rendered":"Si vous n&rsquo;y voyez rien, vous pouvez toujours lever le pied"},"content":{"rendered":"<p>Quatri\u00e8me du Grand Prix de Belgique 2025 de F1, <a href=\"https:\/\/fr.motorsport.com\/driver\/max-verstappen\/93029\/\" target=\"_blank\" rel=\"noopener\">Max Verstappen<\/a> a selon lui pay\u00e9 le fait que la course n&rsquo;a pas \u00e9t\u00e9 lanc\u00e9e \u00e0 l&rsquo;heure pr\u00e9vue alors qu&rsquo;il avait fait le choix de r\u00e9glages orient\u00e9s pluie.<\/p>\n<p>Pour le N\u00e9erlandais, l&rsquo;\u00e9preuve de ce dimanche s&rsquo;est r\u00e9sum\u00e9e \u00e0 voir l&rsquo;aileron arri\u00e8re de la <a href=\"https:\/\/fr.motorsport.com\/team\/ferrari\/615\/\" target=\"_blank\" rel=\"noopener\">Ferrari<\/a> de <a href=\"https:\/\/fr.motorsport.com\/driver\/charles-leclerc\/109632\/\" target=\"_blank\" rel=\"noopener\">Charles Leclerc<\/a>, de plus ou moins pr\u00e8s, sans v\u00e9ritablement avoir l&rsquo;opportunit\u00e9 de d\u00e9passer le Mon\u00e9gasque &#8211; plus rapide en ligne droite -, que ce soit sur une piste humide ou s\u00e8che. Le quadruple champion du monde, \u00e0 l&rsquo;arriv\u00e9e, regrettait que son choix de r\u00e9glages, plus conservateur apr\u00e8s l&rsquo;\u00e9chec de ce pari \u00e0 Silverstone, ait \u00e9t\u00e9 quelque peu entrav\u00e9 par le choix de la direction de course de repousser le d\u00e9part.<\/p>\n<blockquote>\n<p>Apr\u00e8s Silverstone, on a discut\u00e9 du fait d&rsquo;\u00eatre un peu plus prudents dans les d\u00e9cisions [de la direction de course], mais l\u00e0, c&rsquo;\u00e9tait l&rsquo;extr\u00eame inverse pour moi.<\/p>\n<\/blockquote>\n<p>\u00ab\u00a0Nous avons fait un choix concernant les r\u00e9glages et ils ne nous ont autoris\u00e9s \u00e0 rouler que dans des conditions presque slick, donc oui, c&rsquo;\u00e9tait un peu d\u00e9cevant\u00a0\u00bb, a lanc\u00e9 Verstappen, qui voit encore les pilotes <a href=\"https:\/\/fr.motorsport.com\/team\/mclaren\/609\/\" target=\"_blank\" rel=\"noopener\">McLaren<\/a> s&rsquo;\u00e9loigner au classement. \u00ab\u00a0Bien s\u00fbr, apr\u00e8s Silverstone, on a discut\u00e9 du fait d&rsquo;\u00eatre un peu plus prudents dans les d\u00e9cisions [de la direction de course], mais l\u00e0, c&rsquo;\u00e9tait l&rsquo;extr\u00eame inverse pour moi.\u00a0\u00bb<\/p>\n<p>\u00ab\u00a0C&rsquo;\u00e9tait un choix que nous avions fait concernant les r\u00e9glages de la voiture. Bien s\u00fbr, ce n&rsquo;\u00e9tait pas le bon choix, car ils ne nous ont pas autoris\u00e9s \u00e0 courir sur piste mouill\u00e9e. Une fois que nous avons chauss\u00e9 les pneus secs, nous \u00e9tions tout simplement trop lents dans les lignes droites. Et puis, avec les probl\u00e8mes d&rsquo;\u00e9quilibre g\u00e9n\u00e9raux que j&rsquo;ai d\u00e9j\u00e0 avec cette voiture, cela n&rsquo;a fait qu&#8217;empirer les choses.\u00a0\u00bb<\/p>\n<p>Verstappen voulait un d\u00e9part d\u00e8s 15h<\/p>\n<p>\u00c0 quelle heure aurait-il fallu donner le d\u00e9part selon lui ? \u00ab\u00a015h pile [l&rsquo;horaire normal du d\u00e9part]. Il ne pleuvait m\u00eame pas. Et bien s\u00fbr, entre les virages 1 et 5, il y avait pas mal d&rsquo;eau, mais avec deux tours derri\u00e8re la voiture de s\u00e9curit\u00e9, cela aurait \u00e9t\u00e9 beaucoup plus d\u00e9gag\u00e9. Et le reste de la piste \u00e9tait de toute fa\u00e7on praticable. C&rsquo;est un peu dommage.\u00a0\u00bb <\/p>\n<p>\u00ab\u00a0Bien s\u00fbr, je savais qu&rsquo;il y aurait un peu plus de prudence qu&rsquo;\u00e0 Silverstone, mais \u00e7a n&rsquo;avait pas de sens. Dans ce cas, il vaut mieux dire : &lsquo;\u00c9coutez, attendons que la piste soit compl\u00e8tement s\u00e8che et on partira en slicks&rsquo;, parce que pour moi, ce ne sont pas vraiment des conditions de course sur piste humide.\u00a0\u00bb<\/p>\n<p>   <img decoding=\"async\" draggable=\"false\" src=\"https:\/\/www.europesays.com\/fr\/wp-content\/uploads\/2025\/07\/1753662502_220_max-verstappen-red-bull-racing.jpg\" alt=\"Max Verstappen (Red Bull)\" width=\"1200\" height=\"800\" loading=\"lazy\"\/> <\/p>\n<p class=\"title\">Max Verstappen (Red Bull)<\/p>\n<p class=\"photographer\">Photo de: Rudy Carezzevoli \/ Getty Images<\/p>\n<p>Quand il lui est demand\u00e9 s&rsquo;il y a une prudence particuli\u00e8re \u00e0 Spa en raison des drames survenus ces six derni\u00e8res ann\u00e9es dans le Raidillon et dans Kemmel, il a r\u00e9pondu : \u00ab\u00a0Oui, potentiellement. Bien s\u00fbr, au final, ils font ce qu&rsquo;ils veulent, n&rsquo;est-ce pas ? Ce sont eux qui d\u00e9cident. Mais je trouve juste que c&rsquo;est un peu dommage pour tout le monde. On ne verra plus jamais de courses classiques sous la pluie. [&#8230;] Et je pense aussi que la pluie qui est tomb\u00e9e apr\u00e8s [15h] \u00e9tait encore g\u00e9rable si nous avions continu\u00e9 \u00e0 rouler.\u00a0\u00bb<\/p>\n<p>\u00ab\u00a0Vous savez, vous prenez toutes vos d\u00e9cisions en fonction de conditions de course sur piste mouill\u00e9e, donc cela g\u00e2che un peu toute la course\u00a0\u00bb, a-t-il ajout\u00e9, en revenant sur son choix de r\u00e9glages. \u00ab\u00a0Je veux dire, de mani\u00e8re r\u00e9aliste, la troisi\u00e8me place aurait \u00e9t\u00e9 le meilleur r\u00e9sultat possible. Nous en \u00e9tions tr\u00e8s proches. En m\u00eame temps, cela a \u00e9galement mis en \u00e9vidence les faiblesses de notre voiture. Et oui, c&rsquo;est quelque chose qui n&rsquo;est pas si facile \u00e0 corriger.\u00a0\u00bb<\/p>\n<p>Quand il lui a \u00e9t\u00e9 indiqu\u00e9 qu&rsquo;un certain nombre de pilotes se plaignaient surtout de la visibilit\u00e9, Verstappen a r\u00e9torqu\u00e9 : \u00ab\u00a0Entre [les virages] 1 et 5, mais seulement pendant quelques tours. Plus vous roulez, mieux c&rsquo;est. Et si vous ne voyez rien, vous pouvez toujours lever le pied car \u00e0 un moment donn\u00e9, vous y verrez plus clair.\u00a0\u00bb<\/p>\n<p style=\"text-align: right;\">Propos recueillis par Benjamin Vinel<\/p>\n<p>Lire aussi :<\/p>\n<p>Dans cet article<\/p>\n<p>Soyez le premier inform\u00e9 et souscrivez aux alertes mails pour recevoir les infos en temps r\u00e9el<\/p>\n<p>    S&rsquo;abonner aux alertes de news<\/p>\n","protected":false},"excerpt":{"rendered":"Quatri\u00e8me du Grand Prix de Belgique 2025 de F1, Max Verstappen a selon lui pay\u00e9 le fait que&hellip;\n","protected":false},"author":2,"featured_media":278481,"comment_status":"","ping_status":"","sticky":false,"template":"","format":"standard","meta":{"footnotes":""},"categories":[2],"tags":[11,1454,1011,27,38196,2236,12,2255,25,19528],"class_list":{"0":"post-278480","1":"post","2":"type-post","3":"status-publish","4":"format-standard","5":"has-post-thumbnail","7":"category-actualites","8":"tag-actualites","9":"tag-formule-1","10":"tag-fr","11":"tag-france","12":"tag-gp-de-belgique","13":"tag-max-verstappen","14":"tag-news","15":"tag-red-bull","16":"tag-republique-francaise","17":"tag-spa-francorchamps"},"share_on_mastodon":{"url":"https:\/\/pubeurope.com\/@fr\/114928032400362793","error":""},"_links":{"self":[{"href":"https:\/\/www.europesays.com\/fr\/wp-json\/wp\/v2\/posts\/278480","targetHints":{"allow":["GET"]}}],"collection":[{"href":"https:\/\/www.europesays.com\/fr\/wp-json\/wp\/v2\/posts"}],"about":[{"href":"https:\/\/www.europesays.com\/fr\/wp-json\/wp\/v2\/types\/post"}],"author":[{"embeddable":true,"href":"https:\/\/www.europesays.com\/fr\/wp-json\/wp\/v2\/users\/2"}],"replies":[{"embeddable":true,"href":"https:\/\/www.europesays.com\/fr\/wp-json\/wp\/v2\/comments?post=278480"}],"version-history":[{"count":0,"href":"https:\/\/www.europesays.com\/fr\/wp-json\/wp\/v2\/posts\/278480\/revisions"}],"wp:featuredmedia":[{"embeddable":true,"href":"https:\/\/www.europesays.com\/fr\/wp-json\/wp\/v2\/media\/278481"}],"wp:attachment":[{"href":"https:\/\/www.europesays.com\/fr\/wp-json\/wp\/v2\/media?parent=278480"}],"wp:term":[{"taxonomy":"category","embeddable":true,"href":"https:\/\/www.europesays.com\/fr\/wp-json\/wp\/v2\/categories?post=278480"},{"taxonomy":"post_tag","embeddable":true,"href":"https:\/\/www.europesays.com\/fr\/wp-json\/wp\/v2\/tags?post=278480"}],"curies":[{"name":"wp","href":"https:\/\/api.w.org\/{rel}","templated":true}]}}