{"id":278484,"date":"2025-07-28T00:30:23","date_gmt":"2025-07-28T00:30:23","guid":{"rendered":"https:\/\/www.europesays.com\/fr\/278484\/"},"modified":"2025-07-28T00:30:23","modified_gmt":"2025-07-28T00:30:23","slug":"tour-de-france-2025-une-derniere-etape-inoubliable-a-paris","status":"publish","type":"post","link":"https:\/\/www.europesays.com\/fr\/278484\/","title":{"rendered":"Tour de France 2025 : une derni\u00e8re \u00e9tape inoubliable \u00e0 Paris !"},"content":{"rendered":"<p class=\"text-align-justify\">Tour De France : une finale de toute beaut\u00e9 !! Efforts individuels et travail d&rsquo;\u00e9quipe, d\u00e9passement de soi, ferveur du public : on est fier de nos sportifs !<\/p>\n<p class=\"text-align-justify\">A leur service, une organisation ASO impeccable, qui r\u00e9alise un v\u00e9ritable exploit de rep\u00e9rage et de suivi des \u00e9tapes (la plus belle des cartes postales de nos terroirs)&#8230; avec des partenaires engag\u00e9s bien au-del\u00e0 d&rsquo;un objectif purement publicitaire.<\/p>\n<p class=\"text-align-justify\">Enfin, pour les 50 ans du Maillot \u00e0 Pois sponsoris\u00e9 par notre enseigne, un feu d&rsquo;artifice hyper m\u00e9rit\u00e9. Merci \u00e0 nos \u00e9quipes !\ud83d\udc4c<\/p>\n","protected":false},"excerpt":{"rendered":"Tour De France : une finale de toute beaut\u00e9 !! Efforts individuels et travail d&rsquo;\u00e9quipe, d\u00e9passement de soi,&hellip;\n","protected":false},"author":2,"featured_media":278485,"comment_status":"","ping_status":"","sticky":false,"template":"","format":"standard","meta":{"footnotes":""},"categories":[4],"tags":[11,6984,1011,27,41789,7661,12,626,2189,25,25031,210],"class_list":{"0":"post-278484","1":"post","2":"type-post","3":"status-publish","4":"format-standard","5":"has-post-thumbnail","7":"category-france","8":"tag-actualites","9":"tag-champs-elysees","10":"tag-fr","11":"tag-france","12":"tag-maillot-a-pois","13":"tag-montmartre","14":"tag-news","15":"tag-paris","16":"tag-photos","17":"tag-republique-francaise","18":"tag-rue-lepic","19":"tag-tour-de-france"},"share_on_mastodon":{"url":"https:\/\/pubeurope.com\/@fr\/114928040367117493","error":""},"_links":{"self":[{"href":"https:\/\/www.europesays.com\/fr\/wp-json\/wp\/v2\/posts\/278484","targetHints":{"allow":["GET"]}}],"collection":[{"href":"https:\/\/www.europesays.com\/fr\/wp-json\/wp\/v2\/posts"}],"about":[{"href":"https:\/\/www.europesays.com\/fr\/wp-json\/wp\/v2\/types\/post"}],"author":[{"embeddable":true,"href":"https:\/\/www.europesays.com\/fr\/wp-json\/wp\/v2\/users\/2"}],"replies":[{"embeddable":true,"href":"https:\/\/www.europesays.com\/fr\/wp-json\/wp\/v2\/comments?post=278484"}],"version-history":[{"count":0,"href":"https:\/\/www.europesays.com\/fr\/wp-json\/wp\/v2\/posts\/278484\/revisions"}],"wp:featuredmedia":[{"embeddable":true,"href":"https:\/\/www.europesays.com\/fr\/wp-json\/wp\/v2\/media\/278485"}],"wp:attachment":[{"href":"https:\/\/www.europesays.com\/fr\/wp-json\/wp\/v2\/media?parent=278484"}],"wp:term":[{"taxonomy":"category","embeddable":true,"href":"https:\/\/www.europesays.com\/fr\/wp-json\/wp\/v2\/categories?post=278484"},{"taxonomy":"post_tag","embeddable":true,"href":"https:\/\/www.europesays.com\/fr\/wp-json\/wp\/v2\/tags?post=278484"}],"curies":[{"name":"wp","href":"https:\/\/api.w.org\/{rel}","templated":true}]}}