{"id":278486,"date":"2025-07-28T00:31:17","date_gmt":"2025-07-28T00:31:17","guid":{"rendered":"https:\/\/www.europesays.com\/fr\/278486\/"},"modified":"2025-07-28T00:31:17","modified_gmt":"2025-07-28T00:31:17","slug":"pas-de-passe-de-trois-pour-la-france-a-leuropean-young-masters","status":"publish","type":"post","link":"https:\/\/www.europesays.com\/fr\/278486\/","title":{"rendered":"Pas de passe de trois pour la France \u00e0 l&rsquo;European Young Masters"},"content":{"rendered":"<p>\t\t\t\t\t\t<img width=\"770\" height=\"556\" src=\"https:\/\/www.europesays.com\/fr\/wp-content\/uploads\/2025\/07\/41bff1a0cfae-274a8750.jpg-770x556.webp.webp\" class=\"img-responsive wp-post-image\" alt=\"\" decoding=\"async\" fetchpriority=\"high\"  \/>\t\t\t\t\t<\/p>\n<p>\t\t\t\t\t\t Partager cet article <\/p>\n<p class=\"screen-reader-text juiz_sps_maybe_hidden_text\">Partager la publication \u00ab\u00a0Pas de passe de trois pour la France \u00e0 l\u2019European Young Masters\u00a0\u00bb<\/p>\n<p><strong>De retour sur le sol fran\u00e7ais apr\u00e8s 16 ans d\u2019absence, l\u2019European Young Masters s\u2019est disput\u00e9 du 24 au 26 juillet au Racing Club de France Golf de La Boulie. Victorieuse en 2023 et 2024, l\u2019\u00e9quipe de France a cette fois pris la 2e place derri\u00e8re l\u2019Allemagne.\u00a0<\/strong><\/p>\n<p>\t\t\t\t\t<a id=\"180488\" href=\"https:\/\/golfplus.fr\/\" target=\"_blank\" rel=\"sponsorised nofollow noopener\"><img decoding=\"async\" src=\"data:image\/svg+xml,%3Csvg%20xmlns=\" http:=\"\" class=\"img-responsive\" alt=\"\" data-lazy-src=\"https:\/\/www.europesays.com\/fr\/wp-content\/uploads\/2025\/07\/golfplus-e19-livraison-lieu-vacances-1170x275-1.jpg\"\/><\/a><\/p>\n<p>49 f\u00e9d\u00e9rations membres de l\u2019EGA (<strong>European Golf Association<\/strong>) se sont donn\u00e9es rendez-vous du 24 au 26 juillet 2025 \u00e0 Versailles (Yvelines) sur le parcours de <strong>La Vall\u00e9e<\/strong>\u00a0(par 72 de 5 918 m\u00e8tres), au\u00a0<strong>Racing Club de France Golf de La Boulie<\/strong>.\u00a0Apr\u00e8s 2023 et 2024, la France a tent\u00e9 de r\u00e9aliser la passe de trois dans cette 30e \u00e9dition de l\u2019<strong>European Young Masters<\/strong>, comp\u00e9tition annuelle regroupant les meilleurs joueuses et joueurs de moins de 16 ans.\u00a0<\/p>\n<p>Mais c\u2019est finalement l\u2019Allemagne qui s\u2019est impos\u00e9e par \u00e9quipe avec un <a href=\"https:\/\/www.ffgolf.org\/golf-amateur\/jeunes\/calendrier-resultats\/equipes-de-france\/2025\/european-young-masters\/page-scores-tournoi\" target=\"_blank\" rel=\"noopener nofollow\">score final de -13<\/a>, la France finissant deuxi\u00e8me \u00e0 -8 tandis que la R\u00e9publique tch\u00e8que est mont\u00e9e sur la 3e marche du podium \u00e0 -6.\u00a0<\/p>\n<p>Au classement individuel, <strong>Axelle Guillemard<\/strong> et <strong>Salom\u00e9 Lumbaca<\/strong> chez les filles prennent la 2e place ex aequo \u00e0 -1 (avec l\u2019Anglaise <strong>Annabel Peaford<\/strong>) alors que c\u2019est une autre anglaise, <strong>Ellie Lichtenhein<\/strong>, qui l\u2019emporte \u00e0 -3.<\/p>\n<p>Chez les gar\u00e7ons, <strong>Paul Martin<\/strong> accroche la 6e place \u00e0 -5 alors que <strong>Louis Le Sager<\/strong> termine plus loin (32e \u00e0 +9). C\u2019est le Tch\u00e8que <strong>Stepan Plasek<\/strong> qui s\u2019offre la victoire \u00e0 -12 devant les Allemands <strong>Barmann<\/strong> et <strong>Murr<\/strong> ainsi que le Suisse <strong>Notteboom<\/strong>.\u00a0\u00a0<\/p>\n<p>\t\t\t\t<img loading=\"lazy\" decoding=\"async\" src=\"data:image\/svg+xml,%3Csvg%20xmlns=\" http:=\"\" attributionsrc=\"\" border=\"0\" height=\"1\" width=\"1\" alt=\"Advertisement\" data-lazy-src=\"https:\/\/www.europesays.com\/fr\/wp-content\/uploads\/2025\/05\/B33047934.421787844;dc_trk_aid=614154864;dc_trk_cid=235296214;ord=[timestamp];dc_lat=;dc_rdid=;tag_f.gif\"\/><\/p>\n<p>\t\t\t\t\t<a id=\"173261\" href=\"https:\/\/ad.doubleclick.net\/ddm\/trackclk\/N1153799.3770024GOLFPLANATE\/B33047934.421787844;dc_trk_aid=614154864;dc_trk_cid=235296214;dc_lat=;dc_rdid=;tag_for_child_directed_treatment=;tfua=;gdpr=${GDPR};gdpr_consent=${GDPR_CONSENT_755};ltd=;dc_tdv=1\" target=\"_blank\" rel=\"sponsorised nofollow noopener\"><img decoding=\"async\" src=\"data:image\/svg+xml,%3Csvg%20xmlns=\" http:=\"\" class=\"img-responsive\" alt=\"\" data-lazy-src=\"https:\/\/www.europesays.com\/fr\/wp-content\/uploads\/2025\/05\/callaway-e03-aione-square2square-1170x275-1.jpg\"\/><\/a><\/p>\n<p>Photo : \u00a9 Glenn Gervot \/ EGA<\/p>\n<p>\t\t\t\t\t<a id=\"179399\" href=\"https:\/\/www.terre-blanche.com\/landing\/summer-deals?mtm_campaign=summer_deals_golf_planet_juil_2025&amp;mtm_medium=display&amp;mtm_source=golf_planet&amp;mtm_content=_CTA_&amp;mtm_group=trafic\" target=\"_blank\" rel=\"sponsorised nofollow noopener\"><img decoding=\"async\" src=\"data:image\/svg+xml,%3Csvg%20xmlns=\" http:=\"\" class=\"img-responsive\" alt=\"\" data-lazy-src=\"https:\/\/www.europesays.com\/fr\/wp-content\/uploads\/2025\/07\/terreblanche-e01-summer-deals-1170x275-1.gif\"\/><\/a><\/p>\n","protected":false},"excerpt":{"rendered":"Partager cet article Partager la publication \u00ab\u00a0Pas de passe de trois pour la France \u00e0 l\u2019European Young Masters\u00a0\u00bb&hellip;\n","protected":false},"author":2,"featured_media":277375,"comment_status":"","ping_status":"","sticky":false,"template":"","format":"standard","meta":{"footnotes":""},"categories":[1418],"tags":[1011,27,1472,60],"class_list":{"0":"post-278486","1":"post","2":"type-post","3":"status-publish","4":"format-standard","5":"has-post-thumbnail","7":"category-golf","8":"tag-fr","9":"tag-france","10":"tag-golf","11":"tag-sports"},"share_on_mastodon":{"url":"https:\/\/pubeurope.com\/@fr\/114928044183711110","error":""},"_links":{"self":[{"href":"https:\/\/www.europesays.com\/fr\/wp-json\/wp\/v2\/posts\/278486","targetHints":{"allow":["GET"]}}],"collection":[{"href":"https:\/\/www.europesays.com\/fr\/wp-json\/wp\/v2\/posts"}],"about":[{"href":"https:\/\/www.europesays.com\/fr\/wp-json\/wp\/v2\/types\/post"}],"author":[{"embeddable":true,"href":"https:\/\/www.europesays.com\/fr\/wp-json\/wp\/v2\/users\/2"}],"replies":[{"embeddable":true,"href":"https:\/\/www.europesays.com\/fr\/wp-json\/wp\/v2\/comments?post=278486"}],"version-history":[{"count":0,"href":"https:\/\/www.europesays.com\/fr\/wp-json\/wp\/v2\/posts\/278486\/revisions"}],"wp:featuredmedia":[{"embeddable":true,"href":"https:\/\/www.europesays.com\/fr\/wp-json\/wp\/v2\/media\/277375"}],"wp:attachment":[{"href":"https:\/\/www.europesays.com\/fr\/wp-json\/wp\/v2\/media?parent=278486"}],"wp:term":[{"taxonomy":"category","embeddable":true,"href":"https:\/\/www.europesays.com\/fr\/wp-json\/wp\/v2\/categories?post=278486"},{"taxonomy":"post_tag","embeddable":true,"href":"https:\/\/www.europesays.com\/fr\/wp-json\/wp\/v2\/tags?post=278486"}],"curies":[{"name":"wp","href":"https:\/\/api.w.org\/{rel}","templated":true}]}}