{"id":278487,"date":"2025-07-28T00:33:08","date_gmt":"2025-07-28T00:33:08","guid":{"rendered":"https:\/\/www.europesays.com\/fr\/278487\/"},"modified":"2025-07-28T00:33:08","modified_gmt":"2025-07-28T00:33:08","slug":"didier-lacroix-tres-affecte-par-les-reactions-sur-le-recrutement-dun-joueur-desormais-phare-du-stade-toulousain-ca-mavait-blesse-comme-rarement-blog-rct","status":"publish","type":"post","link":"https:\/\/www.europesays.com\/fr\/278487\/","title":{"rendered":"Didier Lacroix tr\u00e8s affect\u00e9 par les r\u00e9actions sur le recrutement d&#039;un joueur d\u00e9sormais phare du Stade-Toulousain : &quot;\u00c7a m\u2019avait bless\u00e9 comme rarement&quot; &#8211; Blog RCT"},"content":{"rendered":"<ol>\n<li><a href=\"https:\/\/news.google.com\/rss\/articles\/CBMi_gFBVV95cUxOQkJpajh0LW5iVmE2aTNrREJaSWFPRktfQWRhMzlxNk9UZFUweU1YR2I3WTRXRnZFaWVDdTlkMEdqV0owLWFqUWMyUUxYV1pJNGN2Mlp4QkhYdEZTVXlNTlFUSVdlNnVhazR1dmpVeENaZlF5dzJfY0ZOYmZRMC1pMzV6OGMxSmFhT1VjYms4T0FxYl83RWpScVE2ZGJ5WE5MeDA4YTNoMmtDa1BySTNEdEd3NGkxRUxWSkxYelBOZi1UZkFvM29iZlVlZWdrNGQxRk9pUGdvM0JNOHdpaUFTX1BXd0szQnE0THllWUgydzBKUWY0Y0NKcnBwWjZ4QQ?oc=5\" target=\"_blank\" rel=\"nofollow noopener\">Didier Lacroix tr\u00e8s affect\u00e9 par les r\u00e9actions sur le recrutement d&rsquo;un joueur d\u00e9sormais phare du Stade-Toulousain : \u00ab\u00a0\u00c7a m\u2019avait bless\u00e9 comme rarement\u00a0\u00bb<\/a>&nbsp;&nbsp;Blog RCT<\/li>\n<li><a href=\"https:\/\/news.google.com\/rss\/articles\/CBMi4AFBVV95cUxNX3h5ejliWWl4bVRPcjFLa0xybUh4MGJSVGFUTmNSbEpiUU9JR1NjQ0RydWUyYzNuU2VTOVFHUDZfT0RwdjlRSXdxYkEwY2FtS1lqMkdYNFdkUTZseXQ2cGt4OEdsYUNEUlNmRF8wSmNBakcwZlpZVHNDTmJFOHNOUWdPcmlJNFgtb2hMQ0ZDd0dVUDlwb3BfMmJ0akxHMzZYUldWNzZTVXZkamIxbk9aY3ZjSURLYUdYWnRndTk0WjJ2TjgwMnRtMDFWTXpNOEd4RHpBanhxTE5pYV8tbGVvNw?oc=5\" target=\"_blank\" rel=\"nofollow noopener\">Transferts de l\u00e9gende \u2013 Jerome Kaino, le All Black qui a chang\u00e9 l\u2019histoire r\u00e9cente du Stade toulousain<\/a>&nbsp;&nbsp;Rugbyrama<\/li>\n<li><a href=\"https:\/\/news.google.com\/rss\/articles\/CBMixAFBVV95cUxPQXhqeW9fekRLS3lNR2ZucmRGelBWRW83RW1NbUloV3R3VzBxTllhbW9yQWFZbmlGdWdQT2dkT01Qd2Q2eGNkODBpWjl5cGU5Vk95OWYxN3lLVUVwWVVTdm1kSzMyREFfY2xrejBJX1lMbW54R0JORHlBdzhxMm9USUdEMXFiZWpVZzNLLTkzVHVEQ3dnQlpOQXJNSl9CVkI1TVBxSnVIU3ZkbktYSWd0d1cybTItQ2k3T3J0NUszSm1aSXhP?oc=5\" target=\"_blank\" rel=\"nofollow noopener\">Avant de recruter Jerome Kaino en 2018, le Stade-Toulousain avait tent\u00e9 d&rsquo;enr\u00f4ler 2 joueurs Toulonnais<\/a>&nbsp;&nbsp;Blog RCT<\/li>\n<\/ol>\n","protected":false},"excerpt":{"rendered":"Didier Lacroix tr\u00e8s affect\u00e9 par les r\u00e9actions sur le recrutement d&rsquo;un joueur d\u00e9sormais phare du Stade-Toulousain : \u00ab\u00a0\u00c7a&hellip;\n","protected":false},"author":2,"featured_media":1445,"comment_status":"","ping_status":"","sticky":false,"template":"","format":"standard","meta":{"footnotes":""},"categories":[1416],"tags":[1011,27,479,1468,60],"class_list":{"0":"post-278487","1":"post","2":"type-post","3":"status-publish","4":"format-standard","5":"has-post-thumbnail","7":"category-rugby","8":"tag-fr","9":"tag-france","10":"tag-rugby","11":"tag-rugby-football","12":"tag-sports"},"share_on_mastodon":{"url":"https:\/\/pubeurope.com\/@fr\/114928052196705683","error":""},"_links":{"self":[{"href":"https:\/\/www.europesays.com\/fr\/wp-json\/wp\/v2\/posts\/278487","targetHints":{"allow":["GET"]}}],"collection":[{"href":"https:\/\/www.europesays.com\/fr\/wp-json\/wp\/v2\/posts"}],"about":[{"href":"https:\/\/www.europesays.com\/fr\/wp-json\/wp\/v2\/types\/post"}],"author":[{"embeddable":true,"href":"https:\/\/www.europesays.com\/fr\/wp-json\/wp\/v2\/users\/2"}],"replies":[{"embeddable":true,"href":"https:\/\/www.europesays.com\/fr\/wp-json\/wp\/v2\/comments?post=278487"}],"version-history":[{"count":0,"href":"https:\/\/www.europesays.com\/fr\/wp-json\/wp\/v2\/posts\/278487\/revisions"}],"wp:featuredmedia":[{"embeddable":true,"href":"https:\/\/www.europesays.com\/fr\/wp-json\/wp\/v2\/media\/1445"}],"wp:attachment":[{"href":"https:\/\/www.europesays.com\/fr\/wp-json\/wp\/v2\/media?parent=278487"}],"wp:term":[{"taxonomy":"category","embeddable":true,"href":"https:\/\/www.europesays.com\/fr\/wp-json\/wp\/v2\/categories?post=278487"},{"taxonomy":"post_tag","embeddable":true,"href":"https:\/\/www.europesays.com\/fr\/wp-json\/wp\/v2\/tags?post=278487"}],"curies":[{"name":"wp","href":"https:\/\/api.w.org\/{rel}","templated":true}]}}