{"id":278490,"date":"2025-07-28T00:36:15","date_gmt":"2025-07-28T00:36:15","guid":{"rendered":"https:\/\/www.europesays.com\/fr\/278490\/"},"modified":"2025-07-28T00:36:15","modified_gmt":"2025-07-28T00:36:15","slug":"il-est-sur-la-meme-lancee-quen-2019","status":"publish","type":"post","link":"https:\/\/www.europesays.com\/fr\/278490\/","title":{"rendered":"il est sur la m\u00eame lanc\u00e9e qu&rsquo;en 2019"},"content":{"rendered":"<p>La saison 2019 n&rsquo;a pas seulement \u00e9t\u00e9 la derni\u00e8re avant la grosse blessure de <a href=\"https:\/\/fr.motorsport.com\/driver\/marc-marquez\/92646\/\" target=\"_blank\" rel=\"noopener\">Marc M\u00e1rquez<\/a>. Ce fut une ann\u00e9e de domination impressionnante de la part de l&rsquo;Espagnol, certainement \u00e0 son meilleur niveau pour aller chercher son sixi\u00e8me titre dans la cat\u00e9gorie MotoGP. En 19 manches, il avait syst\u00e9matiquement figur\u00e9 sur l&rsquo;une des deux premi\u00e8res marches du podium, \u00e0 une seule exception pr\u00e8s\u00a0:\u00a0le GP des Am\u00e9riques, o\u00f9 il \u00e9tait tomb\u00e9 alors qu&rsquo;il se trouvait en t\u00eate. Malgr\u00e9 cette b\u00e9vue, il avait tout de m\u00eame d\u00e9croch\u00e9 12 victoires et \u00e9tabli ce qui \u00e9tait alors un nouveau record de points dans un championnat.<\/p>\n<p>La premi\u00e8re course de la saison suivante a coup\u00e9 net M\u00e1rquez dans cette phase si prolifique de sa carri\u00e8re, mais cinq ans plus tard, le voici relanc\u00e9 sur un tr\u00e8s gros rythme qui n&rsquo;est pas sans rappeler ce qu&rsquo;il avait r\u00e9alis\u00e9 lors de sa derni\u00e8re campagne victorieuse. En concluant le week-end de Brno, il ne pouvait plus vraiment faire la fine bouche et se devait d&rsquo;\u00eatre franc face \u00e0 ses r\u00e9sultats, \u00e9crasants. Il a en effet gagn\u00e9 en R\u00e9publique tch\u00e8que son cinqui\u00e8me Grand Prix de suite, et compte d\u00e9j\u00e0 en l&rsquo;espace de 12 manches huit victoires le dimanche et 11 en course sprint.<\/p>\n<p>Lire aussi :<\/p>\n<p>Ce cinqui\u00e8me succ\u00e8s d&rsquo;affil\u00e9e n&rsquo;est pas une nouveaut\u00e9 pour lui\u00a0\u2013\u00a0il a gagn\u00e9 dix Grands Prix de suite en 2014\u00a0-, en revanche c&rsquo;est du jamais vu pour un pilote Ducati. \u00ab\u00a0J&rsquo;ai conscience de ce qu&rsquo;on a fait sur cette premi\u00e8re partie de saison\u00a0\u00bb, observait l&rsquo;Espagnol dimanche. \u00ab\u00a0C&rsquo;est l&rsquo;un des meilleurs moments de ma carri\u00e8re. Mes sensations sont comme en 2019 ou 2014. Je pilote tr\u00e8s bien, je suis calme. J&rsquo;arrive \u00e0 g\u00e9rer les courses comme je le veux.\u00a0\u00bb<\/p>\n<p>\u00ab\u00a0On vit un tr\u00e8s bon moment, l&rsquo;\u00e9quipe travaille tr\u00e8s bien et la moto aussi. Tout est donc l\u00e0. J&rsquo;ai essay\u00e9 de tout le temps contr\u00f4ler mon instinct et de ne pas attaquer \u00e0 chaque tour, de me contr\u00f4ler, et \u00e7a aide beaucoup \u00e0 avoir cette constance.\u00a0\u00bb<\/p>\n<p>   <img decoding=\"async\" draggable=\"false\" src=\"https:\/\/www.europesays.com\/fr\/wp-content\/uploads\/2025\/07\/1753662975_16_marc-marquez-ducati-team.jpg\" alt=\"Marc Marquez, Ducati Team\" width=\"1200\" height=\"800\" loading=\"lazy\"\/> <\/p>\n<p class=\"title\">Marc M\u00e1rquez (Ducati)<\/p>\n<p class=\"photographer\">Photo de: Gold and Goose Photography \/ LAT Images \/ via Getty Images<\/p>\n<p>Au-del\u00e0 de ce qu&rsquo;il a r\u00e9ussi \u00e0 produire \u00e0 titre personnel dans son pilotage, M\u00e1rquez a aussi rapidement trouv\u00e9 ses marques dans sa nouvelle \u00e9quipe et dans l&rsquo;atmosph\u00e8re de travail d&rsquo;une marque italienne pourtant tr\u00e8s diff\u00e9rente de celle qu&rsquo;il a connue pr\u00e9c\u00e9demment. Cette \u00e9quipe, il la trouve int\u00e9ressante, conscient de la qualit\u00e9 des efforts investis pour \u00e9crire la domination actuelle.<\/p>\n<p>\u00ab\u00a0Je veux remercier l&rsquo;\u00e9quipe, il ne faut pas oublier que c&rsquo;est une nouvelle \u00e9quipe pour moi mais \u00e7a rend les choses plus int\u00e9ressantes dans cette premi\u00e8re partie de saison. La marge \u00e9tait l\u00e0 et quand on a \u00e9t\u00e9 parfaitement connect\u00e9s, on s&rsquo;est mis \u00e0 beaucoup progresser\u00a0\u00bb,\u00a0a-t-il observ\u00e9. \u00ab\u00a0Ils ont beaucoup d&rsquo;outils\u00a0\u2013\u00a0tout le monde en a, mais ils sont super intelligents pour utiliser tous les outils qu&rsquo;ils ont, tous les param\u00e8tres, et tirer le maximum de chaque situation. Je me sens donc tr\u00e8s \u00e0 l&rsquo;aise.\u00a0\u00bb<\/p>\n<p>Ne pas se laisser d\u00e9concentrer par la domination<\/p>\n<p>\u00ab\u00a0J&rsquo;aimerais bien avoir une course la semaine prochaine, parce que je suis dans un tr\u00e8s bon moment, mais c&rsquo;est important de se reposer aussi\u00a0\u00bb, a gliss\u00e9 l&rsquo;Espagnol en descendant du podium de Brno. Il a d\u00e9sormais trois semaines pour souffler avant de r\u00e9attaquer mi-ao\u00fbt pour dix Grands Prix dont il esp\u00e8re qu&rsquo;ils le m\u00e8neront au titre.<\/p>\n<p>\u00ab\u00a0Il faut qu&rsquo;on garde la m\u00eame mentalit\u00e9, qu&rsquo;on reste concentr\u00e9s\u00a0\u00bb, a-t-il d&rsquo;ores et d\u00e9j\u00e0 pr\u00e9venu, et le message s&rsquo;adresse en grande partie \u00e0 lui-m\u00eame alors qu&rsquo;il a r\u00e9\u00e9dit\u00e9 ce qui avait \u00e9t\u00e9 son erreur de 2019. \u00ab\u00a0Une des raisons pour lesquelles j&rsquo;ai fait une erreur \u00e0 Austin, c&rsquo;est parce que j&rsquo;ai perdu ma concentration. Mais un probl\u00e8me, une solution. Si on fait une erreur, il faut y travailler et j&rsquo;ai commenc\u00e9 \u00e0 le faire. Maintenant, je semble capable de mieux conserver ma concentration.\u00a0\u00bb<\/p>\n<p>\u00ab\u00a0\u00c7a n&rsquo;est pas quelque chose qui a \u00e9t\u00e9 un probl\u00e8me dans ma carri\u00e8re, c&rsquo;est juste que quand on a parfois un gros avantage, il est difficile de conserver la m\u00eame intensit\u00e9. [Dimanche \u00e0 Brno], par exemple, je poussais plus dans certains tours et moins dans d&rsquo;autres, juste pour continuer \u00e0 jouer avec mon mental, pas avec les limites de la moto.\u00a0\u00bb<\/p>\n<p>Lire aussi :<\/p>\n<p>Dans cet article<\/p>\n<p>Soyez le premier inform\u00e9 et souscrivez aux alertes mails pour recevoir les infos en temps r\u00e9el<\/p>\n<p>    S&rsquo;abonner aux alertes de news<\/p>\n","protected":false},"excerpt":{"rendered":"La saison 2019 n&rsquo;a pas seulement \u00e9t\u00e9 la derni\u00e8re avant la grosse blessure de Marc M\u00e1rquez. Ce fut&hellip;\n","protected":false},"author":2,"featured_media":278491,"comment_status":"","ping_status":"","sticky":false,"template":"","format":"standard","meta":{"footnotes":""},"categories":[1413],"tags":[4950,1011,27,5038,1457,1456,1458,60],"class_list":{"0":"post-278490","1":"post","2":"type-post","3":"status-publish","4":"format-standard","5":"has-post-thumbnail","7":"category-moto","8":"tag-ducati-team","9":"tag-fr","10":"tag-france","11":"tag-marc-mu00e1rquez","12":"tag-moto","13":"tag-motocycle","14":"tag-motogp","15":"tag-sports"},"share_on_mastodon":{"url":"https:\/\/pubeurope.com\/@fr\/114928063861700920","error":""},"_links":{"self":[{"href":"https:\/\/www.europesays.com\/fr\/wp-json\/wp\/v2\/posts\/278490","targetHints":{"allow":["GET"]}}],"collection":[{"href":"https:\/\/www.europesays.com\/fr\/wp-json\/wp\/v2\/posts"}],"about":[{"href":"https:\/\/www.europesays.com\/fr\/wp-json\/wp\/v2\/types\/post"}],"author":[{"embeddable":true,"href":"https:\/\/www.europesays.com\/fr\/wp-json\/wp\/v2\/users\/2"}],"replies":[{"embeddable":true,"href":"https:\/\/www.europesays.com\/fr\/wp-json\/wp\/v2\/comments?post=278490"}],"version-history":[{"count":0,"href":"https:\/\/www.europesays.com\/fr\/wp-json\/wp\/v2\/posts\/278490\/revisions"}],"wp:featuredmedia":[{"embeddable":true,"href":"https:\/\/www.europesays.com\/fr\/wp-json\/wp\/v2\/media\/278491"}],"wp:attachment":[{"href":"https:\/\/www.europesays.com\/fr\/wp-json\/wp\/v2\/media?parent=278490"}],"wp:term":[{"taxonomy":"category","embeddable":true,"href":"https:\/\/www.europesays.com\/fr\/wp-json\/wp\/v2\/categories?post=278490"},{"taxonomy":"post_tag","embeddable":true,"href":"https:\/\/www.europesays.com\/fr\/wp-json\/wp\/v2\/tags?post=278490"}],"curies":[{"name":"wp","href":"https:\/\/api.w.org\/{rel}","templated":true}]}}