{"id":278492,"date":"2025-07-28T00:37:13","date_gmt":"2025-07-28T00:37:13","guid":{"rendered":"https:\/\/www.europesays.com\/fr\/278492\/"},"modified":"2025-07-28T00:37:13","modified_gmt":"2025-07-28T00:37:13","slug":"formule-1-consigne-dequipe-sauber-contre-hulkenberg-a-spa","status":"publish","type":"post","link":"https:\/\/www.europesays.com\/fr\/278492\/","title":{"rendered":"Formule 1 : Consigne d\u2019\u00e9quipe Sauber contre H\u00fclkenberg \u00e0 Spa"},"content":{"rendered":"<p>Il y a tout juste deux semaines, Nico H\u00fclkenberg cr\u00e9ait la surprise en montant sur le podium \u00e0 Silverstone, offrant un v\u00e9ritable conte de f\u00e9es en Formule 1. Mais le Grand Prix de Belgique a rapidement ramen\u00e9 le pilote allemand \u00e0 une r\u00e9alit\u00e9 beaucoup moins idyllique.<\/p>\n<p>Au lieu d\u2019un top 3, c\u2019est une douzi\u00e8me place qui a sanctionn\u00e9 sa course, agr\u00e9ment\u00e9e d\u2019une d\u00e9cision d\u2019\u00e9quipe peu agr\u00e9able prise par le stand Sauber.<\/p>\n<p>H\u00fclkenberg : \u00ab \u00c7a casse l\u2019ambiance \u00bb<\/p>\n<p>Le d\u00e9part d\u00e9cal\u00e9 d\u2019une heure \u00e0 cause de fortes intemp\u00e9ries n\u2019a pas aid\u00e9 H\u00fclkenberg \u00e0 rester de bonne humeur. \u00ab Ce n\u2019est bien s\u00fbr optimal pour personne. \u00c7a enl\u00e8ve tout le rythme et \u00e7a casse l\u2019ambiance \u00bb, a confi\u00e9 le pilote \u00e0 Sky. \u00ab Quand on a enfin pu partir, il y avait d\u00e9j\u00e0 beaucoup d\u2019endroits o\u00f9 la piste \u00e9tait s\u00e8che. \u00bb<\/p>\n<p><img data-lazyloaded=\"1\" decoding=\"async\" src=\"https:\/\/www.europesays.com\/fr\/wp-content\/uploads\/2025\/07\/Formule-1-Consigne-dequipe-Sauber-contre-Hulkenberg-a-Spa.jpg\" alt=\"Nico H\u00fclkenberg lors du Grand Prix de Belgique\" width=\"1800\" height=\"1200\" loading=\"lazy\"\/>Apr\u00e8s son exploit de Silverstone, Nico H\u00fclkenberg a retrouv\u00e9 la dure r\u00e9alit\u00e9 du peloton de Formule 1 \u00e0 Spa. (Cr\u00e9dit : Andy Hone\/LAT Images\/Sauber)<\/p>\n<p>Le v\u00e9ritable coup dur est survenu plus tard dans la course : H\u00fclkenberg a d\u00fb laisser passer Gabriel Bortoleto, son co\u00e9quipier, sur ordre du stand. \u00ab Gabi \u00e9tait plus rapide, donc c\u2019est logique \u00bb, a-t-il expliqu\u00e9 avec fair-play. \u00ab Nous \u00e9tions juste derri\u00e8re Liam Lawson, avec l\u2019occasion d\u2019attaquer. Gabi avait un meilleur rythme et moi, j\u2019avais du mal avec la voiture. Ce n\u2019est donc pas un probl\u00e8me \u2013 c\u2019est pour le bien de l\u2019\u00e9quipe. \u00bb<\/p>\n<p>Un arr\u00eat suppl\u00e9mentaire co\u00fbteux<\/p>\n<p>Le week-end avait d\u00e9j\u00e0 mal commenc\u00e9. \u00ab Je n\u2019ai pas pu faire tenir mon premier jeu de pneus mediums, ils n\u2019ont pas r\u00e9sist\u00e9 \u00bb, a indiqu\u00e9 H\u00fclkenberg. Ce souci a n\u00e9cessit\u00e9 un arr\u00eat au stand suppl\u00e9mentaire, qui lui a co\u00fbt\u00e9 plusieurs places.<\/p>\n<p>Au final, il termine douzi\u00e8me, sans marquer de points, tandis que son \u00e9quipier Bortoleto finit neuvi\u00e8me. Un coup d\u2019arr\u00eat apr\u00e8s l\u2019enthousiasme de Silverstone. Mais en Formule 1, tous les courses ne se transforment pas en contes de f\u00e9es.<\/p>\n<p>Points \u00e0 retenir<\/p>\n<ul>\n<li>Le d\u00e9calage du d\u00e9part pour cause de pluie a perturb\u00e9 la dynamique de la course, et H\u00fclkenberg ne s\u2019en est pas cach\u00e9.<\/li>\n<li>Un ordre d\u2019\u00e9quipe \u201cclassique\u201d a rappel\u00e9 que dans ce sport, m\u00eame la bravoure peut souvent se plier aux consignes strat\u00e9giques.<\/li>\n<li>L\u2019usure pr\u00e9matur\u00e9e des pneus medium a forc\u00e9 un arr\u00eat impr\u00e9vu, p\u00e9nalisant la position finale du pilote Sauber.<\/li>\n<li>Gabriel Bortoleto, jeune co\u00e9quipier, a su tirer son \u00e9pingle du jeu avec une neuvi\u00e8me place encourageante.<\/li>\n<li>La Formule 1 reste un th\u00e9\u00e2tre o\u00f9 chaque week-end raconte une nouvelle histoire, souvent tr\u00e8s diff\u00e9rente de la pr\u00e9c\u00e9dente.<\/li>\n<\/ul>\n<p>En r\u00e9sum\u00e9, le GP de Belgique nous rappelle que la F1 est un concentr\u00e9 d\u2019impr\u00e9vus, de calculs d\u2019\u00e9quipe et de batailles intenses, le tout saupoudr\u00e9 d\u2019une bonne dose d\u2019humilit\u00e9 pour les pilotes. Il para\u00eet qu\u2019on peut parfois avoir la t\u00eate dans les \u00e9toiles et les pieds bien ancr\u00e9s dans la gadoue \u2013 Nico H\u00fclkenberg l\u2019a appris \u00e0 ses d\u00e9pens. Apr\u00e8s tout, si chaque course \u00e9tait un conte de f\u00e9es, o\u00f9 serait le plaisir du suspense ?<\/p>\n<p class=\"has-white-color has-text-color has-background has-link-color\" style=\"background-color:#b2b2b2;font-size:12px\">Cet article a \u00e9t\u00e9 g\u00e9n\u00e9r\u00e9 gr\u00e2ce \u00e0 l&rsquo;intelligence Artificielle. Chez LesNews, nos r\u00e9dacteurs exploitent l&rsquo;IA pour \u00e9laborer des articles innovants \u00e0 partir de <strong>sources fiables.<\/strong> Si vous rep\u00e9rez une image ou un contenu inappropri\u00e9, merci de nous le signaler via le <a href=\"https:\/\/lesnews.ca\/formulaire-dmca\/\" data-wpel-link=\"internal\" rel=\"nofollow noopener\" target=\"_blank\">formulaire DMCA <\/a>\u2013 nous agirons rapidement pour le corriger. \/ This article has been generated using Artificial Intelligence. At LesNews, our editors leverage AI to craft innovative articles <strong>sourced<\/strong> from <strong>reliable references<\/strong>. If you come across any image or content that appears inappropriate, please notify us through the <a href=\"https:\/\/lesnews.ca\/formulaire-dmca\/\" data-wpel-link=\"internal\" rel=\"nofollow noopener\" target=\"_blank\">DMCA form<\/a> \u2013 we will promptly take action to address it.<\/p>\n<p>  Navigation de l\u2019article<\/p>\n","protected":false},"excerpt":{"rendered":"Il y a tout juste deux semaines, Nico H\u00fclkenberg cr\u00e9ait la surprise en montant sur le podium \u00e0&hellip;\n","protected":false},"author":2,"featured_media":278493,"comment_status":"","ping_status":"","sticky":false,"template":"","format":"standard","meta":{"footnotes":""},"categories":[1412],"tags":[1451,1452,1453,1454,1455,1011,27,60],"class_list":{"0":"post-278492","1":"post","2":"type-post","3":"status-publish","4":"format-standard","5":"has-post-thumbnail","7":"category-f1","8":"tag-f1","9":"tag-formula-1","10":"tag-formula1","11":"tag-formule-1","12":"tag-formule1","13":"tag-fr","14":"tag-france","15":"tag-sports"},"share_on_mastodon":{"url":"https:\/\/pubeurope.com\/@fr\/114928067766463943","error":""},"_links":{"self":[{"href":"https:\/\/www.europesays.com\/fr\/wp-json\/wp\/v2\/posts\/278492","targetHints":{"allow":["GET"]}}],"collection":[{"href":"https:\/\/www.europesays.com\/fr\/wp-json\/wp\/v2\/posts"}],"about":[{"href":"https:\/\/www.europesays.com\/fr\/wp-json\/wp\/v2\/types\/post"}],"author":[{"embeddable":true,"href":"https:\/\/www.europesays.com\/fr\/wp-json\/wp\/v2\/users\/2"}],"replies":[{"embeddable":true,"href":"https:\/\/www.europesays.com\/fr\/wp-json\/wp\/v2\/comments?post=278492"}],"version-history":[{"count":0,"href":"https:\/\/www.europesays.com\/fr\/wp-json\/wp\/v2\/posts\/278492\/revisions"}],"wp:featuredmedia":[{"embeddable":true,"href":"https:\/\/www.europesays.com\/fr\/wp-json\/wp\/v2\/media\/278493"}],"wp:attachment":[{"href":"https:\/\/www.europesays.com\/fr\/wp-json\/wp\/v2\/media?parent=278492"}],"wp:term":[{"taxonomy":"category","embeddable":true,"href":"https:\/\/www.europesays.com\/fr\/wp-json\/wp\/v2\/categories?post=278492"},{"taxonomy":"post_tag","embeddable":true,"href":"https:\/\/www.europesays.com\/fr\/wp-json\/wp\/v2\/tags?post=278492"}],"curies":[{"name":"wp","href":"https:\/\/api.w.org\/{rel}","templated":true}]}}