{"id":278497,"date":"2025-07-28T00:40:16","date_gmt":"2025-07-28T00:40:16","guid":{"rendered":"https:\/\/www.europesays.com\/fr\/278497\/"},"modified":"2025-07-28T00:40:16","modified_gmt":"2025-07-28T00:40:16","slug":"le-duc-et-la-duchesse-de-westminster-sont-devenus-parents","status":"publish","type":"post","link":"https:\/\/www.europesays.com\/fr\/278497\/","title":{"rendered":"Le duc et la duchesse de Westminster sont devenus parents"},"content":{"rendered":"<p>Le duc de Westminster, longtemps consid\u00e9r\u00e9 comme l\u2019aristocrate le plus convoit\u00e9 du Royaume-Uni, est devenu papa ce 27 juillet 2025, un an apr\u00e8s son mariage avec Olivia Henson. Hugh Grosvenor, 7e duc de Westminster,\u00a0est le filleul du roi Charles III et l\u2019un des hommes les plus fortun\u00e9s du pays. Le duc et la duchesse de Westminster ont d\u00e9voil\u00e9 le sexe et le pr\u00e9nom de leur enfant.<\/p>\n<p><strong>Lire aussi : <a href=\"https:\/\/histoiresroyales.fr\/premieres-photos-duchesse-de-westminster-enceinte-rare-sortie-publique\/\" target=\"_blank\" rel=\"noopener\">Les premi\u00e8res photos de la duchesse de Westminster enceinte lors d\u2019une tr\u00e8s rare sortie publique<\/a><\/strong><\/p>\n<p>Le duc de Westminster annonce la naissance de sa fille<\/p>\n<p>Le 7 juin 2024, Hugh Grosvenor, 7e duc de Westminster,\u00a0l\u2019un des hommes les plus riches du Royaume-Uni, unissait son destin \u00e0 Olivia Henson, en pr\u00e9sence de nombreuses personnalit\u00e9s, dont le prince de Galles, h\u00e9ritier du tr\u00f4ne britannique, et sa cousine germaine, la princesse Eugenie, deuxi\u00e8me fille du duc d\u2019York. En mars 2025, un bref communiqu\u00e9 annon\u00e7ait que la nouvelle duchesse de Westminster \u00e9tait enceinte de leur premier enfant. Ce 27 juillet 2025, un nouveau communiqu\u00e9 du couple, partag\u00e9 par <a href=\"https:\/\/www.hellomagazine.com\/royalty\/830595\/duke-of-westminster-olivia-henson-welcome-first-baby\/\" target=\"_blank\" rel=\"noreferrer noopener nofollow\">Hello<\/a>, annonce l\u2019heureuse nouvelle : \u00ab\u00a0Le duc et la duchesse de Westminster sont ravis d\u2019annoncer la naissance de leur petite fille. \u00bb<\/p>\n<p><img fetchpriority=\"high\" decoding=\"async\" width=\"1300\" height=\"867\" src=\"https:\/\/www.europesays.com\/fr\/wp-content\/uploads\/2025\/07\/duc-de-westminster-papa-annonce.jpg\" alt=\"\" class=\"wp-image-214455 lazyload\" data-  \/>Le duc et la duchesse de Westminster lors de leur mariage en juin 2024 (Photo : Tim Rooke\/SIPA)<\/p>\n<p><strong>Lire aussi : <a href=\"https:\/\/histoiresroyales.fr\/duchesse-de-westminster-enceinte-premier-enfant-filleul-roi-charles-iii-va-etre-papa\/\" target=\"_blank\" rel=\"noopener\">La duchesse de Westminster est enceinte de son premier enfant : le filleul du roi Charles III va \u00eatre papa<\/a><\/strong><\/p>\n<p>La premi\u00e8re enfant du couple, qui ne pourra donc pas h\u00e9riter du titre est pr\u00e9nomm\u00e9e Cosima Florence Grosvenor. \u00ab La duchesse et Cosima se portent bien. Le duc et la duchesse ont d\u00e9sormais h\u00e2te de passer ce moment privil\u00e9gi\u00e9 en famille \u00bb, conclut le communiqu\u00e9. Le titre de duc de Westminster a \u00e9t\u00e9 octroy\u00e9 au 3e marquis de Westminster en 1847. Il s\u2019agit du dernier titre ducal qui a \u00e9t\u00e9 cr\u00e9\u00e9 au Royaume-Uni, \u00e0 l\u2019exception des titres octroy\u00e9s \u00e0 des membres de la famille royale.<\/p>\n<p><img loading=\"lazy\" decoding=\"async\" width=\"1172\" height=\"1400\" src=\"https:\/\/www.europesays.com\/fr\/wp-content\/uploads\/2025\/07\/duc-de-westminster-ancetres-1172x1400.jpg\" alt=\"\" class=\"wp-image-214451 lazyload\" data-  \/>Anc\u00eatres et origines des premiers baronets Grosvenor, jusqu\u2019au 7e duc de Westminster, ainsi que ses anc\u00eatres royaux maternels (Image : Histoires Royales)<\/p>\n<p><strong>Lire aussi :\u00a0<a href=\"https:\/\/histoiresroyales.fr\/nouvelle-duchesse-de-westminster-porte-couronne-de-myrte-faberge-mariage\/\" target=\"_blank\" rel=\"noopener\">La nouvelle duchesse de Westminster porte la couronne de myrte Faberg\u00e9 \u00e0 son mariage<\/a><\/strong><\/p>\n<p>Naissance de Cosima Florence Grosvenor<\/p>\n<p>Le duc de Westminster est le filleul du roi Charles III et il est lui-m\u00eame le parrain du prince George de Galles, le fils du prince William. La m\u00e8re du duc de Westminster, Natalia Phillips, est l\u2019une des marraines du prince William, et l\u2019une des s\u0153urs du duc avait Diana pour marraine. Le duc de Westminster est aussi un lointain cousin de la famille royale, descendant du tsar Nicolas 1er et du roi Fr\u00e9d\u00e9ric-Guillaume II de Prusse. Sa m\u00e8re Natalia est une descendante d\u2019Alexandre Pouchkine et la petite-fille de la comtesse Anastasia de Torby, elle-m\u00eame une fille du grand-duc Micha\u00ebl Micha\u00eflovitch de Russie.<\/p>\n<p><img loading=\"lazy\" decoding=\"async\" width=\"950\" height=\"1400\" src=\"https:\/\/www.europesays.com\/fr\/wp-content\/uploads\/2025\/07\/mariage-milliardaire-hugh-grosvenor-olivia-950x1400.jpg\" alt=\"\" class=\"wp-image-128814 lazyload\" data-  \/>Hugh et Olivia Grosvenor sont devenus parents ce 27 juillet 2025 (Photo : Peter Byrne\/PA Wire\/ABACAPRESS.COM)<\/p>\n<p>Le premier Grosvenor ayant \u00e9t\u00e9 anobli est Richard Grosvenor, d\u00e9put\u00e9 britannique, devenu baronnet en 1622. Le 7e baronnet Grosvenor est devenu baron en 1721, et ensuite 1e comte Grosvenor. En 1831, ce m\u00eame comte Grosvenor est devenu marquis de Westminster. Et le 3e marquis, deviendra duc en 1847. Duc est le plus haut titre de noblesse et le duc de Westminster est le dernier noble ayant \u00e9t\u00e9 \u00e9lev\u00e9 \u00e0 ce rang par la reine Victoria. Il s\u2019agit donc du plus r\u00e9cent titre de duc du pays. <\/p>\n<p><img loading=\"lazy\" decoding=\"async\" width=\"1057\" height=\"1400\" src=\"https:\/\/www.europesays.com\/fr\/wp-content\/uploads\/2025\/07\/diademe-photo-mariage-olivia-henson-1057x1400.jpg\" alt=\"\" class=\"wp-image-128810 lazyload\" data-  \/>Le duc et la duchesse de Westminster devant la cath\u00e9drale de Chester le jour de leur mariage (Photo : Peter Byrne\/PA Wire\/ABACAPRESS.COM)<\/p>\n<p>Hugh Grosvenor, 7e duc de Westminster depuis le d\u00e9c\u00e8s de son p\u00e8re en 2016, a longtemps \u00e9t\u00e9 l\u2019un des aristocrates les plus convoit\u00e9s du pays. Le jeune trentenaire poss\u00e8de la demeure d\u2019Eaton Hall, dans le Cheshire et la Grosvenor House, \u00e0 Park Lane, lorsqu\u2019il r\u00e9side \u00e0 Londres. La famille est \u00e9galement propri\u00e9taire de 80 hectares de terrain dans le tr\u00e8s chic quartier de Belgravia, \u00e0 Londres, d\u2019o\u00f9 leur titre subsidiaire de vicomte Belgravia. La famille poss\u00e8de \u00e9galement 40 hectares dans le quartier de Mayfair, un autre quartier hupp\u00e9 de la capitale. La presse britannique \u00e9crit r\u00e9guli\u00e8rement que le duc de Westminster est le \u00ab propri\u00e9taire de la moiti\u00e9 de Londres \u00bb.<\/p>\n<p>\t\t\t\t<img loading=\"lazy\" alt=\"Avatar photo\" src=\"https:\/\/www.europesays.com\/fr\/wp-content\/uploads\/2025\/04\/1516945716303-164x164.jpeg\"  class=\"avatar avatar-164 photo lazyload\" height=\"164\" width=\"164\" decoding=\"async\"\/><br \/>\n\t\t<a href=\"https:\/\/histoiresroyales.fr\/author\/royaliste123\/\" target=\"_blank\" rel=\"noopener\">Nicolas Fontaine<\/a><br \/>\n\t\t\t\t\tR\u00e9dacteur en chef<\/p>\n<p>Nicolas Fontaine a \u00e9t\u00e9 concepteur-r\u00e9dacteur et auteur pour de nombreuses marques et m\u00e9dias belges et fran\u00e7ais. Sp\u00e9cialiste de l&rsquo;actualit\u00e9 des familles royales, Nicolas a fond\u00e9 le site Histoires royales dont il est le r\u00e9dacteur en chef.&#13;<br \/>\n&#13;<br \/>\nnicolas@histoiresroyales.fr<\/p>\n<p>\t\t\t\t\t\t\t<a href=\"https:\/\/twitter.com\/ActusRoyales\" class=\"boxed-icon fill twitter\" target=\"_blank\" rel=\"noopener\"><\/a><br \/>\n\t\t\t\t\t\t\t\t\t<a href=\"https:\/\/www.instagram.com\/histoiresroyales.fr\/\" class=\"boxed-icon fill instagram\" target=\"_blank\" rel=\"noopener\"><\/a><\/p>\n<p>\t\t\t\t\t\t\t\t\t\t\t\t\t<script async src=\"https:\/\/platform.twitter.com\/widgets.js\" charset=\"utf-8\"><\/script><script async src=\"\/\/www.instagram.com\/embed.js\"><\/script><\/p>\n","protected":false},"excerpt":{"rendered":"Le duc de Westminster, longtemps consid\u00e9r\u00e9 comme l\u2019aristocrate le plus convoit\u00e9 du Royaume-Uni, est devenu papa ce 27&hellip;\n","protected":false},"author":2,"featured_media":278498,"comment_status":"","ping_status":"","sticky":false,"template":"","format":"standard","meta":{"footnotes":""},"categories":[1359],"tags":[14735,58,59,1011,27,41790,198,41529,41530,973],"class_list":{"0":"post-278497","1":"post","2":"type-post","3":"status-publish","4":"format-standard","5":"has-post-thumbnail","7":"category-people","8":"tag-bu00e9bu00e9","9":"tag-divertissement","10":"tag-entertainment","11":"tag-fr","12":"tag-france","13":"tag-hugh-grosvenor","14":"tag-naissance","15":"tag-noblesse","16":"tag-noblesse-britannique","17":"tag-people"},"share_on_mastodon":{"url":"https:\/\/pubeurope.com\/@fr\/114928079671661679","error":""},"_links":{"self":[{"href":"https:\/\/www.europesays.com\/fr\/wp-json\/wp\/v2\/posts\/278497","targetHints":{"allow":["GET"]}}],"collection":[{"href":"https:\/\/www.europesays.com\/fr\/wp-json\/wp\/v2\/posts"}],"about":[{"href":"https:\/\/www.europesays.com\/fr\/wp-json\/wp\/v2\/types\/post"}],"author":[{"embeddable":true,"href":"https:\/\/www.europesays.com\/fr\/wp-json\/wp\/v2\/users\/2"}],"replies":[{"embeddable":true,"href":"https:\/\/www.europesays.com\/fr\/wp-json\/wp\/v2\/comments?post=278497"}],"version-history":[{"count":0,"href":"https:\/\/www.europesays.com\/fr\/wp-json\/wp\/v2\/posts\/278497\/revisions"}],"wp:featuredmedia":[{"embeddable":true,"href":"https:\/\/www.europesays.com\/fr\/wp-json\/wp\/v2\/media\/278498"}],"wp:attachment":[{"href":"https:\/\/www.europesays.com\/fr\/wp-json\/wp\/v2\/media?parent=278497"}],"wp:term":[{"taxonomy":"category","embeddable":true,"href":"https:\/\/www.europesays.com\/fr\/wp-json\/wp\/v2\/categories?post=278497"},{"taxonomy":"post_tag","embeddable":true,"href":"https:\/\/www.europesays.com\/fr\/wp-json\/wp\/v2\/tags?post=278497"}],"curies":[{"name":"wp","href":"https:\/\/api.w.org\/{rel}","templated":true}]}}