{"id":278499,"date":"2025-07-28T00:42:10","date_gmt":"2025-07-28T00:42:10","guid":{"rendered":"https:\/\/www.europesays.com\/fr\/278499\/"},"modified":"2025-07-28T00:42:10","modified_gmt":"2025-07-28T00:42:10","slug":"labzacois-p-h-guignard-recoit-le-prix-claire-belon-pour-son-livre-sur-aime-bonpland","status":"publish","type":"post","link":"https:\/\/www.europesays.com\/fr\/278499\/","title":{"rendered":"L\u2019Abzacois P-H Guignard re\u00e7oit le prix \u00ab\u00a0Claire Belon\u00a0\u00bb pour son livre sur Aim\u00e9 Bonpland"},"content":{"rendered":"<p>Enfants des Lumi\u00e8res et de la science, ils cartographieront ensemble les Am\u00e9riques \u00e9quinoxiales, et, ce faisant, auront l\u2019intuition qui donnera naissance \u00e0 l\u2019\u00e9cologie. Bonpland servira l\u2019Imp\u00e9ratrice Jos\u00e9phine et enrichira le parc de La Malmaison avant de repartir vers l\u2019Am\u00e9rique du Rio de la Plata. Jardinier passionn\u00e9 du monde, il y acclimatera la yerba mate, sera retenu dix ans otage au Paraguay, et, avant de mourir deux fois, sera un m\u00e9decin sans fronti\u00e8re r\u00e9v\u00e9r\u00e9.<\/p>\n<p>Lanc\u00e9 dans les ann\u00e9es 50 par l\u2019\u00e9crivain Raymond Queneau, ce prix litt\u00e9raire a distingu\u00e9 en 2023 Didier Jung pour \u00ab\u00a0Sophie et Jean-Pierre Blanchard, a\u00e9ronautes professionnels\u00a0\u00bb et en 2024 Monique Fillioux pour \u00ab\u00a0Femmes du cognac, de l\u2019ombre \u00e0 la lumi\u00e8re\u00a0\u00bb.<\/p>\n<p>\u00ab\u00a0Aim\u00e9 Bonpland, jardinier du monde\u00a0\u00bb, 90 pages, 10\u20ac en librairie ou aux \u00c9ditions Douin https:\/\/editions-douin.com\/fr.<\/p>\n","protected":false},"excerpt":{"rendered":"Enfants des Lumi\u00e8res et de la science, ils cartographieront ensemble les Am\u00e9riques \u00e9quinoxiales, et, ce faisant, auront l\u2019intuition&hellip;\n","protected":false},"author":2,"featured_media":278500,"comment_status":"","ping_status":"","sticky":false,"template":"","format":"standard","meta":{"footnotes":""},"categories":[1357],"tags":[1379,58,59,1011,27,1380],"class_list":{"0":"post-278499","1":"post","2":"type-post","3":"status-publish","4":"format-standard","5":"has-post-thumbnail","7":"category-livres","8":"tag-books","9":"tag-divertissement","10":"tag-entertainment","11":"tag-fr","12":"tag-france","13":"tag-livres"},"share_on_mastodon":{"url":"https:\/\/pubeurope.com\/@fr\/114928087420030073","error":""},"_links":{"self":[{"href":"https:\/\/www.europesays.com\/fr\/wp-json\/wp\/v2\/posts\/278499","targetHints":{"allow":["GET"]}}],"collection":[{"href":"https:\/\/www.europesays.com\/fr\/wp-json\/wp\/v2\/posts"}],"about":[{"href":"https:\/\/www.europesays.com\/fr\/wp-json\/wp\/v2\/types\/post"}],"author":[{"embeddable":true,"href":"https:\/\/www.europesays.com\/fr\/wp-json\/wp\/v2\/users\/2"}],"replies":[{"embeddable":true,"href":"https:\/\/www.europesays.com\/fr\/wp-json\/wp\/v2\/comments?post=278499"}],"version-history":[{"count":0,"href":"https:\/\/www.europesays.com\/fr\/wp-json\/wp\/v2\/posts\/278499\/revisions"}],"wp:featuredmedia":[{"embeddable":true,"href":"https:\/\/www.europesays.com\/fr\/wp-json\/wp\/v2\/media\/278500"}],"wp:attachment":[{"href":"https:\/\/www.europesays.com\/fr\/wp-json\/wp\/v2\/media?parent=278499"}],"wp:term":[{"taxonomy":"category","embeddable":true,"href":"https:\/\/www.europesays.com\/fr\/wp-json\/wp\/v2\/categories?post=278499"},{"taxonomy":"post_tag","embeddable":true,"href":"https:\/\/www.europesays.com\/fr\/wp-json\/wp\/v2\/tags?post=278499"}],"curies":[{"name":"wp","href":"https:\/\/api.w.org\/{rel}","templated":true}]}}