{"id":278501,"date":"2025-07-28T00:43:22","date_gmt":"2025-07-28T00:43:22","guid":{"rendered":"https:\/\/www.europesays.com\/fr\/278501\/"},"modified":"2025-07-28T00:43:22","modified_gmt":"2025-07-28T00:43:22","slug":"aimed-et-noah-secret-story-2025-en-panique-a-lapproche-de-la-finale-ils-concluent-un-pacte","status":"publish","type":"post","link":"https:\/\/www.europesays.com\/fr\/278501\/","title":{"rendered":"A\u00efmed et Noah (Secret Story 2025) en panique \u00e0 l&rsquo;approche de la finale, ils concluent un pacte"},"content":{"rendered":"<p>Secret Story approche doucement de sa fin. Apr\u00e8s <a href=\"https:\/\/www.programme-tv.net\/news\/tele-realite\/383779-mayer-revient-sur-son-depart-de-secret-story-2025-la-production-ma-conseille-de-rester-mais\/\" data-api-deeplink=\"teleloisirs:\/\/news\/383779\" target=\"_blank\" rel=\"noopener\">le d\u00e9part inattendu de Mayer<\/a>, le public <a href=\"https:\/\/www.programme-tv.net\/news\/tele-realite\/383861-secret-story-2025-qui-est-le-candidat-elimine-lors-du-prime-ce-jeudi-24-juillet\/\" data-api-deeplink=\"teleloisirs:\/\/news\/383861\" target=\"_blank\" rel=\"noopener\">a scell\u00e9 le sort de Constance aux portes de la demi-finale<\/a>. Ils ne sont d\u00e9sormais plus que cinq candidats en comp\u00e9tition, avec un seul objectif : d\u00e9crocher une place en finale. Alors que le regard des habitants de la Maison des Secrets est tourn\u00e9 vers l&rsquo;ultime \u00e9tape du jeu, La Voix s&rsquo;est montr\u00e9e joueuse en leur annon\u00e7ant qu&rsquo;<a href=\"https:\/\/www.programme-tv.net\/news\/tele-realite\/383985-secret-story-2025-voici-le-resume-du-prime-de-ce-jeudi-24-juillet\/\" data-api-deeplink=\"teleloisirs:\/\/news\/383985\" target=\"_blank\" rel=\"noopener\">une place en finale serait accord\u00e9e \u00e0 celui ou celle qui percera le secret de la Maison<\/a>. De quoi faire monter la tension d&rsquo;un cran ! Pr\u00eat \u00e0 tout pour se qualifier en finale, A\u00efmed a trouv\u00e9 une oreille attentive en la personne de Noah. \u00ab\u00a0Il va falloir trouver le secret de la Maison. On se la joue perso ou on se la joue ensemble ?\u00a0\u00bb, a-t-il demand\u00e9 \u00e0 <a href=\"https:\/\/www.programme-tv.net\/news\/tele-realite\/382392-c-est-du-manque-de-respect-anita-secret-story-jalouse-d-une-candidate-qui-se-rapproche-de-son-ex-noah\/\" data-api-deeplink=\"teleloisirs:\/\/news\/382392\" target=\"_blank\" rel=\"noopener\">l&rsquo;ex-compagnon d&rsquo;Anita<\/a>. Une proposition que ce dernier ne pouvait pas refuser. \u00ab\u00a0Je suis chaud. Si c&rsquo;est par \u00e9tape, on se la joue ensemble\u00a0\u00bb, a-t-il d\u00e9clar\u00e9.<\/p>\n<p>                        <b>Secret Story <\/b><b>: A\u00efmed et Noah concluent un pacte pour trouver le Secret de la Maison<\/b><\/p>\n<p>\u00ab\u00a0On fait chacun notre truc, si jamais l&rsquo;autre, il a trouv\u00e9 ou voit l&rsquo;autre en gal\u00e8re, il avance un peu. Mais chacun pour sa gueule\u00a0\u00bb, a pr\u00e9cis\u00e9 <a href=\"https:\/\/www.programme-tv.net\/news\/tele-realite\/383933-il-faut-la-sortir-au-plus-vite-celle-la-aimed-secret-story-devoile-le-nom-de-la-candidate-qu-il-veut-voir-dehors\/\" data-api-deeplink=\"teleloisirs:\/\/news\/383933\" target=\"_blank\" rel=\"noopener\">celui qui voulait voir Anita partir<\/a>, avant d&rsquo;admettre qu&rsquo;une \u00e9limination aux portes de la finale lui faisait \u00ab\u00a0trop peur\u00a0\u00bb. Un sentiment partag\u00e9 par son fid\u00e8le alli\u00e9 : \u00ab\u00a0J&rsquo;ai trop peur, je te jure, je suis en stress total\u00a0\u00bb. \u00ab\u00a0Le SAS, la demi-finale, j&rsquo;en ai trop peur\u00a0\u00bb, a poursuivi A\u00efmed. Avant de rappeler \u00e0 son ami que tout se jouait d\u00e9sormais entre eux et les trois autres demi-finalistes : \u00ab\u00a0Il faut que je trouve ce truc-l\u00e0, ce n&rsquo;est pas possible. J&rsquo;ai confiance \u00e0 25 000% avec toi. C&rsquo;est pour \u00e7a que j&rsquo;ai peur pour la finale. Je ne veux pas qu&rsquo;on se la mette \u00e0 l&rsquo;envers. Je vais te dire la v\u00e9rit\u00e9, c&rsquo;est nous contre eux. S&rsquo;il faut donner des fausses informations, on donne. S&rsquo;il faut brouiller les pistes, on brouille. La finale, la place en finale, il faut la m\u00e9riter. C&rsquo;est idiot parce que c&rsquo;est Romy, c&rsquo;est Ethan, Anita&#8230; On n&rsquo;a pas envie de leur mettre \u00e0 l&rsquo;envers. Mais l\u00e0, c&rsquo;est clairement soit nous, soit eux. Et m\u00eame entre toi et moi, il n&rsquo;y en aura qu&rsquo;un. Donc toi et moi, on ne se la met pas \u00e0 l&rsquo;envers, \u00e7a, c&rsquo;est s\u00fbr. On s&rsquo;aide et apr\u00e8s, \u00e0 la fin, c&rsquo;est chacun pour soi. Mais eux, on est oblig\u00e9s. Parce que eux, ils ne vont pas nous louper, s&rsquo;ils veulent nous la mettre \u00e0 l&rsquo;envers, ils le feront\u00a0\u00bb.<\/p>\n<p>            <b>\u00ab\u00a0Je veux toucher un confetti de cette finale\u00a0\u00bb<\/b><b> : A\u00efmed veut absolument faire partie du carr\u00e9 final de la saison 13 de <\/b><b>Secret Story<\/b><b> <\/b><\/p>\n<p>Si A\u00efmed a d\u00e9cid\u00e9 de s&rsquo;inscrire \u00e0 la saison 13 de Secret Story, c&rsquo;est avant tout pour faire partie du carr\u00e9 final, et il n&rsquo;a pas manqu\u00e9 de le rappeler \u00e0 Noah. \u00ab\u00a0Je fais Secret Story pour \u00eatre dans la finale de Secret Story. D&rsquo;\u00eatre sous les confettis. Je l&rsquo;ai dit du d\u00e9but jusqu&rsquo;\u00e0 la fin. Moi, je veux toucher un confetti de cette finale. C&rsquo;est le confetti qui me titille, en fait\u00a0\u00bb.<\/p>\n<blockquote class=\"instagram-media\" data-instgrm-captioned=\"\" data-instgrm-permalink=\"https:\/\/www.instagram.com\/reel\/DMmvzMvsnx3\/?utm_source=ig_embed&amp;utm_campaign=loading\" data-instgrm-version=\"14\" style=\" background:#FFF; border:0; border-radius:3px; box-shadow:0 0 1px 0 rgba(0,0,0,0.5),0 1px 10px 0 rgba(0,0,0,0.15); margin: 1px; max-width:658px; min-width:326px; padding:0; width:99.375%; width:-webkit-calc(100% - 2px); width:calc(100% - 2px);\"\/>\n<p>Article \u00e9crit en collaboration avec 6M\u00e9dias<\/p>\n<p>    <script async src=\"\/\/www.instagram.com\/embed.js\"><\/script><\/p>\n","protected":false},"excerpt":{"rendered":"Secret Story approche doucement de sa fin. Apr\u00e8s le d\u00e9part inattendu de Mayer, le public a scell\u00e9 le&hellip;\n","protected":false},"author":2,"featured_media":278502,"comment_status":"","ping_status":"","sticky":false,"template":"","format":"standard","meta":{"footnotes":""},"categories":[1356],"tags":[33339,244,58,59,1011,27,41791,37473,37469,37470,37471,37472,40413,29901,37474,39375,37468,252,2175,1364],"class_list":{"0":"post-278501","1":"post","2":"type-post","3":"status-publish","4":"format-standard","5":"has-post-thumbnail","7":"category-television","8":"tag-au00efmed-secret-story-13","9":"tag-commentaire","10":"tag-divertissement","11":"tag-entertainment","12":"tag-fr","13":"tag-france","14":"tag-la-quotidienne","15":"tag-la-quotidienne-1099514145","16":"tag-la-quotidienne-1099539196","17":"tag-la-quotidienne-1099553915","18":"tag-la-quotidienne-1099565530","19":"tag-la-quotidienne-1099565538","20":"tag-noah-secret-story-13","21":"tag-secret-story","22":"tag-secret-story-1099553929","23":"tag-secret-story-1099644188","24":"tag-secret-story-40318845","25":"tag-television","26":"tag-tl-story","27":"tag-tv"},"share_on_mastodon":{"url":"https:\/\/pubeurope.com\/@fr\/114928091539081797","error":""},"_links":{"self":[{"href":"https:\/\/www.europesays.com\/fr\/wp-json\/wp\/v2\/posts\/278501","targetHints":{"allow":["GET"]}}],"collection":[{"href":"https:\/\/www.europesays.com\/fr\/wp-json\/wp\/v2\/posts"}],"about":[{"href":"https:\/\/www.europesays.com\/fr\/wp-json\/wp\/v2\/types\/post"}],"author":[{"embeddable":true,"href":"https:\/\/www.europesays.com\/fr\/wp-json\/wp\/v2\/users\/2"}],"replies":[{"embeddable":true,"href":"https:\/\/www.europesays.com\/fr\/wp-json\/wp\/v2\/comments?post=278501"}],"version-history":[{"count":0,"href":"https:\/\/www.europesays.com\/fr\/wp-json\/wp\/v2\/posts\/278501\/revisions"}],"wp:featuredmedia":[{"embeddable":true,"href":"https:\/\/www.europesays.com\/fr\/wp-json\/wp\/v2\/media\/278502"}],"wp:attachment":[{"href":"https:\/\/www.europesays.com\/fr\/wp-json\/wp\/v2\/media?parent=278501"}],"wp:term":[{"taxonomy":"category","embeddable":true,"href":"https:\/\/www.europesays.com\/fr\/wp-json\/wp\/v2\/categories?post=278501"},{"taxonomy":"post_tag","embeddable":true,"href":"https:\/\/www.europesays.com\/fr\/wp-json\/wp\/v2\/tags?post=278501"}],"curies":[{"name":"wp","href":"https:\/\/api.w.org\/{rel}","templated":true}]}}