{"id":278515,"date":"2025-07-28T00:51:11","date_gmt":"2025-07-28T00:51:11","guid":{"rendered":"https:\/\/www.europesays.com\/fr\/278515\/"},"modified":"2025-07-28T00:51:11","modified_gmt":"2025-07-28T00:51:11","slug":"en-grece-les-pompiers-luttent-depuis-deux-jours-contre-dimpressionnants-incendies","status":"publish","type":"post","link":"https:\/\/www.europesays.com\/fr\/278515\/","title":{"rendered":"En Gr\u00e8ce, les pompiers luttent depuis deux jours contre d\u2019impressionnants incendies"},"content":{"rendered":"<p>        <img decoding=\"async\" loading=\"lazy\" src=\"https:\/\/www.europesays.com\/fr\/wp-content\/uploads\/2025\/07\/1a2086a_upload-1-uqd2ywbagefw-afp-20250726-aa-26072025-2346701-v1-highres-wildfireinkrionerinearathe.jpeg\"  width=\"728\" height=\"409\" alt=\"Des pompiers grecs luttant contre les flammes pr\u00e8s d\u2019Ath\u00e8nes, le 26\u00a0juillet 2025.\"\/>  <\/p>\n<p>COSTAS BALTAS \/ Anadolu via AFP<\/p>\n<p>Des pompiers grecs luttant contre les flammes pr\u00e8s d\u2019Ath\u00e8nes, le 26\u00a0juillet 2025.<\/p>\n<p class=\"asset asset-text\">GR\u00c8CE &#8211; Les incendies faisaient toujours rage en <a href=\"https:\/\/www.huffingtonpost.fr\/environnement\/article\/en-grece-un-record-de-chaleur-avant-la-neige-le-pays-va-connaitre-une-montagne-russe-meteorologique_247540.html\" rel=\"nofollow noopener\" target=\"_blank\">Gr\u00e8ce<\/a> ce dimanche 27\u00a0juillet. Les pompiers poursuivent leur lutte contre les flammes, au deuxi\u00e8me jour de <a href=\"https:\/\/www.huffingtonpost.fr\/international\/article\/des-touristes-evacues-du-grand-canyon-face-a-la-progression-rapide-d-un-feu-de-foret_252518.html\" rel=\"nofollow noopener\" target=\"_blank\">feux de for\u00eats<\/a> ravageurs dans plusieurs r\u00e9gions du pays, attis\u00e9s par les vents et une canicule persistante.<\/p>\n<p class=\"asset asset-text\">Parmi les cinq principaux incendies encore en cours ce dimanche matin, certains \u00e9taient toutefois en recul ou en train d\u2019\u00eatre ma\u00eetris\u00e9s par les pompiers, notamment sur l\u2019\u00eele de Cr\u00e8te. Les flammes continuaient dans la p\u00e9ninsule du P\u00e9loponn\u00e8se dans le sud-ouest de la Gr\u00e8ce, ainsi que sur les \u00eeles d\u2019Eub\u00e9e et de Cyth\u00e8re, o\u00f9 <a href=\"https:\/\/www.huffingtonpost.fr\/france\/article\/pourquoi-la-flotte-de-canadairs-inquiete-en-cette-periode-d-incendies-clx1_252363.html\" rel=\"nofollow noopener\" target=\"_blank\">des avions<\/a> et des h\u00e9licopt\u00e8res ont repris leurs op\u00e9rations d\u00e8s l\u2019aube, selon les pompiers.<\/p>\n<p> La lecture de ce contenu est susceptible d\u2019entra\u00eener un d\u00e9p\u00f4t de cookies de la part de l\u2019op\u00e9rateur tiers qui l\u2019h\u00e9berge. Compte-tenu des choix que vous avez exprim\u00e9s en mati\u00e8re de d\u00e9p\u00f4t de cookies, nous avons bloqu\u00e9 l\u2019affichage de ce contenu. Si vous souhaitez y acc\u00e9der, vous devez accepter la cat\u00e9gorie de cookies \u201cContenus tiers\u201d en cliquant sur le bouton ci-dessous. <\/p>\n<p> Lire la Vid\u00e9o        <\/p>\n<p class=\"asset asset-text\">En d\u00e9but de matin\u00e9e, leur porte-parole, Vassilis Vathrakogiannis, avait pr\u00e9venu que le risque d\u2019incendie restait \u00ab\u00a0tr\u00e8s \u00e9lev\u00e9 sur presque l\u2019ensemble du territoire\u00a0\u00bb. Les vents forts de jusqu\u2019\u00e0 7 Beaufort attendus dans la journ\u00e9e doivent s\u2019att\u00e9nuer ensuite, selon le site meteo.gr de l\u2019Observatoire national d\u2019Ath\u00e8nes. Les diff\u00e9rents incendies et leurs importants panaches de fum\u00e9e \u00e9taient visibles depuis l\u2019espace, <strong>comme l\u2019illustre l\u2019image satellite ci-dessous <\/strong>prise samedi dans l\u2019apr\u00e8s-midi.<\/p>\n<p> La lecture de ce contenu est susceptible d\u2019entra\u00eener un d\u00e9p\u00f4t de cookies de la part de l\u2019op\u00e9rateur tiers qui l\u2019h\u00e9berge. Compte-tenu des choix que vous avez exprim\u00e9s en mati\u00e8re de d\u00e9p\u00f4t de cookies, nous avons bloqu\u00e9 l\u2019affichage de ce contenu. Si vous souhaitez y acc\u00e9der, vous devez accepter la cat\u00e9gorie de cookies \u201cContenus tiers\u201d en cliquant sur le bouton ci-dessous. <\/p>\n<p> Lire la Vid\u00e9o        \u00ab\u00a0Des dizaines d\u2019incendies\u00a0\u00bb    <\/p>\n<p class=\"asset asset-text\">La vague de chaleur intense, qui s\u00e9vit dans le pays m\u00e9diterran\u00e9en coutumier des temp\u00e9ratures \u00e9lev\u00e9es estivales, devrait en outre marquer le pas \u00e0 partir de lundi avec des maximales attendues \u00e0 39\u00a0\u00b0C localement. Ce dimanche, la temp\u00e9rature maximum a \u00e9t\u00e9 de 41,8\u00a0\u00b0C \u00e0 Kranidi, dans le P\u00e9loponn\u00e8se, dans un pays en proie \u00e0 une canicule pour le septi\u00e8me jour cons\u00e9cutif.<\/p>\n<p class=\"asset asset-text\">Pointant du doigt \u00ab\u00a0l\u2019aggravation de la crise environnementale\u00a0\u00bb, le Premier ministre Kyriakos Mitsotakis a soulign\u00e9 la \u00ab\u00a0bataille titanesque\u00a0\u00bb que les pompiers grecs ont d\u00fb livrer \u00ab\u00a0face \u00e0 des dizaines d\u2019<a href=\"https:\/\/www.huffingtonpost.fr\/faits-divers\/video\/un-violent-incendie-pres-de-bercy-a-paris-endommage-un-immeuble-dans-le-xiie-arrondissement_252627.html\" rel=\"nofollow noopener\" target=\"_blank\">incendies<\/a>\u00a0\u00bb. \u00ab\u00a0La lutte continue avec tous les moyens disponibles\u00a0\u00bb, a-t-il ajout\u00e9 sur les r\u00e9seaux sociaux.<\/p>\n<p class=\"asset asset-text\">L\u2019\u00eele de Cyth\u00e8re, au large du P\u00e9loponn\u00e8se, fait face \u00e0 \u00ab\u00a0une \u00e9norme catastrophe\u00a0\u00bb, selon la cha\u00eene publique ERT. L\u2019incendie faisait toujours rage ce dimanche apr\u00e8s-midi, mais sur des fronts plus petits, a pr\u00e9cis\u00e9 la cha\u00eene. \u00ab\u00a0Des maisons, des ruches, des oliviers ont \u00e9t\u00e9 br\u00fbl\u00e9s\u00a0\u00bb, a expliqu\u00e9 \u00e0 ERT Giorgos Komninos, le maire adjoint de Cyth\u00e8re. \u00ab\u00a0Un monast\u00e8re est actuellement en danger\u00a0\u00bb, a-t-il ajout\u00e9.<\/p>\n<p class=\"asset asset-text\">Pr\u00e8s de 70 pompiers soutenus par des b\u00e9n\u00e9voles, trois h\u00e9licopt\u00e8res et deux avions combattaient l\u2019incendie sur cette \u00eele, qui a entra\u00een\u00e9 samedi l\u2019\u00e9vacuation d\u2019une plage touristique. Les autorit\u00e9s locales ont demand\u00e9 que l\u2019\u00e9tat d\u2019urgence soit d\u00e9clar\u00e9 afin que les m\u00e9canismes d\u2019aide puissent \u00eatre d\u00e9clench\u00e9s sur l\u2019\u00eele de 3\u00a0600 habitants pris\u00e9e des touristes.<\/p>\n<p class=\"asset asset-text\">En Cr\u00e8te, destination tr\u00e8s touristique, alors que l\u2019\u00e9t\u00e9 bat son plein, les pompiers ont ma\u00eetris\u00e9 l\u2019incendie \u00e0 La Can\u00e9e, selon l\u2019agence de presse grecque ANA.<\/p>\n<p>    L\u2019UE appel\u00e9e \u00e0 la rescousse    <\/p>\n<p class=\"asset asset-text\">Plusieurs r\u00e9gions dont celle d\u2019<a href=\"https:\/\/www.huffingtonpost.fr\/international\/article\/cette-publicite-d-adidas-utilisant-l-acropole-ne-plait-pas-a-la-grece-qui-va-porter-plainte_250143.html\" rel=\"nofollow noopener\" target=\"_blank\">Ath\u00e8nes<\/a>, la Cr\u00e8te et une grande partie du P\u00e9loponn\u00e8se sont maintenues en vigilance orange pour lundi en raison du risque encore \u00ab\u00a0tr\u00e8s \u00e9lev\u00e9\u00a0\u00bb d\u2019incendies, selon les pompiers. Ces derniers ont r\u00e9p\u00e9t\u00e9 qu\u2019en cas de d\u00e9part de feu, il \u00e9tait \u00ab\u00a0imp\u00e9ratif de suivre les instructions pour la s\u00e9curit\u00e9 de tous\u00a0\u00bb.<\/p>\n<p class=\"asset asset-text\">Samedi, \u00e0 30\u00a0kilom\u00e8tres au nord d\u2019Ath\u00e8nes, un feu a fait rage, entra\u00eenant dommages et destructions avant d\u2019\u00eatre ma\u00eetris\u00e9. \u00ab\u00a0Le vent \u00e9tait trop fort. Le brasier nous a encercl\u00e9s\u00a0\u00bb, a expliqu\u00e9 \u00e0 l\u2019AFP Petros Avramopoulos, un comptable. Samedi, la temp\u00e9rature la plus \u00e9lev\u00e9e en Gr\u00e8ce, 45,2\u00a0\u00b0C, a \u00e9t\u00e9 enregistr\u00e9e dans l\u2019ouest. Depuis lundi dernier, l\u2019ensemble du pays est frapp\u00e9 par une canicule qui a fait monter le thermom\u00e8tre jusqu\u2019\u00e0 45,8\u00a0\u00b0C vendredi localement et \u00e0 42\u00a0\u00b0C \u00e0 Ath\u00e8nes.<\/p>\n<p class=\"asset asset-text\">Sur l\u2019\u00eele d\u2019Eub\u00e9e, pr\u00e8s de la capitale, des flammes ont r\u00e9duit en cendres des milliers d\u2019hectares de for\u00eat et des milliers de t\u00eates de b\u00e9tail ont \u00e9t\u00e9 perdues quand le feu a atteint des fermes et des \u00e9levages dispers\u00e9s. Cinq pompiers ont \u00e9t\u00e9 hospitalis\u00e9s samedi. Dans certaines zones priv\u00e9es de courant depuis samedi, des \u00e9quipes ont commenc\u00e9 \u00e0 r\u00e9parer les graves dommages subis par le r\u00e9seau d\u2019\u00e9lectricit\u00e9.<\/p>\n<p class=\"asset asset-text\">La Gr\u00e8ce a demand\u00e9 l\u2019aide de l\u2019Union europ\u00e9enne pour faire face aux flammes avec six avions de lutte contre les incendies, via le programme europ\u00e9en de partage de ressources (RescEU). Deux avions italiens \u00e9taient attendus ce dimanche tandis que des unit\u00e9s sp\u00e9cialis\u00e9es dans ce domaine de la R\u00e9publique tch\u00e8que sont d\u00e9j\u00e0 en action.<\/p>\n","protected":false},"excerpt":{"rendered":"COSTAS BALTAS \/ Anadolu via AFP Des pompiers grecs luttant contre les flammes pr\u00e8s d\u2019Ath\u00e8nes, le 26\u00a0juillet 2025.&hellip;\n","protected":false},"author":2,"featured_media":278516,"comment_status":"","ping_status":"","sticky":false,"template":"","format":"standard","meta":{"footnotes":""},"categories":[5],"tags":[11,436,27571,1011,27,8906,1310,14,12,28],"class_list":{"0":"post-278515","1":"post","2":"type-post","3":"status-publish","4":"format-standard","5":"has-post-thumbnail","7":"category-international","8":"tag-actualites","9":"tag-environnement","10":"tag-feux-de-foret","11":"tag-fr","12":"tag-france","13":"tag-grece","14":"tag-incendie","15":"tag-international","16":"tag-news","17":"tag-world"},"share_on_mastodon":{"url":"https:\/\/pubeurope.com\/@fr\/114928122842316590","error":""},"_links":{"self":[{"href":"https:\/\/www.europesays.com\/fr\/wp-json\/wp\/v2\/posts\/278515","targetHints":{"allow":["GET"]}}],"collection":[{"href":"https:\/\/www.europesays.com\/fr\/wp-json\/wp\/v2\/posts"}],"about":[{"href":"https:\/\/www.europesays.com\/fr\/wp-json\/wp\/v2\/types\/post"}],"author":[{"embeddable":true,"href":"https:\/\/www.europesays.com\/fr\/wp-json\/wp\/v2\/users\/2"}],"replies":[{"embeddable":true,"href":"https:\/\/www.europesays.com\/fr\/wp-json\/wp\/v2\/comments?post=278515"}],"version-history":[{"count":0,"href":"https:\/\/www.europesays.com\/fr\/wp-json\/wp\/v2\/posts\/278515\/revisions"}],"wp:featuredmedia":[{"embeddable":true,"href":"https:\/\/www.europesays.com\/fr\/wp-json\/wp\/v2\/media\/278516"}],"wp:attachment":[{"href":"https:\/\/www.europesays.com\/fr\/wp-json\/wp\/v2\/media?parent=278515"}],"wp:term":[{"taxonomy":"category","embeddable":true,"href":"https:\/\/www.europesays.com\/fr\/wp-json\/wp\/v2\/categories?post=278515"},{"taxonomy":"post_tag","embeddable":true,"href":"https:\/\/www.europesays.com\/fr\/wp-json\/wp\/v2\/tags?post=278515"}],"curies":[{"name":"wp","href":"https:\/\/api.w.org\/{rel}","templated":true}]}}