{"id":278519,"date":"2025-07-28T00:53:11","date_gmt":"2025-07-28T00:53:11","guid":{"rendered":"https:\/\/www.europesays.com\/fr\/278519\/"},"modified":"2025-07-28T00:53:11","modified_gmt":"2025-07-28T00:53:11","slug":"le-physique-et-le-mental-ne-suivaient-plus-marie-morgane-le-deunff-eliminee-a-larrivee-de-la-deuxieme-etape-du-tour-de-france-femmes","status":"publish","type":"post","link":"https:\/\/www.europesays.com\/fr\/278519\/","title":{"rendered":"\u00ab\u00a0Le physique et le mental ne suivaient plus\u2026\u00a0\u00bb Marie-Morgane Le Deunff \u00e9limin\u00e9e \u00e0 l\u2019arriv\u00e9e de la deuxi\u00e8me \u00e9tape du Tour de France femmes"},"content":{"rendered":"<p>Votre Tour de France prend finalement fin d\u00e8s la 2e \u00e9tape\u2026<\/p>\n<p>Les <a href=\"https:\/\/www.letelegramme.fr\/sports\/cyclisme\/tour-de-france\/lincroyable-week-end-de-marie-morgane-le-deunff-appelee-de-derniere-minute-sur-le-tour-de-france-femmes-6862166.php\" target=\"_blank\" rel=\"noopener\">circonstances de mon arriv\u00e9e<\/a> sur ce Tour de France m\u2019ont sans doute co\u00fbt\u00e9 du jus. Du coup, le physique et le mental ne suivaient plus. Je n\u2019avais pas de sensation aujourd\u2019hui. Je ne me sentais pas bien.<\/p>\n<p>En passant la ligne d\u2019arriv\u00e9e, vous saviez que vous \u00e9tiez <a href=\"https:\/\/www.letelegramme.fr\/sports\/cyclisme\/tour-de-france\/marie-morgane-le-deunff-et-trois-autres-coureuses-hors-delais-a-larrivee-de-la-deuxieme-etape-du-tour-de-france-femmes-6862522.php\" target=\"_blank\" rel=\"noopener\">hors-d\u00e9lais<\/a> ?<\/p>\n<p>Non. \u00c0 un moment donn\u00e9, on m\u2019a dit que j\u2019avais onze minutes pour rentrer dans les d\u00e9lais. Je pensais que \u00e7a allait le faire. Je me suis battue pour. Mon directeur sportif m\u2019a finalement dit que \u00e7a n\u2019\u00e9tait pas pass\u00e9.<\/p>\n<p>Vous vous \u00eates retrouv\u00e9e l\u00e2ch\u00e9e du peloton rapidement ?<\/p>\n<p>En fait, j\u2019ai perdu mes bidons apr\u00e8s une trentaine de kilom\u00e8tres de course environ. Avec une coll\u00e8gue, je suis descendue \u00e0 la voiture (de son \u00e9quipe Winspace) pour en chercher. Et malheureusement, je n\u2019ai jamais revu le peloton. J\u2019\u00e9tais mal plac\u00e9e, j\u2019ai fait des efforts inutiles, je n\u2019ai jamais r\u00e9ussi \u00e0 rentrer. J\u2019esp\u00e9rais basculer dans un groupe au sommet du Menez Quelerc\u2019h. Mais \u00e7a roulait trop vite, \u00e7a ne l\u2019a pas fait. J\u2019\u00e9tais \u00e0 fond\u2026 J\u2019ai d\u00fb faire 70 kilom\u00e8tres toute seule.<\/p>\n<p>\u00c0 quoi pensiez-vous dans ces moments-l\u00e0 ?<\/p>\n<p>D\u2019un c\u00f4t\u00e9, je me disais que si je terminais <a href=\"https:\/\/www.letelegramme.fr\/sports\/cyclisme\/tour-de-france\/marie-morgane-le-deunff-et-trois-autres-coureuses-hors-delais-a-larrivee-de-la-deuxieme-etape-du-tour-de-france-femmes-6862522.php\" target=\"_blank\" rel=\"noopener\">hors d\u00e9lais<\/a>, ce n\u2019\u00e9tait pas tr\u00e8s grave dans la mesure o\u00f9 je n\u2019\u00e9tais pas pr\u00e9vue au d\u00e9part de ce Tour de France. Je me disais donc d\u2019essayer de profiter, de prendre du plaisir avec le public breton qui \u00e9tait incroyable. D\u2019un autre c\u00f4t\u00e9, j\u2019avais aussi les boules d\u2019arriver hors d\u00e9lais puisque les \u00e9tapes de lundi et mardi, plus plates, me correspondaient davantage. Malheureusement, en r\u00e8gle g\u00e9n\u00e9rale, j\u2019ai toujours du mal \u00e0 encha\u00eener le deuxi\u00e8me jour de course. Je ne sais pas pourquoi. De toute fa\u00e7on, depuis un an et demi, c\u2019est comme \u00e7a : un jour \u00e7a va, le lendemain, \u00e7a ne va pas. \u00c0 Plumelec, samedi, \u00e7a n\u2019allait pas trop mal ; aujourd\u2019hui, \u00e7a n\u2019allait pas.<\/p>\n<p>Comment l\u2019expliquez-vous ?<\/p>\n<p>Franchement, je ne sais pas. J\u2019ai coup\u00e9 cinq jours avant de venir \u00e0 Vannes, cinq jours sans v\u00e9lo, peut-\u00eatre que la reprise est trop violente. En fait, je n\u2019ai pas vraiment d\u2019explication, je me dois de r\u00e9gler \u00e7a. Je fais tout bien s\u00fbr la nutrition, je fais tout bien \u00e0 c\u00f4t\u00e9 du v\u00e9lo mais il y a quelque chose qui ne va pas. C\u2019est comme si je ne r\u00e9cup\u00e9rais pas des efforts lactiques. On m\u2019a parl\u00e9 du \u00ab syndrome de Gilbert \u00bb, quelque chose de b\u00e9nin apparemment. Je vais passer des tests. J\u2019esp\u00e8re que \u00e7a va s\u2019arranger. Pour l\u2019instant, je n\u2019ai pas de contrat pour l\u2019an prochain, j\u2019ai vraiment envie de continuer ma carri\u00e8re.<\/p>\n<p>Comment vivez-vous ce nouvel ascenseur \u00e9motionnel ?<\/p>\n<p>C\u2018est un peu dur\u2026 Je reste une comp\u00e9titrice, j\u2019aurais bien aim\u00e9 prendre le d\u00e9part demain (de La Gacilly). D\u2019un autre c\u00f4t\u00e9, pfff\u2026 Je suis heureuse d\u2019avoir partag\u00e9 ces deux journ\u00e9es avec ma famille, j\u2019aurais juste aim\u00e9 continuer. M\u00eame sans pr\u00e9paration optimale, je pense que j\u2019avais les moyens d\u2019aller jusqu\u2019aux \u00e9tapes de montagne. Apr\u00e8s, si c\u2019est pour batailler toute seule sur mon v\u00e9lo, est-ce que cela m\u2019aurait rendu service\u2026 Sinc\u00e8rement, je ne sais pas.<\/p>\n<p>Quand vous reverra-t-on sur le v\u00e9lo ?<\/p>\n<p>Sur le Kreiz Breizh (le 28 ao\u00fbt) et \u00e0 Plouay (le 30). \u00c0 la maison. Je ne quitte plus la Bretagne, en somme (sourires).<\/p>\n","protected":false},"excerpt":{"rendered":"Votre Tour de France prend finalement fin d\u00e8s la 2e \u00e9tape\u2026 Les circonstances de mon arriv\u00e9e sur ce&hellip;\n","protected":false},"author":2,"featured_media":278520,"comment_status":"","ping_status":"","sticky":false,"template":"","format":"standard","meta":{"footnotes":""},"categories":[2],"tags":[11,11097,3166,1011,27,41792,2131,12,60,210,11098],"class_list":{"0":"post-278519","1":"post","2":"type-post","3":"status-publish","4":"format-standard","5":"has-post-thumbnail","7":"category-actualites","8":"tag-actualites","9":"tag-cyclisme-feminin","10":"tag-en-continu-sports","11":"tag-fr","12":"tag-france","13":"tag-guerlesquin","14":"tag-morlaix","15":"tag-news","16":"tag-sports","17":"tag-tour-de-france","18":"tag-tour-de-france-femmes"},"share_on_mastodon":{"url":"https:\/\/pubeurope.com\/@fr\/114928130653091834","error":""},"_links":{"self":[{"href":"https:\/\/www.europesays.com\/fr\/wp-json\/wp\/v2\/posts\/278519","targetHints":{"allow":["GET"]}}],"collection":[{"href":"https:\/\/www.europesays.com\/fr\/wp-json\/wp\/v2\/posts"}],"about":[{"href":"https:\/\/www.europesays.com\/fr\/wp-json\/wp\/v2\/types\/post"}],"author":[{"embeddable":true,"href":"https:\/\/www.europesays.com\/fr\/wp-json\/wp\/v2\/users\/2"}],"replies":[{"embeddable":true,"href":"https:\/\/www.europesays.com\/fr\/wp-json\/wp\/v2\/comments?post=278519"}],"version-history":[{"count":0,"href":"https:\/\/www.europesays.com\/fr\/wp-json\/wp\/v2\/posts\/278519\/revisions"}],"wp:featuredmedia":[{"embeddable":true,"href":"https:\/\/www.europesays.com\/fr\/wp-json\/wp\/v2\/media\/278520"}],"wp:attachment":[{"href":"https:\/\/www.europesays.com\/fr\/wp-json\/wp\/v2\/media?parent=278519"}],"wp:term":[{"taxonomy":"category","embeddable":true,"href":"https:\/\/www.europesays.com\/fr\/wp-json\/wp\/v2\/categories?post=278519"},{"taxonomy":"post_tag","embeddable":true,"href":"https:\/\/www.europesays.com\/fr\/wp-json\/wp\/v2\/tags?post=278519"}],"curies":[{"name":"wp","href":"https:\/\/api.w.org\/{rel}","templated":true}]}}