{"id":27853,"date":"2025-04-15T23:25:14","date_gmt":"2025-04-15T23:25:14","guid":{"rendered":"https:\/\/www.europesays.com\/fr\/27853\/"},"modified":"2025-04-15T23:25:14","modified_gmt":"2025-04-15T23:25:14","slug":"edito-quand-la-france-seveillera","status":"publish","type":"post","link":"https:\/\/www.europesays.com\/fr\/27853\/","title":{"rendered":"[\u00c9dito] Quand la France s\u2019\u00e9veillera"},"content":{"rendered":"<p>La France est en danger. Finances d\u00e9sastreuses. Industrie, commerce ext\u00e9rieur \u00e0 la remorque. Endettement l\u00e9tal. Les Fran\u00e7ais se demandent si Fran\u00e7ois Bayrou passera l\u2019\u00e9t\u00e9. Ils ne consomment pas assez. \u00c9pargnent trop. Et, comme les entreprises, sonn\u00e9es par le tsunami Trump, ont perdu confiance. Le Dr Bayrou fait le bon diagnostic\u00a0: \u00e7a ne peut plus continuer ou gare \u00e0 la tornade. C\u2019est bien de le dire. Y rem\u00e9dier sans majorit\u00e9 rel\u00e8ve du v\u0153u pieux. <\/p>\n<p>Fin 2007, Fran\u00e7ois Fillon se disait \u00e0 la t\u00eate d\u2019un pays au bord de la faillite. Dix ans plus tard, Emmanuel Macron promettait le grand chambardement, une France start-up nation comp\u00e9titive. Prosp\u00e8re. Baign\u00e9 dans sa torpeur, sa protection sociale unique, son insouciance d\u2019adolescent attard\u00e9, le pays, h\u00e9las, s\u2019est enfonc\u00e9. Impossible d\u2019\u00e9luder le d\u00e9ni fran\u00e7ais, fait de facilit\u00e9, d\u2019argent magique, de d\u00e9ficits \u00e0 cr\u00e9dit, d\u2019assistanat social dont le \u00ab\u00a0quoi qu\u2019il en co\u00fbte\u00a0\u00bb fut le point d\u2019orgue. Pi\u00e8tres RH, nos dirigeants ont tourn\u00e9 le dos \u00e0 une conduite du changement que se sont inflig\u00e9s la Gr\u00e8ce, le Portugal, l\u2019Espagne, l\u2019Italie.<\/p>\n<blockquote><p>La France reste le pays le plus mal g\u00e9r\u00e9 d\u2019Europe. Sa classe politique est impuissante \u00e0 d\u00e9gager 40 milliards d\u2019\u00e9conomies sur pr\u00e8s de 1\u00a0600 milliards de d\u00e9penses.<\/p><\/blockquote>\n<p>La France reste le pays le plus mal g\u00e9r\u00e9 d\u2019Europe. Sa classe politique est impuissante \u00e0 d\u00e9gager 40 milliards d\u2019\u00e9conomies sur pr\u00e8s de 1\u00a0600 milliards de d\u00e9penses. Pas assez de quantit\u00e9 de travail, recul de l\u2019industrie, d\u00e9crochage de la comp\u00e9titivit\u00e9 : c\u2019est chez nous un mal chronique, auquel s\u2019ajoute une d\u00e9pense publique record mais improductive. Et des pr\u00e9l\u00e8vements et charges trop lourds pesant sur la production. Ramener la retraite \u00e0 62 ans, relever les imp\u00f4ts pour combler les d\u00e9ficits, c\u2019est tout simplement hors sol\u00a0! La crise obligataire qui a oblig\u00e9 Trump \u00e0 faire volte-face sur les droits de douane est \u00e0 m\u00e9diter. Aucun pays n\u2019est immunis\u00e9 contre trop de dettes. Les Fran\u00e7ais doivent vite ouvrir les yeux.<\/p>\n","protected":false},"excerpt":{"rendered":"La France est en danger. Finances d\u00e9sastreuses. Industrie, commerce ext\u00e9rieur \u00e0 la remorque. Endettement l\u00e9tal. Les Fran\u00e7ais se&hellip;\n","protected":false},"author":2,"featured_media":27854,"comment_status":"","ping_status":"","sticky":false,"template":"","format":"standard","meta":{"footnotes":""},"categories":[4],"tags":[11,1003,9467,1011,27,12,1427,316,25],"class_list":{"0":"post-27853","1":"post","2":"type-post","3":"status-publish","4":"format-standard","5":"has-post-thumbnail","7":"category-france","8":"tag-actualites","9":"tag-budget","10":"tag-finances","11":"tag-fr","12":"tag-france","13":"tag-news","14":"tag-opinions","15":"tag-politique","16":"tag-republique-francaise"},"share_on_mastodon":{"url":"https:\/\/pubeurope.com\/@fr\/114344566660162691","error":""},"_links":{"self":[{"href":"https:\/\/www.europesays.com\/fr\/wp-json\/wp\/v2\/posts\/27853","targetHints":{"allow":["GET"]}}],"collection":[{"href":"https:\/\/www.europesays.com\/fr\/wp-json\/wp\/v2\/posts"}],"about":[{"href":"https:\/\/www.europesays.com\/fr\/wp-json\/wp\/v2\/types\/post"}],"author":[{"embeddable":true,"href":"https:\/\/www.europesays.com\/fr\/wp-json\/wp\/v2\/users\/2"}],"replies":[{"embeddable":true,"href":"https:\/\/www.europesays.com\/fr\/wp-json\/wp\/v2\/comments?post=27853"}],"version-history":[{"count":0,"href":"https:\/\/www.europesays.com\/fr\/wp-json\/wp\/v2\/posts\/27853\/revisions"}],"wp:featuredmedia":[{"embeddable":true,"href":"https:\/\/www.europesays.com\/fr\/wp-json\/wp\/v2\/media\/27854"}],"wp:attachment":[{"href":"https:\/\/www.europesays.com\/fr\/wp-json\/wp\/v2\/media?parent=27853"}],"wp:term":[{"taxonomy":"category","embeddable":true,"href":"https:\/\/www.europesays.com\/fr\/wp-json\/wp\/v2\/categories?post=27853"},{"taxonomy":"post_tag","embeddable":true,"href":"https:\/\/www.europesays.com\/fr\/wp-json\/wp\/v2\/tags?post=27853"}],"curies":[{"name":"wp","href":"https:\/\/api.w.org\/{rel}","templated":true}]}}