{"id":278532,"date":"2025-07-28T01:07:32","date_gmt":"2025-07-28T01:07:32","guid":{"rendered":"https:\/\/www.europesays.com\/fr\/278532\/"},"modified":"2025-07-28T01:07:32","modified_gmt":"2025-07-28T01:07:32","slug":"les-bons-plans-max-radio-du-28-07-au-03-08","status":"publish","type":"post","link":"https:\/\/www.europesays.com\/fr\/278532\/","title":{"rendered":"Les Bons Plans Max Radio du 28\/07 au 03\/08"},"content":{"rendered":"<p>Chaque semaine, retrouvez les meilleurs bons plans de Grenoble et Chamb\u00e9ry ! <br \/>Que vous soyez \u00e0 la recherche d&rsquo;activit\u00e9s, de sorties, d&rsquo;\u00e9v\u00e9nements ou de bonnes adresses, nous vous partageons tout ce qu&rsquo;il ne faut pas manquer.<\/p>\n<p>Les Bons Plans \u00e0 Grenoble :<\/p>\n<p> <b>Rendez-vous : jusqu&rsquo;au 27 ao\u00fbt, \u00e0 la Com\u00e9die de Grenoble.<\/b><\/p>\n<p>Pour se reconnecter \u00e0 l&rsquo;ado qui est en vous et \u00e0 celui qui est \u00e0 c\u00f4t\u00e9 de vous.<\/p>\n<p>Pour renouer avec son enfant, Frederic va tenter l&rsquo;aventure Twitch : une plateforme de streaming o\u00f9 son ado, Gabriel, a l&rsquo;habitude de pr\u00e9senter ses sessions de jeux vid\u00e9o en direct. Mais entre l&rsquo;incompr\u00e9hension du langage d&rsquo;Internet, les commentaires moqueurs des spectateurs et son manque de dext\u00e9rit\u00e9 \u00e0 la manette, Fred va d\u00e9couvrir que l&rsquo;ado qu&rsquo;il\/elle \u00e9tait hier encore a bien du mal \u00e0 se connecter \u00e0 son ado d&rsquo;aujourd&rsquo;hui.<br \/>Une com\u00e9die tendre et d\u00e9jant\u00e9e sur le choc des g\u00e9n\u00e9rations, o\u00f9 l&rsquo;amour familial trouve un nouvel \u00e9cho avec les technologies modernes.<\/p>\n<p><a class=\"url\" href=\"https:\/\/www.grenoble-tourisme.com\/fr\/decouvrir\/evenements\/agenda\/detail\/ado-d-hier-et-d-aujoud-hui-7333740\/\" target=\"_blank\" rel=\"nofollow noopener\">En savoir plus.<\/a><\/p>\n<tr>\n<td class=\"defaut\"><a href=\"https:\/\/www.radioscoop.com\/agenda\/javascript:void(0)\" onclick=\"parent.RS.diaporama.addMedia(701729) ;\" rel=\"nofollow noopener\" target=\"_blank\"><img loading=\"lazy\" decoding=\"async\" src=\"https:\/\/www.europesays.com\/fr\/wp-content\/uploads\/2025\/07\/1753664847_264_img\" width=\"457\" height=\"640\" border=\"0\" title=\"vhfhjzeb\"\/><\/a><\/td>\n<\/tr>\n<p> <b>Rendez-vous : le 30 juillet, \u00e0 10h30, \u00e0 la Com\u00e9die des Alpes.<\/b><\/p>\n<p>La Robe de Valentine est pleine de poches , de cachettes, d&rsquo;objets insolites et de doudous qui apparaissent et disparaissent.<\/p>\n<p>La robe de Valentine c&rsquo;est son terrain de jeux. La Robe de Valentine elle se transforme, s&rsquo;\u00e9tire, et se d\u00e9voile pour le plus grand \u00e9tonnement des petits et des grands.<br \/>Valentine en a marre : toute la journ\u00e9e elle ne voit que des souliers et des pieds sales ! Alors elle d\u00e9cide de se lever, mais toute seule ! Et l\u00e0 tout l\u00e0 haut, un biscuit l&rsquo;attire&#8230;<\/p>\n<p><a class=\"url\" href=\"https:\/\/www.grenoble-tourisme.com\/fr\/decouvrir\/evenements\/agenda\/detail\/la-robe-a-histoires-6777065\/\" target=\"_blank\" rel=\"nofollow noopener\">En savoir plus.<\/a><\/p>\n<tr>\n<td class=\"defaut\"><a href=\"https:\/\/www.radioscoop.com\/agenda\/javascript:void(0)\" onclick=\"parent.RS.diaporama.addMedia(701734) ;\" rel=\"nofollow noopener\" target=\"_blank\"><img loading=\"lazy\" decoding=\"async\" src=\"https:\/\/www.europesays.com\/fr\/wp-content\/uploads\/2025\/07\/1753664849_232_img\" width=\"452\" height=\"640\" border=\"0\" title=\"fbzbh\"\/><\/a><\/td>\n<\/tr>\n<p> <b>Rendez-vous : chaque dernier jeudi du mois, de 21h30 \u00e0 22h30 au Da Vinci Club.<\/b><\/p>\n<p>En partenariat avec Bars de rire, le Da Vinci Club se transforme en Da Vinci Comedy Club !!! 1 h de rire garantie avec 3 humoristes confirm\u00e9s venant de toute la France !!!<\/p>\n<p>Habitu\u00e9 davantage aux soir\u00e9es dansantes, le Da Vinci Club se pr\u00eate parfaitement pour une soir\u00e9e de stand up avec son ambiance cosy et son identit\u00e9 marqu\u00e9e.<br \/>Le Da Vinci Club sera le lieu id\u00e9al pour vous accueillir et vous faire passer une soir\u00e9e de rire sous le signe de la bonne humeur. Pour cette occasion, vous pourrez vous restaurer avec les plateaux de tapas propos\u00e9s par le chef du restaurant.<\/p>\n<p><a class=\"url\" href=\"https:\/\/www.grenoble-tourisme.com\/fr\/decouvrir\/evenements\/agenda\/detail\/da-vinci-comedy-club-7293979\/\" target=\"_blank\" rel=\"nofollow noopener\">Je prends ma place !<\/a><\/p>\n<tr>\n<td class=\"defaut\"><a href=\"https:\/\/www.radioscoop.com\/agenda\/javascript:void(0)\" onclick=\"parent.RS.diaporama.addMedia(701742) ;\" rel=\"nofollow noopener\" target=\"_blank\"><img loading=\"lazy\" decoding=\"async\" src=\"https:\/\/www.europesays.com\/fr\/wp-content\/uploads\/2025\/07\/1753664851_704_img\" width=\"640\" height=\"363\" border=\"0\" title=\"hzbchz\"\/><\/a><\/td>\n<\/tr>\n<p><p>Les Bons Plans \u00e0 Chamb\u00e9ry :<\/p>\n<p><\/p>\n<p> <b>Rendez-vous : le 1er et le 2 ao\u00fbt, \u00e0 la Fontaine des \u00c9l\u00e9phants.<\/b><\/p>\n<p>Tenez-vous pr\u00eats, l&rsquo;\u00e9t\u00e9 2025 se vivra en deux roues \u00e0 Chamb\u00e9ry !<br \/>Ville d&rsquo;arriv\u00e9e le 1er ao\u00fbt et ville de d\u00e9part le 2 ao\u00fbt, la Cit\u00e9 des ducs accueille le Tour de France Femmes avec Zwift pour l&rsquo;avant derni\u00e8re \u00e9tape du Tour.<br \/>Entre ville et montagnes, venez d\u00e9couvrir un des plus beaux parcours de Savoie qui donnera la part belle au patrimoine chamb\u00e9rien autant qu&rsquo;aux richesses des deux parcs naturels r\u00e9gionaux du massif des Bauges et de Chartreuse.<\/p>\n<p>Du 31 juillet au 2 ao\u00fbt 2025, plongez-vous dans l&rsquo;ambiance du Tour et profitez des nombreuses animations organis\u00e9es sur le Village du Tour, en plein c\u0153ur de Chamb\u00e9ry.<\/p>\n<p><a class=\"url\" href=\"https:\/\/www.chambery.fr\/agenda\/34028\/153-le-tour-de-france-femmes-2025-fait-etape-s-a-chambery.htm?periode=261860\/\" target=\"_blank\" rel=\"nofollow noopener\">Je prends ma place !<\/a><\/p>\n<tr>\n<td class=\"defaut\"><a href=\"https:\/\/www.radioscoop.com\/agenda\/javascript:void(0)\" onclick=\"parent.RS.diaporama.addMedia(701741) ;\" rel=\"nofollow noopener\" target=\"_blank\"><img loading=\"lazy\" decoding=\"async\" src=\"https:\/\/www.europesays.com\/fr\/wp-content\/uploads\/2025\/07\/1753664852_496_img\" width=\"452\" height=\"640\" border=\"0\" title=\"hbvfzj\"\/><\/a><\/td>\n<\/tr>\n<p><\/p>\n","protected":false},"excerpt":{"rendered":"Chaque semaine, retrouvez les meilleurs bons plans de Grenoble et Chamb\u00e9ry ! Que vous soyez \u00e0 la recherche&hellip;\n","protected":false},"author":2,"featured_media":278533,"comment_status":"","ping_status":"","sticky":false,"template":"","format":"standard","meta":{"footnotes":""},"categories":[9566],"tags":[1111,11,2430,677,12362,1777,674,1011,27,2731,12,7518,25],"class_list":{"0":"post-278532","1":"post","2":"type-post","3":"status-publish","4":"format-standard","5":"has-post-thumbnail","7":"category-grenoble","8":"tag-actu","9":"tag-actualites","10":"tag-auvergne-rhone-alpes","11":"tag-bons-plans","12":"tag-chambry","13":"tag-eu","14":"tag-europe","15":"tag-fr","16":"tag-france","17":"tag-grenoble","18":"tag-news","19":"tag-octobre","20":"tag-republique-francaise"},"share_on_mastodon":{"url":"https:\/\/pubeurope.com\/@fr\/114928185808325519","error":""},"_links":{"self":[{"href":"https:\/\/www.europesays.com\/fr\/wp-json\/wp\/v2\/posts\/278532","targetHints":{"allow":["GET"]}}],"collection":[{"href":"https:\/\/www.europesays.com\/fr\/wp-json\/wp\/v2\/posts"}],"about":[{"href":"https:\/\/www.europesays.com\/fr\/wp-json\/wp\/v2\/types\/post"}],"author":[{"embeddable":true,"href":"https:\/\/www.europesays.com\/fr\/wp-json\/wp\/v2\/users\/2"}],"replies":[{"embeddable":true,"href":"https:\/\/www.europesays.com\/fr\/wp-json\/wp\/v2\/comments?post=278532"}],"version-history":[{"count":0,"href":"https:\/\/www.europesays.com\/fr\/wp-json\/wp\/v2\/posts\/278532\/revisions"}],"wp:featuredmedia":[{"embeddable":true,"href":"https:\/\/www.europesays.com\/fr\/wp-json\/wp\/v2\/media\/278533"}],"wp:attachment":[{"href":"https:\/\/www.europesays.com\/fr\/wp-json\/wp\/v2\/media?parent=278532"}],"wp:term":[{"taxonomy":"category","embeddable":true,"href":"https:\/\/www.europesays.com\/fr\/wp-json\/wp\/v2\/categories?post=278532"},{"taxonomy":"post_tag","embeddable":true,"href":"https:\/\/www.europesays.com\/fr\/wp-json\/wp\/v2\/tags?post=278532"}],"curies":[{"name":"wp","href":"https:\/\/api.w.org\/{rel}","templated":true}]}}