{"id":278534,"date":"2025-07-28T01:08:17","date_gmt":"2025-07-28T01:08:17","guid":{"rendered":"https:\/\/www.europesays.com\/fr\/278534\/"},"modified":"2025-07-28T01:08:17","modified_gmt":"2025-07-28T01:08:17","slug":"a-rennes-des-travaux-compliquent-la-circulation-pres-du-pont-de-nantes","status":"publish","type":"post","link":"https:\/\/www.europesays.com\/fr\/278534\/","title":{"rendered":"\u00c0 Rennes, des travaux compliquent la circulation pr\u00e8s du pont de Nantes"},"content":{"rendered":"<p>Rennes m\u00e9tropole et la ville de Rennes (Ille-et-Vilaine) entreprennent ou autorisent des travaux qui entra\u00eenent des modifications des conditions de circulation, \u00e0 retrouver <a href=\"https:\/\/travaux.rennesmetropole.fr\/meteo-travaux\/\" target=\"_blank\" rel=\"noopener\">sur leur site internet.<\/a><\/p>\n<p>Boulevard de la Tour d\u2019Auvergne<\/p>\n<p>Jusqu\u2019au vendredi 1er\u00a0ao\u00fbt, la circulation est interdite dans le sens sud-nord, \u00e0 l\u2019intersection &#8230;<\/p>\n<p>\u00a0<\/p>\n","protected":false},"excerpt":{"rendered":"Rennes m\u00e9tropole et la ville de Rennes (Ille-et-Vilaine) entreprennent ou autorisent des travaux qui entra\u00eenent des modifications des&hellip;\n","protected":false},"author":2,"featured_media":278535,"comment_status":"","ping_status":"","sticky":false,"template":"","format":"standard","meta":{"footnotes":""},"categories":[2821],"tags":[1111,11,829,3542,41793,1777,674,1011,27,766,12,5604,3762,584,25,2086],"class_list":{"0":"post-278534","1":"post","2":"type-post","3":"status-publish","4":"format-standard","5":"has-post-thumbnail","7":"category-rennes","8":"tag-actu","9":"tag-actualites","10":"tag-bretagne","11":"tag-circulation","12":"tag-compliquent","13":"tag-eu","14":"tag-europe","15":"tag-fr","16":"tag-france","17":"tag-nantes","18":"tag-news","19":"tag-pont","20":"tag-pres","21":"tag-rennes","22":"tag-republique-francaise","23":"tag-travaux"},"share_on_mastodon":{"url":"https:\/\/pubeurope.com\/@fr\/114928189679846163","error":""},"_links":{"self":[{"href":"https:\/\/www.europesays.com\/fr\/wp-json\/wp\/v2\/posts\/278534","targetHints":{"allow":["GET"]}}],"collection":[{"href":"https:\/\/www.europesays.com\/fr\/wp-json\/wp\/v2\/posts"}],"about":[{"href":"https:\/\/www.europesays.com\/fr\/wp-json\/wp\/v2\/types\/post"}],"author":[{"embeddable":true,"href":"https:\/\/www.europesays.com\/fr\/wp-json\/wp\/v2\/users\/2"}],"replies":[{"embeddable":true,"href":"https:\/\/www.europesays.com\/fr\/wp-json\/wp\/v2\/comments?post=278534"}],"version-history":[{"count":0,"href":"https:\/\/www.europesays.com\/fr\/wp-json\/wp\/v2\/posts\/278534\/revisions"}],"wp:featuredmedia":[{"embeddable":true,"href":"https:\/\/www.europesays.com\/fr\/wp-json\/wp\/v2\/media\/278535"}],"wp:attachment":[{"href":"https:\/\/www.europesays.com\/fr\/wp-json\/wp\/v2\/media?parent=278534"}],"wp:term":[{"taxonomy":"category","embeddable":true,"href":"https:\/\/www.europesays.com\/fr\/wp-json\/wp\/v2\/categories?post=278534"},{"taxonomy":"post_tag","embeddable":true,"href":"https:\/\/www.europesays.com\/fr\/wp-json\/wp\/v2\/tags?post=278534"}],"curies":[{"name":"wp","href":"https:\/\/api.w.org\/{rel}","templated":true}]}}