{"id":278543,"date":"2025-07-28T01:14:12","date_gmt":"2025-07-28T01:14:12","guid":{"rendered":"https:\/\/www.europesays.com\/fr\/278543\/"},"modified":"2025-07-28T01:14:12","modified_gmt":"2025-07-28T01:14:12","slug":"les-escales-transformer-des-milliers-de-rushs-en-un-clip-la-folle-mission-de-ces-videastes-2","status":"publish","type":"post","link":"https:\/\/www.europesays.com\/fr\/278543\/","title":{"rendered":"Les Escales. Transformer des milliers de rushs en un clip\u2026 la folle mission de ces vid\u00e9astes"},"content":{"rendered":"<p>C\u2019est le petit bonbon de la rentr\u00e9e. Celui que l\u2019on d\u00e9guste une fois la parenth\u00e8se estivale achev\u00e9e. <a href=\"https:\/\/nantes.maville.com\/actu\/actudet_-video.-le-festival-des-escales-replonge-en-3-minutes-30-dans-une-edition-2023-historique-_52719-5929339_actu.Htm\" target=\"_blank\" rel=\"noopener\">Chaque ann\u00e9e, la r\u00e9alisation de l\u2019aftermovie est un temps fort attendu du festival des Escales \u00e0 Saint-Nazaire.<\/a> S\u2019il se d\u00e9voile d\u00e9but septembre, il se con\u00e7oit durant les trois jours de l\u2019\u00e9v\u00e9nement.<\/p>\n<p>Derri\u00e8re ce clip, la soci\u00e9t\u00e9 de production Clack. Bas\u00e9e \u00e0 Nantes, elle collabore r\u00e9guli\u00e8rement avec des \u00e9v\u00e9nements tels que le<a href=\"https:\/\/www.ouest-france.fr\/festivals\/hellfest\/\" target=\"_blank\" rel=\"noopener\"> Hellfest<\/a>, les Nuits secr\u00e8tes et <a href=\"https:\/\/www.ouest-france.fr\/festivals\/les-escales\/\" target=\"_blank\" rel=\"noopener\">les Escales<\/a>. <strong>\u00ab\u00a0C\u2019est la quatri\u00e8me ann\u00e9e que nous travaillons avec eux. On commence \u00e0 \u00eatre pas mal rod\u00e9\u00a0\u00bb,<\/strong> expose Axel Vanlerberghe. Cette ann\u00e9e, le vid\u00e9aste a embarqu\u00e9, avec lui, quatre coll\u00e8gues cadreurs, dronistes et une palanqu\u00e9e de cam\u00e9ras, appareils photos et tr\u00e9pieds.<\/p>\n<p><strong>Lire aussi\u00a0:<\/strong>\u00a0<a href=\"https:\/\/nantes.maville.com\/actu\/actudet_-en-images.-philippe-katerine-air...-revivez-la-2e-soiree-bouillonnante-des-escales-a-saint-nazaire-_8-6915227_actu.Htm\" target=\"_blank\" rel=\"noopener\">EN IMAGES. Philippe Katerine, Air\u2026 Revivez la 2e soir\u00e9e bouillonnante des Escales \u00e0 Saint-Nazaire<\/a><\/p>\n<p>\u00ab\u00a0Environ un t\u00e9ra d\u2019images\u00a0\u00bb enregistr\u00e9es<\/p>\n<p>Durant trois jours, cette escouade parcourt, en long en large et en travers, tous les recoins des Escales. <strong>\u00ab\u00a0C\u2019est intense. On n\u2019est pas vraiment l\u00e0 pour faire la f\u00eate mais c\u2019est un cadre de travail g\u00e9nial\u00a0\u00bb,<\/strong> partage Axel. Lui et son \u00e9quipe capturent tout ce qui fait le festival\u00a0: les concerts, le public et les \u00e9motions qui s\u2019y cr\u00e9ent. Apr\u00e8s trois jours de course, l\u2019\u00e9quipe de Clack se retrouve avec<strong> \u00ab\u00a0\u00e0 peu pr\u00e8s un t\u00e9ra d\u2019images\u00a0\u00bb,<\/strong> soit l\u2019\u00e9quivalent de milliers de rushs \u00e0 compiler dans une vid\u00e9o de trois ou quatre minutes.<\/p>\n<p>Le montage d\u00e9marre d\u00e8s la fin du festival. Particularit\u00e9 cette ann\u00e9e\u00a0: <a href=\"https:\/\/nantes.maville.com\/actu\/actudet_-les-escales-presentent-meena-l-heroine-de-l-edition-2025-du-festival-_8-6610874_actu.Htm\" target=\"_blank\" rel=\"noopener\">Meena, l\u2019effigie de cette 33e \u00e9dition, va \u00eatre incarn\u00e9e en festivali\u00e8re.<\/a><\/p>\n<p>\u00a0<\/p>\n","protected":false},"excerpt":{"rendered":"C\u2019est le petit bonbon de la rentr\u00e9e. Celui que l\u2019on d\u00e9guste une fois la parenth\u00e8se estivale achev\u00e9e. Chaque&hellip;\n","protected":false},"author":2,"featured_media":277893,"comment_status":"","ping_status":"","sticky":false,"template":"","format":"standard","meta":{"footnotes":""},"categories":[2818],"tags":[1111,11,30542,17880,1777,674,14898,1011,27,16755,1996,766,12,2636,25,41728,10776,41729],"class_list":{"0":"post-278543","1":"post","2":"type-post","3":"status-publish","4":"format-standard","5":"has-post-thumbnail","7":"category-nantes","8":"tag-actu","9":"tag-actualites","10":"tag-clip","11":"tag-escales","12":"tag-eu","13":"tag-europe","14":"tag-folle","15":"tag-fr","16":"tag-france","17":"tag-milliers","18":"tag-mission","19":"tag-nantes","20":"tag-news","21":"tag-pays-de-la-loire","22":"tag-republique-francaise","23":"tag-rushs","24":"tag-transformer","25":"tag-videastes"},"share_on_mastodon":{"url":"https:\/\/pubeurope.com\/@fr\/114928213338465265","error":""},"_links":{"self":[{"href":"https:\/\/www.europesays.com\/fr\/wp-json\/wp\/v2\/posts\/278543","targetHints":{"allow":["GET"]}}],"collection":[{"href":"https:\/\/www.europesays.com\/fr\/wp-json\/wp\/v2\/posts"}],"about":[{"href":"https:\/\/www.europesays.com\/fr\/wp-json\/wp\/v2\/types\/post"}],"author":[{"embeddable":true,"href":"https:\/\/www.europesays.com\/fr\/wp-json\/wp\/v2\/users\/2"}],"replies":[{"embeddable":true,"href":"https:\/\/www.europesays.com\/fr\/wp-json\/wp\/v2\/comments?post=278543"}],"version-history":[{"count":0,"href":"https:\/\/www.europesays.com\/fr\/wp-json\/wp\/v2\/posts\/278543\/revisions"}],"wp:featuredmedia":[{"embeddable":true,"href":"https:\/\/www.europesays.com\/fr\/wp-json\/wp\/v2\/media\/277893"}],"wp:attachment":[{"href":"https:\/\/www.europesays.com\/fr\/wp-json\/wp\/v2\/media?parent=278543"}],"wp:term":[{"taxonomy":"category","embeddable":true,"href":"https:\/\/www.europesays.com\/fr\/wp-json\/wp\/v2\/categories?post=278543"},{"taxonomy":"post_tag","embeddable":true,"href":"https:\/\/www.europesays.com\/fr\/wp-json\/wp\/v2\/tags?post=278543"}],"curies":[{"name":"wp","href":"https:\/\/api.w.org\/{rel}","templated":true}]}}