{"id":27855,"date":"2025-04-15T23:27:09","date_gmt":"2025-04-15T23:27:09","guid":{"rendered":"https:\/\/www.europesays.com\/fr\/27855\/"},"modified":"2025-04-15T23:27:09","modified_gmt":"2025-04-15T23:27:09","slug":"volley-ball-le-vma-sen-sort-et-soffre-une-chance-lors-dun-cinquieme-match-lalsace","status":"publish","type":"post","link":"https:\/\/www.europesays.com\/fr\/27855\/","title":{"rendered":"Volley-ball. Le VMA s&#039;en sort et s&#039;offre une chance lors d&#039;un cinqui\u00e8me match &#8211; L&#039;Alsace"},"content":{"rendered":"<ol>\n<li><a href=\"https:\/\/news.google.com\/rss\/articles\/CBMi_AFBVV95cUxQMDV0b1VWaEVSdUxfV1RHMmhxeE5hd0NkVjFReTZkWU9uTmlOLW1SMzh5LUVKblRPNW9TVFJzYWFlWXBldmI0SWk3ZlBxVjI2TnFjYlVDWHFtSnNzcjNaOFBDbkRid3lBRjlpZ0ZaV3RRT2FUT2dPUWFGUk80bWh2MlpwT25qYnMzQlBNQVYtd2FyejZ6NW90a1p3cVdOUUpaWnRYRG14QzA4ajBoM2REcnZtZTVsY1AxclhUbnVKcTJTT2hXUnI3dVRSWlV6SGhBRGN2SWdNR1U4Y293clE2c1pTaWl0QVVLcDBCOTRBWHdMOXQxQ2U0OFNPcW8?oc=5\" target=\"_blank\" rel=\"nofollow noopener\">Volley-ball. Le VMA s&rsquo;en sort et s&rsquo;offre une chance lors d&rsquo;un cinqui\u00e8me match<\/a>&nbsp;&nbsp;L&rsquo;Alsace<\/li>\n<li><a href=\"https:\/\/news.google.com\/rss\/articles\/CBMiggJBVV95cUxQeWRINldFT0c5Sm9OczZNclBmT2ZrVGxmaWtGd0wxM1pCbDI4VjZ1UG5FWHBLRWNRdVh3ZHEzdk5KczZzcDE3Z3pKbDRJTmwzaHZlMG1lemtJckQxODZORF8yUVYzcS1uZlFVQUlyNHBHUzFzNTV6SEtwZWhiSVdGWi1NeTFrSV9RalI4ZEMteUNRUHV2ZWkxR284ZHFXQ04tbUE4YmtfYU1NMV9tQm9nekNfSzNzMF9wYVVQV1JTZzBEenh2Z195Y2RiV0huN2VncXBDU0N3dmY5SDVmWWJSS2FHczJRYjhPMkpiZklWemFZWVJuOXc3TzRQR21VSWtZT0E?oc=5\" target=\"_blank\" rel=\"nofollow noopener\">Volley-ball. Ligue AF (quart de finale, match 4) : Nantes rate une premi\u00e8re balle de match<\/a>&nbsp;&nbsp;Ouest-France<\/li>\n<li><a href=\"https:\/\/news.google.com\/rss\/articles\/CBMie0FVX3lxTE0yUG9ZcWNBYThEaFp0M1VwVjVZNUpBd1RkeWpaRWVSUU1PdWVodnB2M0RmS2dWbjdpcFdYTmIxOHktM1ZjdGtmcS1wdzZ0cDJhZGx4N0IxTVJnT0RSS0tOMUpDRDNCNHB2VGNDU3I3aWpnRjR2a3FJNGhOQQ?oc=5\" target=\"_blank\" rel=\"nofollow noopener\">Volley-ball. Ligue A f\u00e9minine : Mulhouse arrache un cinqui\u00e8me match<\/a>&nbsp;&nbsp;les Derni\u00e8res Nouvelles d&rsquo;Alsace<\/li>\n<li><a href=\"https:\/\/news.google.com\/rss\/articles\/CBMi4gFBVV95cUxPWWFHU2tYTV9RbERUdk1rV0pOM245UGc5Q3VoQ1dpOHJDS0hlU2dZMFZSdG92RnpHZGM5MGM1Rkh6ejRZV1dnMnJ1YUhYSnduNTZ4bWh1UmhaVXRQOEZKbUVLRlFHY1dNRGh5MVFrTnFBUS1kTGlGVmFiRHFFdzc0c0JZTThWa3F3MkIxbEIwTC1ZYnE4R3VDWXlmOVFCRWV6VGhNV3drRXJQeWZUX0dlQTl5VFFZX1ZqQS1ESW1LOHZ4R01wRVBkY0ZHQWZPZEZBSy02VzFNV0hKbktnOHlmQjR3?oc=5\" target=\"_blank\" rel=\"nofollow noopener\">Volley-ball. Ligue AF : \u00ab On a montr\u00e9 notre capacit\u00e9 \u00e0 r\u00e9agir \u00bb, savoure C\u00e9sar Hernandez<\/a>&nbsp;&nbsp;Maville.com<\/li>\n<li><a href=\"https:\/\/news.google.com\/rss\/articles\/CBMi_AFBVV95cUxNMG1KOXppWTVuZ2V1Qm5vaU93X2lWdmpKODdTUFdURVpwcEY4WjhrN3hwT3UwcGdWX1gtMExYWXRTcWM0OUE3UWlEVWtubFpNSFpMVTRySzYza3pCRjh3Qi1tZW5rYmxfb2pKZXNkV1JRQnBBNERqSjFZMjBOaFhzSG9ieFRsb0xXNXNBYzNGcllmZURRUEw4c3Y2cFpQOGJweURoa05PaU9tSDQ5eF8wSFhzMGRnQzJZei1rMTVTQ3JvMEZpMEQ4Q0R5RG80Q0FMUlFneTR3Yzd5bjFhTmRlUjk5Z0ZkS2RiUUQtazlOcUk4UG9fbnpjLS1LS1k?oc=5\" target=\"_blank\" rel=\"nofollow noopener\">Loire Atlantique &#8211; Volley-ball. Ligue AF (quart de finale, match 4) : Nantes rate une premi\u00e8re<\/a>&nbsp;&nbsp;Maville.com Saint Brieuc<\/li>\n<\/ol>\n","protected":false},"excerpt":{"rendered":"Volley-ball. Le VMA s&rsquo;en sort et s&rsquo;offre une chance lors d&rsquo;un cinqui\u00e8me match&nbsp;&nbsp;L&rsquo;Alsace Volley-ball. Ligue AF (quart de&hellip;\n","protected":false},"author":2,"featured_media":1445,"comment_status":"","ping_status":"","sticky":false,"template":"","format":"standard","meta":{"footnotes":""},"categories":[1417],"tags":[1011,27,60,1470,1469],"class_list":{"0":"post-27855","1":"post","2":"type-post","3":"status-publish","4":"format-standard","5":"has-post-thumbnail","7":"category-volley","8":"tag-fr","9":"tag-france","10":"tag-sports","11":"tag-volley","12":"tag-volleyball"},"share_on_mastodon":{"url":"https:\/\/pubeurope.com\/@fr\/114344574546721372","error":""},"_links":{"self":[{"href":"https:\/\/www.europesays.com\/fr\/wp-json\/wp\/v2\/posts\/27855","targetHints":{"allow":["GET"]}}],"collection":[{"href":"https:\/\/www.europesays.com\/fr\/wp-json\/wp\/v2\/posts"}],"about":[{"href":"https:\/\/www.europesays.com\/fr\/wp-json\/wp\/v2\/types\/post"}],"author":[{"embeddable":true,"href":"https:\/\/www.europesays.com\/fr\/wp-json\/wp\/v2\/users\/2"}],"replies":[{"embeddable":true,"href":"https:\/\/www.europesays.com\/fr\/wp-json\/wp\/v2\/comments?post=27855"}],"version-history":[{"count":0,"href":"https:\/\/www.europesays.com\/fr\/wp-json\/wp\/v2\/posts\/27855\/revisions"}],"wp:featuredmedia":[{"embeddable":true,"href":"https:\/\/www.europesays.com\/fr\/wp-json\/wp\/v2\/media\/1445"}],"wp:attachment":[{"href":"https:\/\/www.europesays.com\/fr\/wp-json\/wp\/v2\/media?parent=27855"}],"wp:term":[{"taxonomy":"category","embeddable":true,"href":"https:\/\/www.europesays.com\/fr\/wp-json\/wp\/v2\/categories?post=27855"},{"taxonomy":"post_tag","embeddable":true,"href":"https:\/\/www.europesays.com\/fr\/wp-json\/wp\/v2\/tags?post=27855"}],"curies":[{"name":"wp","href":"https:\/\/api.w.org\/{rel}","templated":true}]}}