{"id":278550,"date":"2025-07-28T01:21:19","date_gmt":"2025-07-28T01:21:19","guid":{"rendered":"https:\/\/www.europesays.com\/fr\/278550\/"},"modified":"2025-07-28T01:21:19","modified_gmt":"2025-07-28T01:21:19","slug":"le-psg-a-fait-une-premiere-offre-a-lille-pour-chevalier-2","status":"publish","type":"post","link":"https:\/\/www.europesays.com\/fr\/278550\/","title":{"rendered":"Le PSG a fait une premi\u00e8re offre \u00e0 Lille pour Chevalier"},"content":{"rendered":"<p><img width=\"700\" height=\"350\" src=\"https:\/\/www.europesays.com\/fr\/wp-content\/uploads\/2025\/07\/Lucas-Chevalier.jpg\" class=\"attachment-jannah-image-post size-jannah-image-post wp-post-image\" alt=\"Lucas Chevalier\" is_main_img=\"1\" decoding=\"async\" fetchpriority=\"high\"  \/><\/p>\n<p>Depuis hier, le dossier Lucas Chevalier s\u2019est acc\u00e9l\u00e9r\u00e9.<br \/>\nApr\u00e8s avoir trouv\u00e9 un accord avec le gardien, le PSG a envoy\u00e9 une<br \/>\npremi\u00e8re offre \u00e0 Lille pour le gardien.\u00a0<\/p>\n<p>Avec le dossier de la prolongation de <strong><a href=\"https:\/\/canal-supporters.com\/une-offre-venue-de-turquie-pour-gianluigi-donnarumma\/\" title=\"\" target=\"_blank\" rel=\"noopener\">Gianluigi Donnarumma<\/a><\/strong> au point mort, le<br \/>\n<strong>PSG<\/strong> s\u2019est pench\u00e9 sur d\u2019autres pistes pour son<br \/>\nposte de gardien de but. Hier, on expliquait que le club de la<br \/>\ncapitale avait acc\u00e9l\u00e9r\u00e9 dans ce dossier avec un <a href=\"https:\/\/canal-supporters.com\/un-accord-trouve-dans-les-grandes-lignes-avec-chevalier\/\" title=\"\" target=\"_blank\" rel=\"noopener\">accord trouv\u00e9<\/a> avec le portier de<br \/>\n<strong>Lille<\/strong> pour un contrat de cinq ans. Il ne manquait<br \/>\nplus que de trouver un accord avec le <strong>LOSC<\/strong> pour<br \/>\nque ce dernier laisse filer son dernier rempart.<\/p>\n<p>A voir aussi : <a href=\"https:\/\/canal-supporters.com\/mercato-psg-le-dossier-lucas-chevalier-valide-par-luis-enrique\/\" title=\"\" target=\"_blank\" rel=\"noopener\">Mercato PSG \u2013 Le dossier Lucas Chevalier valid\u00e9 par Luis<br \/>\nEnrique<\/a><\/p>\n<p><a href=\"https:\/\/x.com\/CanalSupporters\" target=\"_blank\" rel=\"noopener\" title=\"\">canalsupporters.com<\/a><\/p>\n<p>Lille va refuser<br \/>\ncette derni\u00e8re<\/p>\n<p>Ce dimanche soir, <a href=\"https:\/\/www.lequipe.fr\/Football\/Actualites\/Mercato-le-psg-a-envoye-une-premiere-offre-a-lille-pour-lucas-chevalier\/1581282\" target=\"_blank\" rel=\"noopener\" title=\"\">L\u2019Equipe<\/a> indique<br \/>\nque le <strong>PSG<\/strong> s\u2019est rapproch\u00e9 de<br \/>\n<strong>Lille<\/strong> en faisant une premi\u00e8re offre pour<br \/>\n<strong>Lucas Chevalier<\/strong>. Cette derni\u00e8re est estim\u00e9e \u00e0<br \/>\nmoins de 40 millions d\u2019euros. Le quotidien sportif indique que<br \/>\nLille devrait la refuser. Le club nordiste attend au moins 40<br \/>\nmillions d\u2019euros et souhaite avoir trouv\u00e9 un rempla\u00e7ant avant de<br \/>\nlaisser partir <strong>Chevalier<\/strong>. La priorit\u00e9 lilloise se<br \/>\nnomme <strong>Anton\u00edn Kinsk\u00fd.<\/strong> Un pr\u00eat est en cours de<br \/>\nn\u00e9gociation avec <strong>Tottenham<\/strong>, conclut<br \/>\nL\u2019Equipe.\u00a0<\/p><\/p>\n","protected":false},"excerpt":{"rendered":"Depuis hier, le dossier Lucas Chevalier s\u2019est acc\u00e9l\u00e9r\u00e9. Apr\u00e8s avoir trouv\u00e9 un accord avec le gardien, le PSG&hellip;\n","protected":false},"author":2,"featured_media":278447,"comment_status":"","ping_status":"","sticky":false,"template":"","format":"standard","meta":{"footnotes":""},"categories":[2815],"tags":[1111,11,81,38756,787,1777,674,1011,27,8772,811,1307,2267,4668,1434,1435,12,626,91,92,12983,93,25,96],"class_list":{"0":"post-278550","1":"post","2":"type-post","3":"status-publish","4":"format-standard","5":"has-post-thumbnail","7":"category-lille","8":"tag-actu","9":"tag-actualites","10":"tag-canal-supporters","11":"tag-chevalier","12":"tag-cs","13":"tag-eu","14":"tag-europe","15":"tag-fr","16":"tag-france","17":"tag-gardien","18":"tag-hauts-de-france","19":"tag-lille","20":"tag-losc","21":"tag-lucas-chevalier","22":"tag-mercato","23":"tag-mercato-psg","24":"tag-news","25":"tag-paris","26":"tag-paris-saint-germain","27":"tag-paris-sg","28":"tag-portier","29":"tag-psg","30":"tag-republique-francaise","31":"tag-une"},"share_on_mastodon":{"url":"https:\/\/pubeurope.com\/@fr\/114928240794651106","error":""},"_links":{"self":[{"href":"https:\/\/www.europesays.com\/fr\/wp-json\/wp\/v2\/posts\/278550","targetHints":{"allow":["GET"]}}],"collection":[{"href":"https:\/\/www.europesays.com\/fr\/wp-json\/wp\/v2\/posts"}],"about":[{"href":"https:\/\/www.europesays.com\/fr\/wp-json\/wp\/v2\/types\/post"}],"author":[{"embeddable":true,"href":"https:\/\/www.europesays.com\/fr\/wp-json\/wp\/v2\/users\/2"}],"replies":[{"embeddable":true,"href":"https:\/\/www.europesays.com\/fr\/wp-json\/wp\/v2\/comments?post=278550"}],"version-history":[{"count":0,"href":"https:\/\/www.europesays.com\/fr\/wp-json\/wp\/v2\/posts\/278550\/revisions"}],"wp:featuredmedia":[{"embeddable":true,"href":"https:\/\/www.europesays.com\/fr\/wp-json\/wp\/v2\/media\/278447"}],"wp:attachment":[{"href":"https:\/\/www.europesays.com\/fr\/wp-json\/wp\/v2\/media?parent=278550"}],"wp:term":[{"taxonomy":"category","embeddable":true,"href":"https:\/\/www.europesays.com\/fr\/wp-json\/wp\/v2\/categories?post=278550"},{"taxonomy":"post_tag","embeddable":true,"href":"https:\/\/www.europesays.com\/fr\/wp-json\/wp\/v2\/tags?post=278550"}],"curies":[{"name":"wp","href":"https:\/\/api.w.org\/{rel}","templated":true}]}}