{"id":278557,"date":"2025-07-28T01:28:26","date_gmt":"2025-07-28T01:28:26","guid":{"rendered":"https:\/\/www.europesays.com\/fr\/278557\/"},"modified":"2025-07-28T01:28:26","modified_gmt":"2025-07-28T01:28:26","slug":"montmartre-au-programme-decouvrez-le-parcours-de-la-derniere-etape","status":"publish","type":"post","link":"https:\/\/www.europesays.com\/fr\/278557\/","title":{"rendered":"Montmartre au programme ! D\u00e9couvrez le parcours de la derni\u00e8re \u00e9tape"},"content":{"rendered":"<p>            Par<br \/>\n        <strong><br \/>\n            <a href=\"https:\/\/actu.fr\/auteur\/maxime-tsjoen\" title=\"Consulter tous les articles de Maxime T&#039;sjoen\" rel=\"nofollow noopener\" target=\"_blank\">Maxime T&rsquo;sjoen<\/a><br \/>\n        <\/strong><\/p>\n<p>        Publi\u00e9 le<\/p>\n<p>            27 juil. 2025 \u00e0 8h02<br \/>\n        ; mis \u00e0 jour le 27 juil. 2025 \u00e0 9h43    <\/p>\n<p>Montmartre est de retour ! Un peu moins d\u2019<a href=\"https:\/\/actu.fr\/sports\/cyclisme\/jo-2024-cyclisme-valentin-madouas-remporte-une-magnifique-medaille-d-argent-christophe-laporte-en-bronze_61442904.html\" rel=\"nofollow noopener\" target=\"_blank\">un an apr\u00e8s les Jeux olympiques<\/a> qui nous ont r\u00e9gal\u00e9s dans la mont\u00e9e de la rue Lepic, A.S.O, l\u2019organisateur du Tour de France a d\u00e9cid\u00e9 de remettre un parcours similaire au programme ce dimanche 27 juillet 2025 \u00e0 l\u2019occasion de la derni\u00e8re \u00e9tape.\u00a0<\/p>\n<p>    <img   decoding=\"async\" loading=\"lazy\" src=\"https:\/\/www.europesays.com\/fr\/wp-content\/uploads\/2025\/07\/tdf25-et21-cartepot-v3-1-960x640.png\" alt=\"La carte de la derni\u00e8re \u00e9tape du Tour de France 2025.\" width=\"960\" height=\"640\"\/><br \/>\n    La carte de la derni\u00e8re \u00e9tape du Tour de France 2025. (\u00a9G\u00e9oatlas)<\/p>\n<p class=\" wall-content\">Cela promet du spectacle (suppl\u00e9ment brin de nostalgie), et c\u2019est exactement ce que voulaient les organisateurs.\u00a0<\/p>\n<p>Du spectacle !\u00a0<\/p>\n<p class=\" wall-content\">Au d\u00e9part de Mantes-La-Ville, le peloton prendra la direction de la capitale.\u00a0<\/p>\n<p class=\" wall-content\">Concr\u00e8tement, pas d\u2019\u00e9normes difficult\u00e9s avant d\u2019arriver \u00e0 Paris. Il y aura bien la c\u00f4te de Bazermont et celle du pav\u00e9 de la garde, mais rien de bien m\u00e9chant. Une fois dans les rues de la ville lumi\u00e8re, le peloton fera trois tours des Champs-\u00c9lys\u00e9es, via le circuit traditionnel d\u2019une derni\u00e8re \u00e9tape de Tour.\u00a0<\/p>\n<p class=\" wall-content\">Mais c\u2019est apr\u00e8s que cela se corse. Puisque les coureurs vont bifurquer vers un autre circuit qui, cette fois, passera par la butte Montmartre. Et c\u2019est l\u00e0 qu\u2019une course pour puncheur va s\u2019engager. Car pour rappel, cette mont\u00e9e vers le Sacr\u00e9-Coeur, c\u2019est 1,1 km \u00e0 5,9 %. Une belle c\u00f4te \u00e0 se farcir trois fois. Propices \u00e0 des attaques.\u00a0<\/p>\n<p>    <img   decoding=\"async\" loading=\"lazy\" src=\"https:\/\/www.europesays.com\/fr\/wp-content\/uploads\/2025\/07\/tdf25-profil-et21-1-960x640.png\" alt=\"La carte de la derni\u00e8re \u00e9tape du Tour de France 2025.\" width=\"960\" height=\"640\"\/><br \/>\n    La carte de la derni\u00e8re \u00e9tape du Tour de France 2025. (\u00a9A.S.O)<\/p>\n<p class=\" wall-content\">Le parcours n\u2019est pas tout \u00e0 fait le m\u00eame qu\u2019aux JO, car cette fois le peloton \u00e9vitera le pied de la rue Lepic. Chaque circuit fait 17 km pour une \u00e9tape qui en comptera 132.<\/p>\n<p>C\u00f4t\u00e9 histoire<\/p>\n<p>Cela fait 50 ans que le Tour arrive sur les Champs \u00c9lys\u00e9es. En 1975, Bernard Th\u00e9venet remporte le Tour de France \u00e0 Paris. C&rsquo;est la premi\u00e8re fois que la Grande Boucle se gagne sur la plus belle avenue du monde. Mais qui gagna l&rsquo;\u00e9tape du jour ? Un sprinteur belge, Walter Godefroot.<\/p>\n<p>Une victoire sur les Champs pour un non-sprinteur ?<\/p>\n<p class=\" wall-content\">Ce n\u2019est donc pas forc\u00e9ment un sprinteur qui s\u2019imposera sur les champs. De quoi donner l\u2019envie \u00e0 beaucoup (Wout Van Aert ?) d\u2019aller chercher une victoire de prestige. On conna\u00eet aussi Tadej Pogacar et sa volont\u00e9 de gagner partout.<\/p>\n<p class=\" wall-content\">On vous conseille de regarder vers 18 h 10 et la bifurcation vers le circuit de Montmartre.<\/p>\n<p class=\" wall-content\">La course est \u00e0 suivre en int\u00e9gralit\u00e9 sur Eurosport et France TV.<\/p>\n<p class=\" wall-content\">Suivez toute l\u2019actualit\u00e9 de vos villes et m\u00e9dias favoris en vous inscrivant \u00e0 <a href=\"https:\/\/moncompte.actu.fr\" title=\"D\u00e9couvez Mon Actu\" rel=\"nofollow noopener\" data-trk=\"{&quot;cta&quot;:{&quot;action&quot;:&quot;https:\\\/\\\/moncompte.actu.fr&quot;,&quot;category&quot;:&quot;mon compte&quot;,&quot;from&quot;:&quot;article footer&quot;,&quot;name&quot;:&quot;Mon actu&quot;,&quot;type&quot;:&quot;cta&quot;}}\" target=\"_blank\">Mon Actu<\/a>.<\/p>\n","protected":false},"excerpt":{"rendered":"Par Maxime T&rsquo;sjoen Publi\u00e9 le 27 juil. 2025 \u00e0 8h02 ; mis \u00e0 jour le 27 juil. 2025&hellip;\n","protected":false},"author":2,"featured_media":278558,"comment_status":"","ping_status":"","sticky":false,"template":"","format":"standard","meta":{"footnotes":""},"categories":[1888],"tags":[1111,1928,11,1927,1777,674,1011,27,12,1926,626,1925,25,104,2116],"class_list":{"0":"post-278557","1":"post","2":"type-post","3":"status-publish","4":"format-standard","5":"has-post-thumbnail","7":"category-paris","8":"tag-actu","9":"tag-actu-paris","10":"tag-actualites","11":"tag-actualites-paris","12":"tag-eu","13":"tag-europe","14":"tag-fr","15":"tag-france","16":"tag-news","17":"tag-news-paris","18":"tag-paris","19":"tag-paris-news","20":"tag-republique-francaise","21":"tag-societe","22":"tag-tour-de-france-2025"},"share_on_mastodon":{"url":"https:\/\/pubeurope.com\/@fr\/114928268337761722","error":""},"_links":{"self":[{"href":"https:\/\/www.europesays.com\/fr\/wp-json\/wp\/v2\/posts\/278557","targetHints":{"allow":["GET"]}}],"collection":[{"href":"https:\/\/www.europesays.com\/fr\/wp-json\/wp\/v2\/posts"}],"about":[{"href":"https:\/\/www.europesays.com\/fr\/wp-json\/wp\/v2\/types\/post"}],"author":[{"embeddable":true,"href":"https:\/\/www.europesays.com\/fr\/wp-json\/wp\/v2\/users\/2"}],"replies":[{"embeddable":true,"href":"https:\/\/www.europesays.com\/fr\/wp-json\/wp\/v2\/comments?post=278557"}],"version-history":[{"count":0,"href":"https:\/\/www.europesays.com\/fr\/wp-json\/wp\/v2\/posts\/278557\/revisions"}],"wp:featuredmedia":[{"embeddable":true,"href":"https:\/\/www.europesays.com\/fr\/wp-json\/wp\/v2\/media\/278558"}],"wp:attachment":[{"href":"https:\/\/www.europesays.com\/fr\/wp-json\/wp\/v2\/media?parent=278557"}],"wp:term":[{"taxonomy":"category","embeddable":true,"href":"https:\/\/www.europesays.com\/fr\/wp-json\/wp\/v2\/categories?post=278557"},{"taxonomy":"post_tag","embeddable":true,"href":"https:\/\/www.europesays.com\/fr\/wp-json\/wp\/v2\/tags?post=278557"}],"curies":[{"name":"wp","href":"https:\/\/api.w.org\/{rel}","templated":true}]}}